{"id":3393,"date":"2022-10-14T10:51:08","date_gmt":"2022-10-14T10:51:08","guid":{"rendered":"https:\/\/www.marinapalamos.com\/?p=3393"},"modified":"2022-10-17T12:28:51","modified_gmt":"2022-10-17T12:28:51","slug":"parking-palamos","status":"publish","type":"post","link":"https:\/\/www.marinapalamos.com\/ca\/parking-palamos\/","title":{"rendered":"El Parking del Port est\u00e0 obert a tothom!"},"content":{"rendered":"<div class=\"fusion-fullwidth fullwidth-box fusion-builder-row-1 fusion-flex-container nonhundred-percent-fullwidth non-hundred-percent-height-scrolling\" style=\"--awb-border-radius-top-left:0px;--awb-border-radius-top-right:0px;--awb-border-radius-bottom-right:0px;--awb-border-radius-bottom-left:0px;--awb-flex-wrap:wrap;\" ><div class=\"fusion-builder-row fusion-row fusion-flex-align-items-flex-start fusion-flex-content-wrap\" style=\"max-width:1300px;margin-left: calc(-4% \/ 2 );margin-right: calc(-4% \/ 2 );\"><div class=\"fusion-layout-column fusion_builder_column fusion-builder-column-0 fusion_builder_column_1_1 1_1 fusion-flex-column\" style=\"--awb-bg-size:cover;--awb-width-large:100%;--awb-margin-top-large:0px;--awb-spacing-right-large:1.92%;--awb-margin-bottom-large:20px;--awb-spacing-left-large:1.92%;--awb-width-medium:100%;--awb-order-medium:0;--awb-spacing-right-medium:1.92%;--awb-spacing-left-medium:1.92%;--awb-width-small:100%;--awb-order-small:0;--awb-spacing-right-small:1.92%;--awb-spacing-left-small:1.92%;\"><div class=\"fusion-column-wrapper fusion-column-has-shadow fusion-flex-justify-content-flex-start fusion-content-layout-column\"><div class=\"fusion-text fusion-text-1\" style=\"--awb-text-transform:none;\"><p>El Port Marina Palam\u00f3s vol cooperar a <strong>pal\u00b7liar la manca de places d\u2019estacionament existent a Palam\u00f3s.<\/strong><\/p>\n<p>Es per aix\u00f2 que des <strong>del 15 de Octubre fins el 15 de Maig<\/strong> l\u2019estacionament del Port estar\u00e0 disponible per tots els <strong>residents de Palam\u00f3s<\/strong> a unes<strong> tarifes exclusives i competitive<\/strong>s, diferents de les que s\u2019apliquen als no residents.<\/p>\n<p>Les tarifes aplicables son de <strong>55 euros\/mes<\/strong> i tamb\u00e9 hi ha un abonament de tot el per\u00edode (15 de Octubre a 15 de maig) per <strong>375 euros.<\/strong><\/p>\n<p>Som tarifes molt competitives tenint en compte que l\u2019estacionament es un<strong> recinte tancat amb vigil\u00e0ncia general<\/strong> (no individualitzada) les 24 hores del dia tant amb personal del Port com amb <strong>c\u00e0meres de seguretat.<\/strong><\/p>\n<p>La contractaci\u00f3 s\u2019ha de fer a les oficines del Port (edifici entrada a la dreta) i la residencia s\u2019ha d\u2019acreditar amb una <strong>c\u00f2pia del rebut de circulaci\u00f3 del vehicle.<\/strong><\/p>\n<p>L\u2019abonament tant de mes com de tota la temporada ser\u00e0 <strong>exclusivament per \u00fas del vehicle que es sol.liciti.<\/strong><\/p>\n<p>Esperem que aquesta iniciativa rebi una bona acollida per part dels palamosins.<\/p>\n<p>Us recordem que el <strong>Port Marina Palam\u00f3s es un espai p\u00fablic per l\u2019\u00fas i gaudi de tothom!<\/strong><\/p>\n<p>Remarcar que la validesa i duraci\u00f3 d&#8217;aquestes ofertes es el mateix per\u00edode, del 15 d&#8217;octubre al 15 de maig.<\/p>\n<p>Podeu trobar les tarifes aqu\u00ed: <strong><a href=\"https:\/\/www.marinapalamos.com\/servicios\/parking-marina-palamos\/\">marinapalamos.com\/servicios\/parking-marina-palamos\/<\/a><\/strong><\/p>\n<p>Seguir-nos a Instagram per estar informat de les novetats del port: <strong>i<a href=\"https:\/\/www.instagram.com\/portmarinapalamos\/\">nstagram.com\/portmarinapalamos\/<\/a><\/strong><\/p>\n<\/div><\/div><\/div><div class=\"fusion-layout-column fusion_builder_column fusion-builder-column-1 fusion_builder_column_1_4 1_4 fusion-flex-column\" style=\"--awb-bg-size:cover;--awb-width-large:25%;--awb-margin-top-large:0px;--awb-spacing-right-large:7.68%;--awb-margin-bottom-large:20px;--awb-spacing-left-large:7.68%;--awb-width-medium:25%;--awb-order-medium:0;--awb-spacing-right-medium:7.68%;--awb-spacing-left-medium:7.68%;--awb-width-small:100%;--awb-order-small:0;--awb-spacing-right-small:1.92%;--awb-spacing-left-small:1.92%;\"><div class=\"fusion-column-wrapper fusion-column-has-shadow fusion-flex-justify-content-flex-start fusion-content-layout-column\"><div class=\"fusion-image-element \" style=\"--awb-caption-title-font-family:var(--h2_typography-font-family);--awb-caption-title-font-weight:var(--h2_typography-font-weight);--awb-caption-title-font-style:var(--h2_typography-font-style);--awb-caption-title-size:var(--h2_typography-font-size);--awb-caption-title-transform:var(--h2_typography-text-transform);--awb-caption-title-line-height:var(--h2_typography-line-height);--awb-caption-title-letter-spacing:var(--h2_typography-letter-spacing);\"><span class=\" fusion-imageframe imageframe-none imageframe-1 hover-type-none\"><img decoding=\"async\" width=\"300\" height=\"225\" title=\"PORTMARINA_DR-41\" src=\"https:\/\/www.marinapalamos.com\/wp-content\/uploads\/2022\/10\/PORTMARINA_DR-41-1-300x225.jpg\" alt class=\"img-responsive wp-image-3409\" srcset=\"https:\/\/www.marinapalamos.com\/wp-content\/uploads\/2022\/10\/PORTMARINA_DR-41-1-200x150.jpg 200w, https:\/\/www.marinapalamos.com\/wp-content\/uploads\/2022\/10\/PORTMARINA_DR-41-1-400x300.jpg 400w, https:\/\/www.marinapalamos.com\/wp-content\/uploads\/2022\/10\/PORTMARINA_DR-41-1.jpg 500w\" sizes=\"(max-width: 640px) 100vw, 400px\" \/><\/span><\/div><\/div><\/div><div class=\"fusion-layout-column fusion_builder_column fusion-builder-column-2 fusion_builder_column_1_4 1_4 fusion-flex-column\" style=\"--awb-bg-size:cover;--awb-width-large:25%;--awb-margin-top-large:0px;--awb-spacing-right-large:7.68%;--awb-margin-bottom-large:20px;--awb-spacing-left-large:7.68%;--awb-width-medium:25%;--awb-order-medium:0;--awb-spacing-right-medium:7.68%;--awb-spacing-left-medium:7.68%;--awb-width-small:100%;--awb-order-small:0;--awb-spacing-right-small:1.92%;--awb-spacing-left-small:1.92%;\"><div class=\"fusion-column-wrapper fusion-column-has-shadow fusion-flex-justify-content-flex-start fusion-content-layout-column\"><div class=\"fusion-image-element \" style=\"--awb-caption-title-font-family:var(--h2_typography-font-family);--awb-caption-title-font-weight:var(--h2_typography-font-weight);--awb-caption-title-font-style:var(--h2_typography-font-style);--awb-caption-title-size:var(--h2_typography-font-size);--awb-caption-title-transform:var(--h2_typography-text-transform);--awb-caption-title-line-height:var(--h2_typography-line-height);--awb-caption-title-letter-spacing:var(--h2_typography-letter-spacing);\"><span class=\" fusion-imageframe imageframe-none imageframe-2 hover-type-none\"><img decoding=\"async\" width=\"300\" height=\"200\" title=\"PortMarina_General-139\" src=\"https:\/\/www.marinapalamos.com\/wp-content\/uploads\/2022\/10\/PortMarina_General-139-300x200.jpg\" alt class=\"img-responsive wp-image-3412\" srcset=\"https:\/\/www.marinapalamos.com\/wp-content\/uploads\/2022\/10\/PortMarina_General-139-200x133.jpg 200w, https:\/\/www.marinapalamos.com\/wp-content\/uploads\/2022\/10\/PortMarina_General-139-400x266.jpg 400w, https:\/\/www.marinapalamos.com\/wp-content\/uploads\/2022\/10\/PortMarina_General-139.jpg 500w\" sizes=\"(max-width: 640px) 100vw, 400px\" \/><\/span><\/div><\/div><\/div><div class=\"fusion-layout-column fusion_builder_column fusion-builder-column-3 fusion_builder_column_1_4 1_4 fusion-flex-column\" style=\"--awb-bg-size:cover;--awb-width-large:25%;--awb-margin-top-large:0px;--awb-spacing-right-large:7.68%;--awb-margin-bottom-large:20px;--awb-spacing-left-large:7.68%;--awb-width-medium:25%;--awb-order-medium:0;--awb-spacing-right-medium:7.68%;--awb-spacing-left-medium:7.68%;--awb-width-small:100%;--awb-order-small:0;--awb-spacing-right-small:1.92%;--awb-spacing-left-small:1.92%;\"><div class=\"fusion-column-wrapper fusion-column-has-shadow fusion-flex-justify-content-flex-start fusion-content-layout-column\"><div class=\"fusion-image-element \" style=\"--awb-caption-title-font-family:var(--h2_typography-font-family);--awb-caption-title-font-weight:var(--h2_typography-font-weight);--awb-caption-title-font-style:var(--h2_typography-font-style);--awb-caption-title-size:var(--h2_typography-font-size);--awb-caption-title-transform:var(--h2_typography-text-transform);--awb-caption-title-line-height:var(--h2_typography-line-height);--awb-caption-title-letter-spacing:var(--h2_typography-letter-spacing);\"><span class=\" fusion-imageframe imageframe-none imageframe-3 hover-type-none\"><img decoding=\"async\" width=\"300\" height=\"200\" title=\"PortMarina_General-15\" src=\"https:\/\/www.marinapalamos.com\/wp-content\/uploads\/2022\/10\/PortMarina_General-15-300x200.jpg\" alt class=\"img-responsive wp-image-3406\" srcset=\"https:\/\/www.marinapalamos.com\/wp-content\/uploads\/2022\/10\/PortMarina_General-15-200x133.jpg 200w, https:\/\/www.marinapalamos.com\/wp-content\/uploads\/2022\/10\/PortMarina_General-15-400x266.jpg 400w, https:\/\/www.marinapalamos.com\/wp-content\/uploads\/2022\/10\/PortMarina_General-15.jpg 500w\" sizes=\"(max-width: 640px) 100vw, 400px\" \/><\/span><\/div><\/div><\/div><div class=\"fusion-layout-column fusion_builder_column fusion-builder-column-4 fusion_builder_column_1_4 1_4 fusion-flex-column\" style=\"--awb-bg-size:cover;--awb-width-large:25%;--awb-margin-top-large:0px;--awb-spacing-right-large:7.68%;--awb-margin-bottom-large:20px;--awb-spacing-left-large:7.68%;--awb-width-medium:25%;--awb-order-medium:0;--awb-spacing-right-medium:7.68%;--awb-spacing-left-medium:7.68%;--awb-width-small:100%;--awb-order-small:0;--awb-spacing-right-small:1.92%;--awb-spacing-left-small:1.92%;\"><div class=\"fusion-column-wrapper fusion-column-has-shadow fusion-flex-justify-content-flex-start fusion-content-layout-column\"><div class=\"fusion-image-element \" style=\"--awb-caption-title-font-family:var(--h2_typography-font-family);--awb-caption-title-font-weight:var(--h2_typography-font-weight);--awb-caption-title-font-style:var(--h2_typography-font-style);--awb-caption-title-size:var(--h2_typography-font-size);--awb-caption-title-transform:var(--h2_typography-text-transform);--awb-caption-title-line-height:var(--h2_typography-line-height);--awb-caption-title-letter-spacing:var(--h2_typography-letter-spacing);\"><span class=\" fusion-imageframe imageframe-none imageframe-4 hover-type-none\"><img decoding=\"async\" width=\"300\" height=\"200\" title=\"PortMarina_General-161\" src=\"https:\/\/www.marinapalamos.com\/wp-content\/uploads\/2022\/10\/PortMarina_General-161-300x200.jpg\" alt class=\"img-responsive wp-image-3415\" srcset=\"https:\/\/www.marinapalamos.com\/wp-content\/uploads\/2022\/10\/PortMarina_General-161-200x133.jpg 200w, https:\/\/www.marinapalamos.com\/wp-content\/uploads\/2022\/10\/PortMarina_General-161-400x266.jpg 400w, https:\/\/www.marinapalamos.com\/wp-content\/uploads\/2022\/10\/PortMarina_General-161.jpg 500w\" sizes=\"(max-width: 640px) 100vw, 400px\" \/><\/span><\/div><\/div><\/div><\/div><\/div>\n","protected":false},"excerpt":{"rendered":"","protected":false},"author":5,"featured_media":3409,"comment_status":"open","ping_status":"closed","sticky":false,"template":"","format":"standard","meta":{"_acf_changed":false,"footnotes":""},"categories":[69],"tags":[],"class_list":["post-3393","post","type-post","status-publish","format-standard","has-post-thumbnail","hentry","category-blog-ca"],"acf":[],"yoast_head":"<!-- This site is optimized with the Yoast SEO plugin v27.5 - https:\/\/yoast.com\/product\/yoast-seo-wordpress\/ -->\n<title>El Parking del Port est\u00e0 obert a tothom! - Marina Palam\u00f3s<\/title>\n<meta name=\"description\" content=\"Marina Palam\u00f3s es un port obert a tothom. El abonament t\u00e9 un preu de 55 \u20ac\/mes i 375\u20ac pel per\u00edode des del 15 d&#039;octubre fins al 15 de maig.\" \/>\n<meta name=\"robots\" content=\"index, follow, max-snippet:-1, max-image-preview:large, max-video-preview:-1\" \/>\n<link rel=\"canonical\" href=\"https:\/\/www.marinapalamos.com\/parking-palamos\/\" \/>\n<meta property=\"og:locale\" content=\"ca_ES\" \/>\n<meta property=\"og:type\" content=\"article\" \/>\n<meta property=\"og:title\" content=\"El Parking del Port est\u00e0 obert a tothom! - Marina Palam\u00f3s\" \/>\n<meta property=\"og:description\" content=\"Marina Palam\u00f3s es un port obert a tothom. El abonament t\u00e9 un preu de 55 \u20ac\/mes i 375\u20ac pel per\u00edode des del 15 d&#039;octubre fins al 15 de maig.\" \/>\n<meta property=\"og:url\" content=\"https:\/\/www.marinapalamos.com\/parking-palamos\/\" \/>\n<meta property=\"og:site_name\" content=\"Marina Palam\u00f3s\" \/>\n<meta property=\"article:published_time\" content=\"2022-10-14T10:51:08+00:00\" \/>\n<meta property=\"article:modified_time\" content=\"2022-10-17T12:28:51+00:00\" \/>\n<meta property=\"og:image\" content=\"https:\/\/www.marinapalamos.com\/wp-content\/uploads\/2022\/10\/PORTMARINA_DR-41-1.jpg\" \/>\n\t<meta property=\"og:image:width\" content=\"500\" \/>\n\t<meta property=\"og:image:height\" content=\"375\" \/>\n\t<meta property=\"og:image:type\" content=\"image\/jpeg\" \/>\n<meta name=\"author\" content=\"Mauricio\" \/>\n<meta name=\"twitter:card\" content=\"summary_large_image\" \/>\n<meta name=\"twitter:label1\" content=\"Escrit per\" \/>\n\t<meta name=\"twitter:data1\" content=\"Mauricio\" \/>\n\t<meta name=\"twitter:label2\" content=\"Temps estimat de lectura\" \/>\n\t<meta name=\"twitter:data2\" content=\"6 minuts\" \/>\n<script type=\"application\/ld+json\" class=\"yoast-schema-graph\">{\"@context\":\"https:\\\/\\\/schema.org\",\"@graph\":[{\"@type\":\"Article\",\"@id\":\"https:\\\/\\\/www.marinapalamos.com\\\/parking-palamos\\\/#article\",\"isPartOf\":{\"@id\":\"https:\\\/\\\/www.marinapalamos.com\\\/parking-palamos\\\/\"},\"author\":{\"name\":\"Mauricio\",\"@id\":\"https:\\\/\\\/www.marinapalamos.com\\\/#\\\/schema\\\/person\\\/9604bbc17d32ce2823e8ffc3e3efb0f3\"},\"headline\":\"El Parking del Port est\u00e0 obert a tothom!\",\"datePublished\":\"2022-10-14T10:51:08+00:00\",\"dateModified\":\"2022-10-17T12:28:51+00:00\",\"mainEntityOfPage\":{\"@id\":\"https:\\\/\\\/www.marinapalamos.com\\\/parking-palamos\\\/\"},\"wordCount\":2879,\"commentCount\":0,\"image\":{\"@id\":\"https:\\\/\\\/www.marinapalamos.com\\\/parking-palamos\\\/#primaryimage\"},\"thumbnailUrl\":\"https:\\\/\\\/www.marinapalamos.com\\\/wp-content\\\/uploads\\\/2022\\\/10\\\/PORTMARINA_DR-41-1.jpg\",\"articleSection\":[\"Blog\"],\"inLanguage\":\"ca\",\"potentialAction\":[{\"@type\":\"CommentAction\",\"name\":\"Comment\",\"target\":[\"https:\\\/\\\/www.marinapalamos.com\\\/parking-palamos\\\/#respond\"]}]},{\"@type\":\"WebPage\",\"@id\":\"https:\\\/\\\/www.marinapalamos.com\\\/parking-palamos\\\/\",\"url\":\"https:\\\/\\\/www.marinapalamos.com\\\/parking-palamos\\\/\",\"name\":\"El Parking del Port est\u00e0 obert a tothom! - Marina Palam\u00f3s\",\"isPartOf\":{\"@id\":\"https:\\\/\\\/www.marinapalamos.com\\\/#website\"},\"primaryImageOfPage\":{\"@id\":\"https:\\\/\\\/www.marinapalamos.com\\\/parking-palamos\\\/#primaryimage\"},\"image\":{\"@id\":\"https:\\\/\\\/www.marinapalamos.com\\\/parking-palamos\\\/#primaryimage\"},\"thumbnailUrl\":\"https:\\\/\\\/www.marinapalamos.com\\\/wp-content\\\/uploads\\\/2022\\\/10\\\/PORTMARINA_DR-41-1.jpg\",\"datePublished\":\"2022-10-14T10:51:08+00:00\",\"dateModified\":\"2022-10-17T12:28:51+00:00\",\"author\":{\"@id\":\"https:\\\/\\\/www.marinapalamos.com\\\/#\\\/schema\\\/person\\\/9604bbc17d32ce2823e8ffc3e3efb0f3\"},\"description\":\"Marina Palam\u00f3s es un port obert a tothom. El abonament t\u00e9 un preu de 55 \u20ac\\\/mes i 375\u20ac pel per\u00edode des del 15 d'octubre fins al 15 de maig.\",\"breadcrumb\":{\"@id\":\"https:\\\/\\\/www.marinapalamos.com\\\/parking-palamos\\\/#breadcrumb\"},\"inLanguage\":\"ca\",\"potentialAction\":[{\"@type\":\"ReadAction\",\"target\":[\"https:\\\/\\\/www.marinapalamos.com\\\/parking-palamos\\\/\"]}]},{\"@type\":\"ImageObject\",\"inLanguage\":\"ca\",\"@id\":\"https:\\\/\\\/www.marinapalamos.com\\\/parking-palamos\\\/#primaryimage\",\"url\":\"https:\\\/\\\/www.marinapalamos.com\\\/wp-content\\\/uploads\\\/2022\\\/10\\\/PORTMARINA_DR-41-1.jpg\",\"contentUrl\":\"https:\\\/\\\/www.marinapalamos.com\\\/wp-content\\\/uploads\\\/2022\\\/10\\\/PORTMARINA_DR-41-1.jpg\",\"width\":500,\"height\":375},{\"@type\":\"BreadcrumbList\",\"@id\":\"https:\\\/\\\/www.marinapalamos.com\\\/parking-palamos\\\/#breadcrumb\",\"itemListElement\":[{\"@type\":\"ListItem\",\"position\":1,\"name\":\"Inicio\",\"item\":\"https:\\\/\\\/www.marinapalamos.com\\\/ca\\\/\"},{\"@type\":\"ListItem\",\"position\":2,\"name\":\"El Parking del Port est\u00e0 obert a tothom!\"}]},{\"@type\":\"WebSite\",\"@id\":\"https:\\\/\\\/www.marinapalamos.com\\\/#website\",\"url\":\"https:\\\/\\\/www.marinapalamos.com\\\/\",\"name\":\"Marina Palam\u00f3s\",\"description\":\"Marina Palam\u00f3s\",\"potentialAction\":[{\"@type\":\"SearchAction\",\"target\":{\"@type\":\"EntryPoint\",\"urlTemplate\":\"https:\\\/\\\/www.marinapalamos.com\\\/?s={search_term_string}\"},\"query-input\":{\"@type\":\"PropertyValueSpecification\",\"valueRequired\":true,\"valueName\":\"search_term_string\"}}],\"inLanguage\":\"ca\"},{\"@type\":\"Person\",\"@id\":\"https:\\\/\\\/www.marinapalamos.com\\\/#\\\/schema\\\/person\\\/9604bbc17d32ce2823e8ffc3e3efb0f3\",\"name\":\"Mauricio\",\"image\":{\"@type\":\"ImageObject\",\"inLanguage\":\"ca\",\"@id\":\"https:\\\/\\\/secure.gravatar.com\\\/avatar\\\/66f31716a14ebbbf9d76c4d8a1e5e44ee4b8992044a9034b47ebd0c89cc8c57b?s=96&d=mm&r=g\",\"url\":\"https:\\\/\\\/secure.gravatar.com\\\/avatar\\\/66f31716a14ebbbf9d76c4d8a1e5e44ee4b8992044a9034b47ebd0c89cc8c57b?s=96&d=mm&r=g\",\"contentUrl\":\"https:\\\/\\\/secure.gravatar.com\\\/avatar\\\/66f31716a14ebbbf9d76c4d8a1e5e44ee4b8992044a9034b47ebd0c89cc8c57b?s=96&d=mm&r=g\",\"caption\":\"Mauricio\"},\"url\":\"https:\\\/\\\/www.marinapalamos.com\\\/ca\\\/author\\\/mauricio\\\/\"}]}<\/script>\n<!-- \/ Yoast SEO plugin. -->","yoast_head_json":{"title":"El Parking del Port est\u00e0 obert a tothom! - Marina Palam\u00f3s","description":"Marina Palam\u00f3s es un port obert a tothom. El abonament t\u00e9 un preu de 55 \u20ac\/mes i 375\u20ac pel per\u00edode des del 15 d'octubre fins al 15 de maig.","robots":{"index":"index","follow":"follow","max-snippet":"max-snippet:-1","max-image-preview":"max-image-preview:large","max-video-preview":"max-video-preview:-1"},"canonical":"https:\/\/www.marinapalamos.com\/parking-palamos\/","og_locale":"ca_ES","og_type":"article","og_title":"El Parking del Port est\u00e0 obert a tothom! - Marina Palam\u00f3s","og_description":"Marina Palam\u00f3s es un port obert a tothom. El abonament t\u00e9 un preu de 55 \u20ac\/mes i 375\u20ac pel per\u00edode des del 15 d'octubre fins al 15 de maig.","og_url":"https:\/\/www.marinapalamos.com\/parking-palamos\/","og_site_name":"Marina Palam\u00f3s","article_published_time":"2022-10-14T10:51:08+00:00","article_modified_time":"2022-10-17T12:28:51+00:00","og_image":[{"width":500,"height":375,"url":"https:\/\/www.marinapalamos.com\/wp-content\/uploads\/2022\/10\/PORTMARINA_DR-41-1.jpg","type":"image\/jpeg"}],"author":"Mauricio","twitter_card":"summary_large_image","twitter_misc":{"Escrit per":"Mauricio","Temps estimat de lectura":"6 minuts"},"schema":{"@context":"https:\/\/schema.org","@graph":[{"@type":"Article","@id":"https:\/\/www.marinapalamos.com\/parking-palamos\/#article","isPartOf":{"@id":"https:\/\/www.marinapalamos.com\/parking-palamos\/"},"author":{"name":"Mauricio","@id":"https:\/\/www.marinapalamos.com\/#\/schema\/person\/9604bbc17d32ce2823e8ffc3e3efb0f3"},"headline":"El Parking del Port est\u00e0 obert a tothom!","datePublished":"2022-10-14T10:51:08+00:00","dateModified":"2022-10-17T12:28:51+00:00","mainEntityOfPage":{"@id":"https:\/\/www.marinapalamos.com\/parking-palamos\/"},"wordCount":2879,"commentCount":0,"image":{"@id":"https:\/\/www.marinapalamos.com\/parking-palamos\/#primaryimage"},"thumbnailUrl":"https:\/\/www.marinapalamos.com\/wp-content\/uploads\/2022\/10\/PORTMARINA_DR-41-1.jpg","articleSection":["Blog"],"inLanguage":"ca","potentialAction":[{"@type":"CommentAction","name":"Comment","target":["https:\/\/www.marinapalamos.com\/parking-palamos\/#respond"]}]},{"@type":"WebPage","@id":"https:\/\/www.marinapalamos.com\/parking-palamos\/","url":"https:\/\/www.marinapalamos.com\/parking-palamos\/","name":"El Parking del Port est\u00e0 obert a tothom! - Marina Palam\u00f3s","isPartOf":{"@id":"https:\/\/www.marinapalamos.com\/#website"},"primaryImageOfPage":{"@id":"https:\/\/www.marinapalamos.com\/parking-palamos\/#primaryimage"},"image":{"@id":"https:\/\/www.marinapalamos.com\/parking-palamos\/#primaryimage"},"thumbnailUrl":"https:\/\/www.marinapalamos.com\/wp-content\/uploads\/2022\/10\/PORTMARINA_DR-41-1.jpg","datePublished":"2022-10-14T10:51:08+00:00","dateModified":"2022-10-17T12:28:51+00:00","author":{"@id":"https:\/\/www.marinapalamos.com\/#\/schema\/person\/9604bbc17d32ce2823e8ffc3e3efb0f3"},"description":"Marina Palam\u00f3s es un port obert a tothom. El abonament t\u00e9 un preu de 55 \u20ac\/mes i 375\u20ac pel per\u00edode des del 15 d'octubre fins al 15 de maig.","breadcrumb":{"@id":"https:\/\/www.marinapalamos.com\/parking-palamos\/#breadcrumb"},"inLanguage":"ca","potentialAction":[{"@type":"ReadAction","target":["https:\/\/www.marinapalamos.com\/parking-palamos\/"]}]},{"@type":"ImageObject","inLanguage":"ca","@id":"https:\/\/www.marinapalamos.com\/parking-palamos\/#primaryimage","url":"https:\/\/www.marinapalamos.com\/wp-content\/uploads\/2022\/10\/PORTMARINA_DR-41-1.jpg","contentUrl":"https:\/\/www.marinapalamos.com\/wp-content\/uploads\/2022\/10\/PORTMARINA_DR-41-1.jpg","width":500,"height":375},{"@type":"BreadcrumbList","@id":"https:\/\/www.marinapalamos.com\/parking-palamos\/#breadcrumb","itemListElement":[{"@type":"ListItem","position":1,"name":"Inicio","item":"https:\/\/www.marinapalamos.com\/ca\/"},{"@type":"ListItem","position":2,"name":"El Parking del Port est\u00e0 obert a tothom!"}]},{"@type":"WebSite","@id":"https:\/\/www.marinapalamos.com\/#website","url":"https:\/\/www.marinapalamos.com\/","name":"Marina Palam\u00f3s","description":"Marina Palam\u00f3s","potentialAction":[{"@type":"SearchAction","target":{"@type":"EntryPoint","urlTemplate":"https:\/\/www.marinapalamos.com\/?s={search_term_string}"},"query-input":{"@type":"PropertyValueSpecification","valueRequired":true,"valueName":"search_term_string"}}],"inLanguage":"ca"},{"@type":"Person","@id":"https:\/\/www.marinapalamos.com\/#\/schema\/person\/9604bbc17d32ce2823e8ffc3e3efb0f3","name":"Mauricio","image":{"@type":"ImageObject","inLanguage":"ca","@id":"https:\/\/secure.gravatar.com\/avatar\/66f31716a14ebbbf9d76c4d8a1e5e44ee4b8992044a9034b47ebd0c89cc8c57b?s=96&d=mm&r=g","url":"https:\/\/secure.gravatar.com\/avatar\/66f31716a14ebbbf9d76c4d8a1e5e44ee4b8992044a9034b47ebd0c89cc8c57b?s=96&d=mm&r=g","contentUrl":"https:\/\/secure.gravatar.com\/avatar\/66f31716a14ebbbf9d76c4d8a1e5e44ee4b8992044a9034b47ebd0c89cc8c57b?s=96&d=mm&r=g","caption":"Mauricio"},"url":"https:\/\/www.marinapalamos.com\/ca\/author\/mauricio\/"}]}},"_links":{"self":[{"href":"https:\/\/www.marinapalamos.com\/ca\/wp-json\/wp\/v2\/posts\/3393","targetHints":{"allow":["GET"]}}],"collection":[{"href":"https:\/\/www.marinapalamos.com\/ca\/wp-json\/wp\/v2\/posts"}],"about":[{"href":"https:\/\/www.marinapalamos.com\/ca\/wp-json\/wp\/v2\/types\/post"}],"author":[{"embeddable":true,"href":"https:\/\/www.marinapalamos.com\/ca\/wp-json\/wp\/v2\/users\/5"}],"replies":[{"embeddable":true,"href":"https:\/\/www.marinapalamos.com\/ca\/wp-json\/wp\/v2\/comments?post=3393"}],"version-history":[{"count":4,"href":"https:\/\/www.marinapalamos.com\/ca\/wp-json\/wp\/v2\/posts\/3393\/revisions"}],"predecessor-version":[{"id":3430,"href":"https:\/\/www.marinapalamos.com\/ca\/wp-json\/wp\/v2\/posts\/3393\/revisions\/3430"}],"wp:featuredmedia":[{"embeddable":true,"href":"https:\/\/www.marinapalamos.com\/ca\/wp-json\/wp\/v2\/media\/3409"}],"wp:attachment":[{"href":"https:\/\/www.marinapalamos.com\/ca\/wp-json\/wp\/v2\/media?parent=3393"}],"wp:term":[{"taxonomy":"category","embeddable":true,"href":"https:\/\/www.marinapalamos.com\/ca\/wp-json\/wp\/v2\/categories?post=3393"},{"taxonomy":"post_tag","embeddable":true,"href":"https:\/\/www.marinapalamos.com\/ca\/wp-json\/wp\/v2\/tags?post=3393"}],"curies":[{"name":"wp","href":"https:\/\/api.w.org\/{rel}","templated":true}]}}