{"id":3881,"date":"2023-02-14T13:42:46","date_gmt":"2023-02-14T13:42:46","guid":{"rendered":"https:\/\/www.marinapalamos.com\/?p=3881"},"modified":"2023-02-14T13:42:58","modified_gmt":"2023-02-14T13:42:58","slug":"jornada-gastronomica-del-erizo-de-mar","status":"publish","type":"post","link":"https:\/\/www.marinapalamos.com\/ca\/jornada-gastronomica-del-erizo-de-mar\/","title":{"rendered":"Jornada Gastron\u00f2mica de l&#8217;Ori\u00e7"},"content":{"rendered":"<div class=\"fusion-fullwidth fullwidth-box fusion-builder-row-1 fusion-flex-container nonhundred-percent-fullwidth non-hundred-percent-height-scrolling\" style=\"--awb-border-radius-top-left:0px;--awb-border-radius-top-right:0px;--awb-border-radius-bottom-right:0px;--awb-border-radius-bottom-left:0px;--awb-flex-wrap:wrap;\" ><div class=\"fusion-builder-row fusion-row fusion-flex-align-items-flex-start fusion-flex-content-wrap\" style=\"max-width:1300px;margin-left: calc(-4% \/ 2 );margin-right: calc(-4% \/ 2 );\"><div class=\"fusion-layout-column fusion_builder_column fusion-builder-column-0 fusion_builder_column_1_1 1_1 fusion-flex-column\" style=\"--awb-bg-size:cover;--awb-width-large:100%;--awb-margin-top-large:0px;--awb-spacing-right-large:1.92%;--awb-margin-bottom-large:20px;--awb-spacing-left-large:1.92%;--awb-width-medium:100%;--awb-order-medium:0;--awb-spacing-right-medium:1.92%;--awb-spacing-left-medium:1.92%;--awb-width-small:100%;--awb-order-small:0;--awb-spacing-right-small:1.92%;--awb-spacing-left-small:1.92%;\"><div class=\"fusion-column-wrapper fusion-column-has-shadow fusion-flex-justify-content-flex-start fusion-content-layout-column\"><div class=\"fusion-text fusion-text-1\" style=\"--awb-text-transform:none;\"><div><\/div>\n<div><\/div>\n<p>Aquest <strong>4 de mar\u00e7<\/strong> celebrem al port la <strong>Jornada Gastron\u00f3mica de l&#8217;Ori\u00e7<\/strong>!<\/p>\n<p>Un esdeveniment on podreu tastar els orissos m\u00e9s frescs de la costa brava amb actuaci\u00f3 musical de Litus al Cub i tast de vins per acompanyar la jornada. Tamb\u00e9 hi haur\u00e0 inflables per els m\u00e9s petits. Comen\u00e7a a les 11 del mat\u00ed.<\/p>\n<p>Amb aquest motiu, en aquest blog us parlem sobre aquest animal mar\u00ed tan interessant.<\/p>\n<p>L&#8217;ori\u00e7 de mar, com molts dels animals marins, t\u00e9 una llargu\u00edssima esperan\u00e7a de vida. Pot <strong>sobrepassar els 100 anys d&#8217;edat<\/strong>.<\/p>\n<p>Son equinoderms i com les estrelles de mar, son <strong>animals primitius amb simetr\u00eda pentarradial<\/strong> (es divideix en 5 parts iguals). Viuen a zones rocoses i profundes i no tenen ulls, pero son capa\u00e7os de captar la llum i aix\u00f2 els ajuda a orientar-se.<\/p>\n<p><strong>Comparteixen gen\u00e9tica amb nosaltres<\/strong>, amb similituds en el desenvolupament embrionari. El seu sistema immune es molt fort, amb capacitat gen\u00e9tica de resistir i neutralitzar amena\u00e7es qu\u00edmiques. Tenen un dels <strong>sistemes immunitaris m\u00e9s complexos del mon<\/strong>, amb m\u00e9s de 200 tipus de receptors.<\/p>\n<p>L&#8217;ori\u00e7 est\u00e0 en temporada els primers mesos de l&#8217;any i hi han casi 1000 especies distintes. Es troben a tot el mon i ens el menjem desde fa milers d&#8217;anys.<\/p>\n<p>La part comestible de l&#8217;ori\u00e7 s&#8217;anomena g\u00f2nades o rovells. Son de color ataronjat i allargats, com llengues. S&#8217;han de consumir quan s&#8217;obre l&#8217;animal, <strong>per la seva delicadesa una de les millors maneres de degustarles es en cru<\/strong>. A la gastronom\u00eda japonesa es un component com\u00fa en platerets de sushi i sashimi i es considerat com una de les delicies m\u00e9s sofisticades que existeixen. Es un producte que demana la m\u00ednima manipulaci\u00f3 i m\u00e0xima frescura. L&#8217;aigua que t\u00e9 al interior enriqueix caldos i sopes.<\/p>\n<p>Us aconsellem aquest v\u00eddeo de &#8220;Despensa Mediterr\u00e0nea&#8221; on es mostra tot el proc\u00e9s del mar al plat: <strong><a href=\"https:\/\/www.youtube.com\/watch?v=3myoZ94ZiOc\">https:\/\/www.youtube.com\/watch?v=3myoZ94ZiOc<\/a><\/strong><\/p>\n<p>Esperem que hagueu gaudit d&#8217;aquesta informaci\u00f3 i tingueu ganes de provar aquesta delicia del mar.<\/p>\n<p>No us perdeu l&#8217;oportunitat d&#8217;experimentar els sabors \u00fanics de l&#8217;ori\u00e7 al esdeveniment gastron\u00f3mic que celebrem al port aquest 4 de mar\u00e7!<\/p>\n<p>M\u00e9s informaci\u00f3 aviat al nostre Instagram: <a href=\"http:\/\/instagram.com\/portmarinapalamos\"><strong>instagram.com\/portmarinapalamos<\/strong><\/a><\/p>\n<\/div><\/div><\/div><div class=\"fusion-layout-column fusion_builder_column fusion-builder-column-1 fusion_builder_column_1_1 1_1 fusion-flex-column\" style=\"--awb-bg-size:cover;--awb-width-large:100%;--awb-margin-top-large:0px;--awb-spacing-right-large:1.92%;--awb-margin-bottom-large:20px;--awb-spacing-left-large:1.92%;--awb-width-medium:100%;--awb-order-medium:0;--awb-spacing-right-medium:1.92%;--awb-spacing-left-medium:1.92%;--awb-width-small:100%;--awb-order-small:0;--awb-spacing-right-small:1.92%;--awb-spacing-left-small:1.92%;\"><div class=\"fusion-column-wrapper fusion-column-has-shadow fusion-flex-justify-content-flex-start fusion-content-layout-column\"><div class=\"fusion-image-carousel fusion-image-carousel-auto fusion-image-carousel-1 fusion-carousel-border\"><div class=\"awb-carousel awb-swiper awb-swiper-carousel awb-carousel--carousel awb-swiper-dots-position-bottom\" data-layout=\"carousel\" data-autoplay=\"no\" data-autoplayspeed=\"2500\" data-autoplaypause=\"no\" data-columns=\"5\" data-columnsmedium=\"1\" data-columnssmall=\"1\" data-itemmargin=\"13\" data-itemwidth=\"180\" data-touchscroll=\"no\" data-freemode=\"no\" data-imagesize=\"auto\" data-scrollitems=\"0\" data-centeredslides=\"no\" data-rotationangle=\"50\" data-depth=\"100\" data-speed=\"500\" data-shadow=\"no\" data-pagination=\"bullets\" style=\"--awb-border-width:1px;--awb-border-color:#e9eaee;\"><div class=\"swiper-wrapper awb-image-carousel-wrapper fusion-flex-align-items-center\"><div class=\"swiper-slide\"><div class=\"fusion-carousel-item-wrapper\"><div class=\"fusion-image-wrapper hover-type-none\"><img decoding=\"async\" width=\"1600\" height=\"1066\" src=\"https:\/\/www.marinapalamos.com\/wp-content\/uploads\/2023\/02\/image.png\" class=\"attachment-full size-full\" alt=\"\" srcset=\"https:\/\/www.marinapalamos.com\/wp-content\/uploads\/2023\/02\/image-200x133.png 200w, https:\/\/www.marinapalamos.com\/wp-content\/uploads\/2023\/02\/image-400x267.png 400w, https:\/\/www.marinapalamos.com\/wp-content\/uploads\/2023\/02\/image-600x400.png 600w, https:\/\/www.marinapalamos.com\/wp-content\/uploads\/2023\/02\/image-800x533.png 800w, https:\/\/www.marinapalamos.com\/wp-content\/uploads\/2023\/02\/image-1200x800.png 1200w, https:\/\/www.marinapalamos.com\/wp-content\/uploads\/2023\/02\/image.png 1600w\" sizes=\"(min-width: 2200px) 100vw, (min-width: 832px) 408px, (min-width: 736px) 612px, (min-width: 640px) 736px, \" \/><\/div><\/div><\/div><div class=\"swiper-slide\"><div class=\"fusion-carousel-item-wrapper\"><div class=\"fusion-image-wrapper hover-type-none\"><img decoding=\"async\" width=\"996\" height=\"599\" src=\"https:\/\/www.marinapalamos.com\/wp-content\/uploads\/2023\/02\/imagen1.png\" class=\"attachment-full size-full\" alt=\"\" srcset=\"https:\/\/www.marinapalamos.com\/wp-content\/uploads\/2023\/02\/imagen1-200x120.png 200w, https:\/\/www.marinapalamos.com\/wp-content\/uploads\/2023\/02\/imagen1-400x241.png 400w, https:\/\/www.marinapalamos.com\/wp-content\/uploads\/2023\/02\/imagen1-600x361.png 600w, https:\/\/www.marinapalamos.com\/wp-content\/uploads\/2023\/02\/imagen1-800x481.png 800w, https:\/\/www.marinapalamos.com\/wp-content\/uploads\/2023\/02\/imagen1.png 996w\" sizes=\"(min-width: 2200px) 100vw, (min-width: 832px) 408px, (min-width: 736px) 612px, (min-width: 640px) 736px, \" \/><\/div><\/div><\/div><div class=\"swiper-slide\"><div class=\"fusion-carousel-item-wrapper\"><div class=\"fusion-image-wrapper hover-type-none\"><img decoding=\"async\" width=\"996\" height=\"596\" src=\"https:\/\/www.marinapalamos.com\/wp-content\/uploads\/2023\/02\/Captura-de-pantalla-2023-02-13-135937.png\" class=\"attachment-full size-full\" alt=\"\" srcset=\"https:\/\/www.marinapalamos.com\/wp-content\/uploads\/2023\/02\/Captura-de-pantalla-2023-02-13-135937-200x120.png 200w, https:\/\/www.marinapalamos.com\/wp-content\/uploads\/2023\/02\/Captura-de-pantalla-2023-02-13-135937-400x239.png 400w, https:\/\/www.marinapalamos.com\/wp-content\/uploads\/2023\/02\/Captura-de-pantalla-2023-02-13-135937-600x359.png 600w, https:\/\/www.marinapalamos.com\/wp-content\/uploads\/2023\/02\/Captura-de-pantalla-2023-02-13-135937-800x479.png 800w, https:\/\/www.marinapalamos.com\/wp-content\/uploads\/2023\/02\/Captura-de-pantalla-2023-02-13-135937.png 996w\" sizes=\"(min-width: 2200px) 100vw, (min-width: 832px) 408px, (min-width: 736px) 612px, (min-width: 640px) 736px, \" \/><\/div><\/div><\/div><\/div><div class=\"awb-swiper-button awb-swiper-button-prev\"><i class=\"awb-icon-angle-left\" aria-hidden=\"true\"><\/i><\/div><div class=\"awb-swiper-button awb-swiper-button-next\"><i class=\"awb-icon-angle-right\" aria-hidden=\"true\"><\/i><\/div><\/div><\/div><\/div><\/div><\/div><\/div>\n","protected":false},"excerpt":{"rendered":"","protected":false},"author":5,"featured_media":3885,"comment_status":"open","ping_status":"closed","sticky":false,"template":"","format":"standard","meta":{"_acf_changed":false,"footnotes":""},"categories":[69],"tags":[],"class_list":["post-3881","post","type-post","status-publish","format-standard","has-post-thumbnail","hentry","category-blog-ca"],"acf":[],"yoast_head":"<!-- This site is optimized with the Yoast SEO plugin v27.5 - https:\/\/yoast.com\/product\/yoast-seo-wordpress\/ -->\n<title>Jornada Gastron\u00f2mica de l&#039;Ori\u00e7 - Marina Palam\u00f3s<\/title>\n<meta name=\"description\" content=\"Jornada Gastron\u00f3mica del Erizo de Mar. D\u00eda 4 de marzo a partir de las 11 horas en Port Marina Palam\u00f3s.\" \/>\n<meta name=\"robots\" content=\"index, follow, max-snippet:-1, max-image-preview:large, max-video-preview:-1\" \/>\n<link rel=\"canonical\" href=\"https:\/\/www.marinapalamos.com\/ca\/jornada-gastronomica-del-erizo-de-mar\/\" \/>\n<meta property=\"og:locale\" content=\"ca_ES\" \/>\n<meta property=\"og:type\" content=\"article\" \/>\n<meta property=\"og:title\" content=\"Jornada Gastron\u00f2mica de l&#039;Ori\u00e7 - Marina Palam\u00f3s\" \/>\n<meta property=\"og:description\" content=\"Jornada Gastron\u00f3mica del Erizo de Mar. D\u00eda 4 de marzo a partir de las 11 horas en Port Marina Palam\u00f3s.\" \/>\n<meta property=\"og:url\" content=\"https:\/\/www.marinapalamos.com\/ca\/jornada-gastronomica-del-erizo-de-mar\/\" \/>\n<meta property=\"og:site_name\" content=\"Marina Palam\u00f3s\" \/>\n<meta property=\"article:published_time\" content=\"2023-02-14T13:42:46+00:00\" \/>\n<meta property=\"article:modified_time\" content=\"2023-02-14T13:42:58+00:00\" \/>\n<meta property=\"og:image\" content=\"https:\/\/www.marinapalamos.com\/wp-content\/uploads\/2023\/02\/image-1024x682.png\" \/>\n\t<meta property=\"og:image:width\" content=\"1024\" \/>\n\t<meta property=\"og:image:height\" content=\"682\" \/>\n\t<meta property=\"og:image:type\" content=\"image\/png\" \/>\n<meta name=\"author\" content=\"Mauricio\" \/>\n<meta name=\"twitter:card\" content=\"summary_large_image\" \/>\n<meta name=\"twitter:label1\" content=\"Escrit per\" \/>\n\t<meta name=\"twitter:data1\" content=\"Mauricio\" \/>\n\t<meta name=\"twitter:label2\" content=\"Temps estimat de lectura\" \/>\n\t<meta name=\"twitter:data2\" content=\"4 minuts\" \/>\n<script type=\"application\/ld+json\" class=\"yoast-schema-graph\">{\"@context\":\"https:\\\/\\\/schema.org\",\"@graph\":[{\"@type\":\"Article\",\"@id\":\"https:\\\/\\\/www.marinapalamos.com\\\/ca\\\/jornada-gastronomica-del-erizo-de-mar\\\/#article\",\"isPartOf\":{\"@id\":\"https:\\\/\\\/www.marinapalamos.com\\\/ca\\\/jornada-gastronomica-del-erizo-de-mar\\\/\"},\"author\":{\"name\":\"Mauricio\",\"@id\":\"https:\\\/\\\/www.marinapalamos.com\\\/#\\\/schema\\\/person\\\/9604bbc17d32ce2823e8ffc3e3efb0f3\"},\"headline\":\"Jornada Gastron\u00f2mica de l&#8217;Ori\u00e7\",\"datePublished\":\"2023-02-14T13:42:46+00:00\",\"dateModified\":\"2023-02-14T13:42:58+00:00\",\"mainEntityOfPage\":{\"@id\":\"https:\\\/\\\/www.marinapalamos.com\\\/ca\\\/jornada-gastronomica-del-erizo-de-mar\\\/\"},\"wordCount\":1528,\"commentCount\":0,\"image\":{\"@id\":\"https:\\\/\\\/www.marinapalamos.com\\\/ca\\\/jornada-gastronomica-del-erizo-de-mar\\\/#primaryimage\"},\"thumbnailUrl\":\"https:\\\/\\\/www.marinapalamos.com\\\/wp-content\\\/uploads\\\/2023\\\/02\\\/image.png\",\"articleSection\":[\"Blog\"],\"inLanguage\":\"ca\",\"potentialAction\":[{\"@type\":\"CommentAction\",\"name\":\"Comment\",\"target\":[\"https:\\\/\\\/www.marinapalamos.com\\\/ca\\\/jornada-gastronomica-del-erizo-de-mar\\\/#respond\"]}]},{\"@type\":\"WebPage\",\"@id\":\"https:\\\/\\\/www.marinapalamos.com\\\/ca\\\/jornada-gastronomica-del-erizo-de-mar\\\/\",\"url\":\"https:\\\/\\\/www.marinapalamos.com\\\/ca\\\/jornada-gastronomica-del-erizo-de-mar\\\/\",\"name\":\"Jornada Gastron\u00f2mica de l'Ori\u00e7 - Marina Palam\u00f3s\",\"isPartOf\":{\"@id\":\"https:\\\/\\\/www.marinapalamos.com\\\/#website\"},\"primaryImageOfPage\":{\"@id\":\"https:\\\/\\\/www.marinapalamos.com\\\/ca\\\/jornada-gastronomica-del-erizo-de-mar\\\/#primaryimage\"},\"image\":{\"@id\":\"https:\\\/\\\/www.marinapalamos.com\\\/ca\\\/jornada-gastronomica-del-erizo-de-mar\\\/#primaryimage\"},\"thumbnailUrl\":\"https:\\\/\\\/www.marinapalamos.com\\\/wp-content\\\/uploads\\\/2023\\\/02\\\/image.png\",\"datePublished\":\"2023-02-14T13:42:46+00:00\",\"dateModified\":\"2023-02-14T13:42:58+00:00\",\"author\":{\"@id\":\"https:\\\/\\\/www.marinapalamos.com\\\/#\\\/schema\\\/person\\\/9604bbc17d32ce2823e8ffc3e3efb0f3\"},\"description\":\"Jornada Gastron\u00f3mica del Erizo de Mar. D\u00eda 4 de marzo a partir de las 11 horas en Port Marina Palam\u00f3s.\",\"breadcrumb\":{\"@id\":\"https:\\\/\\\/www.marinapalamos.com\\\/ca\\\/jornada-gastronomica-del-erizo-de-mar\\\/#breadcrumb\"},\"inLanguage\":\"ca\",\"potentialAction\":[{\"@type\":\"ReadAction\",\"target\":[\"https:\\\/\\\/www.marinapalamos.com\\\/ca\\\/jornada-gastronomica-del-erizo-de-mar\\\/\"]}]},{\"@type\":\"ImageObject\",\"inLanguage\":\"ca\",\"@id\":\"https:\\\/\\\/www.marinapalamos.com\\\/ca\\\/jornada-gastronomica-del-erizo-de-mar\\\/#primaryimage\",\"url\":\"https:\\\/\\\/www.marinapalamos.com\\\/wp-content\\\/uploads\\\/2023\\\/02\\\/image.png\",\"contentUrl\":\"https:\\\/\\\/www.marinapalamos.com\\\/wp-content\\\/uploads\\\/2023\\\/02\\\/image.png\",\"width\":1600,\"height\":1066},{\"@type\":\"BreadcrumbList\",\"@id\":\"https:\\\/\\\/www.marinapalamos.com\\\/ca\\\/jornada-gastronomica-del-erizo-de-mar\\\/#breadcrumb\",\"itemListElement\":[{\"@type\":\"ListItem\",\"position\":1,\"name\":\"Inicio\",\"item\":\"https:\\\/\\\/www.marinapalamos.com\\\/ca\\\/\"},{\"@type\":\"ListItem\",\"position\":2,\"name\":\"Jornada Gastron\u00f2mica de l&#8217;Ori\u00e7\"}]},{\"@type\":\"WebSite\",\"@id\":\"https:\\\/\\\/www.marinapalamos.com\\\/#website\",\"url\":\"https:\\\/\\\/www.marinapalamos.com\\\/\",\"name\":\"Marina Palam\u00f3s\",\"description\":\"Marina Palam\u00f3s\",\"potentialAction\":[{\"@type\":\"SearchAction\",\"target\":{\"@type\":\"EntryPoint\",\"urlTemplate\":\"https:\\\/\\\/www.marinapalamos.com\\\/?s={search_term_string}\"},\"query-input\":{\"@type\":\"PropertyValueSpecification\",\"valueRequired\":true,\"valueName\":\"search_term_string\"}}],\"inLanguage\":\"ca\"},{\"@type\":\"Person\",\"@id\":\"https:\\\/\\\/www.marinapalamos.com\\\/#\\\/schema\\\/person\\\/9604bbc17d32ce2823e8ffc3e3efb0f3\",\"name\":\"Mauricio\",\"image\":{\"@type\":\"ImageObject\",\"inLanguage\":\"ca\",\"@id\":\"https:\\\/\\\/secure.gravatar.com\\\/avatar\\\/66f31716a14ebbbf9d76c4d8a1e5e44ee4b8992044a9034b47ebd0c89cc8c57b?s=96&d=mm&r=g\",\"url\":\"https:\\\/\\\/secure.gravatar.com\\\/avatar\\\/66f31716a14ebbbf9d76c4d8a1e5e44ee4b8992044a9034b47ebd0c89cc8c57b?s=96&d=mm&r=g\",\"contentUrl\":\"https:\\\/\\\/secure.gravatar.com\\\/avatar\\\/66f31716a14ebbbf9d76c4d8a1e5e44ee4b8992044a9034b47ebd0c89cc8c57b?s=96&d=mm&r=g\",\"caption\":\"Mauricio\"},\"url\":\"https:\\\/\\\/www.marinapalamos.com\\\/ca\\\/author\\\/mauricio\\\/\"}]}<\/script>\n<!-- \/ Yoast SEO plugin. -->","yoast_head_json":{"title":"Jornada Gastron\u00f2mica de l'Ori\u00e7 - Marina Palam\u00f3s","description":"Jornada Gastron\u00f3mica del Erizo de Mar. D\u00eda 4 de marzo a partir de las 11 horas en Port Marina Palam\u00f3s.","robots":{"index":"index","follow":"follow","max-snippet":"max-snippet:-1","max-image-preview":"max-image-preview:large","max-video-preview":"max-video-preview:-1"},"canonical":"https:\/\/www.marinapalamos.com\/ca\/jornada-gastronomica-del-erizo-de-mar\/","og_locale":"ca_ES","og_type":"article","og_title":"Jornada Gastron\u00f2mica de l'Ori\u00e7 - Marina Palam\u00f3s","og_description":"Jornada Gastron\u00f3mica del Erizo de Mar. D\u00eda 4 de marzo a partir de las 11 horas en Port Marina Palam\u00f3s.","og_url":"https:\/\/www.marinapalamos.com\/ca\/jornada-gastronomica-del-erizo-de-mar\/","og_site_name":"Marina Palam\u00f3s","article_published_time":"2023-02-14T13:42:46+00:00","article_modified_time":"2023-02-14T13:42:58+00:00","og_image":[{"width":1024,"height":682,"url":"https:\/\/www.marinapalamos.com\/wp-content\/uploads\/2023\/02\/image-1024x682.png","type":"image\/png"}],"author":"Mauricio","twitter_card":"summary_large_image","twitter_misc":{"Escrit per":"Mauricio","Temps estimat de lectura":"4 minuts"},"schema":{"@context":"https:\/\/schema.org","@graph":[{"@type":"Article","@id":"https:\/\/www.marinapalamos.com\/ca\/jornada-gastronomica-del-erizo-de-mar\/#article","isPartOf":{"@id":"https:\/\/www.marinapalamos.com\/ca\/jornada-gastronomica-del-erizo-de-mar\/"},"author":{"name":"Mauricio","@id":"https:\/\/www.marinapalamos.com\/#\/schema\/person\/9604bbc17d32ce2823e8ffc3e3efb0f3"},"headline":"Jornada Gastron\u00f2mica de l&#8217;Ori\u00e7","datePublished":"2023-02-14T13:42:46+00:00","dateModified":"2023-02-14T13:42:58+00:00","mainEntityOfPage":{"@id":"https:\/\/www.marinapalamos.com\/ca\/jornada-gastronomica-del-erizo-de-mar\/"},"wordCount":1528,"commentCount":0,"image":{"@id":"https:\/\/www.marinapalamos.com\/ca\/jornada-gastronomica-del-erizo-de-mar\/#primaryimage"},"thumbnailUrl":"https:\/\/www.marinapalamos.com\/wp-content\/uploads\/2023\/02\/image.png","articleSection":["Blog"],"inLanguage":"ca","potentialAction":[{"@type":"CommentAction","name":"Comment","target":["https:\/\/www.marinapalamos.com\/ca\/jornada-gastronomica-del-erizo-de-mar\/#respond"]}]},{"@type":"WebPage","@id":"https:\/\/www.marinapalamos.com\/ca\/jornada-gastronomica-del-erizo-de-mar\/","url":"https:\/\/www.marinapalamos.com\/ca\/jornada-gastronomica-del-erizo-de-mar\/","name":"Jornada Gastron\u00f2mica de l'Ori\u00e7 - Marina Palam\u00f3s","isPartOf":{"@id":"https:\/\/www.marinapalamos.com\/#website"},"primaryImageOfPage":{"@id":"https:\/\/www.marinapalamos.com\/ca\/jornada-gastronomica-del-erizo-de-mar\/#primaryimage"},"image":{"@id":"https:\/\/www.marinapalamos.com\/ca\/jornada-gastronomica-del-erizo-de-mar\/#primaryimage"},"thumbnailUrl":"https:\/\/www.marinapalamos.com\/wp-content\/uploads\/2023\/02\/image.png","datePublished":"2023-02-14T13:42:46+00:00","dateModified":"2023-02-14T13:42:58+00:00","author":{"@id":"https:\/\/www.marinapalamos.com\/#\/schema\/person\/9604bbc17d32ce2823e8ffc3e3efb0f3"},"description":"Jornada Gastron\u00f3mica del Erizo de Mar. D\u00eda 4 de marzo a partir de las 11 horas en Port Marina Palam\u00f3s.","breadcrumb":{"@id":"https:\/\/www.marinapalamos.com\/ca\/jornada-gastronomica-del-erizo-de-mar\/#breadcrumb"},"inLanguage":"ca","potentialAction":[{"@type":"ReadAction","target":["https:\/\/www.marinapalamos.com\/ca\/jornada-gastronomica-del-erizo-de-mar\/"]}]},{"@type":"ImageObject","inLanguage":"ca","@id":"https:\/\/www.marinapalamos.com\/ca\/jornada-gastronomica-del-erizo-de-mar\/#primaryimage","url":"https:\/\/www.marinapalamos.com\/wp-content\/uploads\/2023\/02\/image.png","contentUrl":"https:\/\/www.marinapalamos.com\/wp-content\/uploads\/2023\/02\/image.png","width":1600,"height":1066},{"@type":"BreadcrumbList","@id":"https:\/\/www.marinapalamos.com\/ca\/jornada-gastronomica-del-erizo-de-mar\/#breadcrumb","itemListElement":[{"@type":"ListItem","position":1,"name":"Inicio","item":"https:\/\/www.marinapalamos.com\/ca\/"},{"@type":"ListItem","position":2,"name":"Jornada Gastron\u00f2mica de l&#8217;Ori\u00e7"}]},{"@type":"WebSite","@id":"https:\/\/www.marinapalamos.com\/#website","url":"https:\/\/www.marinapalamos.com\/","name":"Marina Palam\u00f3s","description":"Marina Palam\u00f3s","potentialAction":[{"@type":"SearchAction","target":{"@type":"EntryPoint","urlTemplate":"https:\/\/www.marinapalamos.com\/?s={search_term_string}"},"query-input":{"@type":"PropertyValueSpecification","valueRequired":true,"valueName":"search_term_string"}}],"inLanguage":"ca"},{"@type":"Person","@id":"https:\/\/www.marinapalamos.com\/#\/schema\/person\/9604bbc17d32ce2823e8ffc3e3efb0f3","name":"Mauricio","image":{"@type":"ImageObject","inLanguage":"ca","@id":"https:\/\/secure.gravatar.com\/avatar\/66f31716a14ebbbf9d76c4d8a1e5e44ee4b8992044a9034b47ebd0c89cc8c57b?s=96&d=mm&r=g","url":"https:\/\/secure.gravatar.com\/avatar\/66f31716a14ebbbf9d76c4d8a1e5e44ee4b8992044a9034b47ebd0c89cc8c57b?s=96&d=mm&r=g","contentUrl":"https:\/\/secure.gravatar.com\/avatar\/66f31716a14ebbbf9d76c4d8a1e5e44ee4b8992044a9034b47ebd0c89cc8c57b?s=96&d=mm&r=g","caption":"Mauricio"},"url":"https:\/\/www.marinapalamos.com\/ca\/author\/mauricio\/"}]}},"_links":{"self":[{"href":"https:\/\/www.marinapalamos.com\/ca\/wp-json\/wp\/v2\/posts\/3881","targetHints":{"allow":["GET"]}}],"collection":[{"href":"https:\/\/www.marinapalamos.com\/ca\/wp-json\/wp\/v2\/posts"}],"about":[{"href":"https:\/\/www.marinapalamos.com\/ca\/wp-json\/wp\/v2\/types\/post"}],"author":[{"embeddable":true,"href":"https:\/\/www.marinapalamos.com\/ca\/wp-json\/wp\/v2\/users\/5"}],"replies":[{"embeddable":true,"href":"https:\/\/www.marinapalamos.com\/ca\/wp-json\/wp\/v2\/comments?post=3881"}],"version-history":[{"count":3,"href":"https:\/\/www.marinapalamos.com\/ca\/wp-json\/wp\/v2\/posts\/3881\/revisions"}],"predecessor-version":[{"id":3897,"href":"https:\/\/www.marinapalamos.com\/ca\/wp-json\/wp\/v2\/posts\/3881\/revisions\/3897"}],"wp:featuredmedia":[{"embeddable":true,"href":"https:\/\/www.marinapalamos.com\/ca\/wp-json\/wp\/v2\/media\/3885"}],"wp:attachment":[{"href":"https:\/\/www.marinapalamos.com\/ca\/wp-json\/wp\/v2\/media?parent=3881"}],"wp:term":[{"taxonomy":"category","embeddable":true,"href":"https:\/\/www.marinapalamos.com\/ca\/wp-json\/wp\/v2\/categories?post=3881"},{"taxonomy":"post_tag","embeddable":true,"href":"https:\/\/www.marinapalamos.com\/ca\/wp-json\/wp\/v2\/tags?post=3881"}],"curies":[{"name":"wp","href":"https:\/\/api.w.org\/{rel}","templated":true}]}}