{"id":4155,"date":"2023-05-31T10:45:22","date_gmt":"2023-05-31T10:45:22","guid":{"rendered":"https:\/\/www.marinapalamos.com\/?p=4155"},"modified":"2023-05-31T10:45:51","modified_gmt":"2023-05-31T10:45:51","slug":"atencio-situacio-demergencia-per-sequera","status":"publish","type":"post","link":"https:\/\/www.marinapalamos.com\/ca\/atencio-situacio-demergencia-per-sequera\/","title":{"rendered":"Atenci\u00f3: Situaci\u00f3 d&#8217;Emerg\u00e8ncia per Sequera"},"content":{"rendered":"<div class=\"fusion-fullwidth fullwidth-box fusion-builder-row-1 fusion-flex-container nonhundred-percent-fullwidth non-hundred-percent-height-scrolling\" style=\"--awb-border-radius-top-left:0px;--awb-border-radius-top-right:0px;--awb-border-radius-bottom-right:0px;--awb-border-radius-bottom-left:0px;--awb-flex-wrap:wrap;\" ><div class=\"fusion-builder-row fusion-row fusion-flex-align-items-flex-start fusion-flex-content-wrap\" style=\"max-width:1300px;margin-left: calc(-4% \/ 2 );margin-right: calc(-4% \/ 2 );\"><div class=\"fusion-layout-column fusion_builder_column fusion-builder-column-0 fusion_builder_column_1_1 1_1 fusion-flex-column\" style=\"--awb-bg-size:cover;--awb-width-large:100%;--awb-margin-top-large:0px;--awb-spacing-right-large:1.92%;--awb-margin-bottom-large:20px;--awb-spacing-left-large:1.92%;--awb-width-medium:100%;--awb-order-medium:0;--awb-spacing-right-medium:1.92%;--awb-spacing-left-medium:1.92%;--awb-width-small:100%;--awb-order-small:0;--awb-spacing-right-small:1.92%;--awb-spacing-left-small:1.92%;\"><div class=\"fusion-column-wrapper fusion-column-has-shadow fusion-flex-justify-content-flex-start fusion-content-layout-column\"><div class=\"fusion-text fusion-text-1\" style=\"--awb-text-transform:none;\"><p><em>&#8220;El nostre pa\u00eds, aix\u00ed com la resta de territoris ve\u00efns, est\u00e0 patint els primers efectes del que sense cap mena de dubte s\u00f3n les conseq\u00fc\u00e8ncies del canvi clim\u00e0tic planetari. La disminuci\u00f3 i la irregularitat dels episodis de pluja, aix\u00ed com un deficient control del cicle de l\u2019aigua, n\u2019estan complicant la gesti\u00f3 i comprometen la garantia de subministrament a curt, mig i llarg termini. Els ports esportius catalans tenim la responsabilitat social de contribuir en l\u2019estalvi i l\u2019efici\u00e8ncia en la gesti\u00f3 d\u2019aquest preuat i esc\u00e0s b\u00e9.&#8221;<\/em> Comunicat de Ports de Catalunya.<\/p>\n<\/div><div class=\"fusion-builder-row fusion-builder-row-inner fusion-row fusion-flex-align-items-flex-start fusion-flex-content-wrap\" style=\"--awb-flex-grow:0;--awb-flex-grow-medium:0;--awb-flex-grow-small:0;--awb-flex-shrink:0;--awb-flex-shrink-medium:0;--awb-flex-shrink-small:0;width:104% !important;max-width:104% !important;margin-left: calc(-4% \/ 2 );margin-right: calc(-4% \/ 2 );\"><div class=\"fusion-layout-column fusion_builder_column_inner fusion-builder-nested-column-0 fusion_builder_column_inner_1_2 1_2 fusion-flex-column\" style=\"--awb-bg-size:cover;--awb-width-large:50%;--awb-margin-top-large:0px;--awb-spacing-right-large:3.84%;--awb-margin-bottom-large:20px;--awb-spacing-left-large:3.84%;--awb-width-medium:50%;--awb-order-medium:0;--awb-spacing-right-medium:3.84%;--awb-spacing-left-medium:3.84%;--awb-width-small:100%;--awb-order-small:0;--awb-spacing-right-small:1.92%;--awb-spacing-left-small:1.92%;\"><div class=\"fusion-column-wrapper fusion-column-has-shadow fusion-flex-justify-content-flex-start fusion-content-layout-column\"><div class=\"fusion-image-element \" style=\"--awb-caption-title-font-family:var(--h2_typography-font-family);--awb-caption-title-font-weight:var(--h2_typography-font-weight);--awb-caption-title-font-style:var(--h2_typography-font-style);--awb-caption-title-size:var(--h2_typography-font-size);--awb-caption-title-transform:var(--h2_typography-text-transform);--awb-caption-title-line-height:var(--h2_typography-line-height);--awb-caption-title-letter-spacing:var(--h2_typography-letter-spacing);\"><span class=\" fusion-imageframe imageframe-none imageframe-1 hover-type-none\"><img decoding=\"async\" width=\"961\" height=\"642\" title=\"sequeraA\" src=\"https:\/\/www.marinapalamos.com\/wp-content\/uploads\/2023\/05\/sequeraA.png\" alt class=\"img-responsive wp-image-4162\" srcset=\"https:\/\/www.marinapalamos.com\/wp-content\/uploads\/2023\/05\/sequeraA-200x134.png 200w, https:\/\/www.marinapalamos.com\/wp-content\/uploads\/2023\/05\/sequeraA-400x267.png 400w, https:\/\/www.marinapalamos.com\/wp-content\/uploads\/2023\/05\/sequeraA-600x401.png 600w, https:\/\/www.marinapalamos.com\/wp-content\/uploads\/2023\/05\/sequeraA-800x534.png 800w, https:\/\/www.marinapalamos.com\/wp-content\/uploads\/2023\/05\/sequeraA.png 961w\" sizes=\"(max-width: 640px) 100vw, 600px\" \/><\/span><\/div><div class=\"fusion-text fusion-text-2\"><p><strong><a href=\"https:\/\/www.marinapalamos.com\/wp-content\/uploads\/2023\/05\/2poster-sequera-restriccions-excepcionalitat-1.pdf\">poster-sequera-restriccions-excepcionalitat (1)<\/a><\/strong><\/p>\n<\/div><\/div><\/div><div class=\"fusion-layout-column fusion_builder_column_inner fusion-builder-nested-column-1 fusion_builder_column_inner_1_2 1_2 fusion-flex-column\" style=\"--awb-bg-size:cover;--awb-width-large:50%;--awb-margin-top-large:0px;--awb-spacing-right-large:3.84%;--awb-margin-bottom-large:20px;--awb-spacing-left-large:3.84%;--awb-width-medium:50%;--awb-order-medium:0;--awb-spacing-right-medium:3.84%;--awb-spacing-left-medium:3.84%;--awb-width-small:100%;--awb-order-small:0;--awb-spacing-right-small:1.92%;--awb-spacing-left-small:1.92%;\"><div class=\"fusion-column-wrapper fusion-column-has-shadow fusion-flex-justify-content-flex-start fusion-content-layout-column\"><div class=\"fusion-image-element \" style=\"--awb-caption-title-font-family:var(--h2_typography-font-family);--awb-caption-title-font-weight:var(--h2_typography-font-weight);--awb-caption-title-font-style:var(--h2_typography-font-style);--awb-caption-title-size:var(--h2_typography-font-size);--awb-caption-title-transform:var(--h2_typography-text-transform);--awb-caption-title-line-height:var(--h2_typography-line-height);--awb-caption-title-letter-spacing:var(--h2_typography-letter-spacing);\"><span class=\" fusion-imageframe imageframe-none imageframe-2 hover-type-none\"><img decoding=\"async\" width=\"953\" height=\"727\" title=\"sequeraB\" src=\"https:\/\/www.marinapalamos.com\/wp-content\/uploads\/2023\/05\/sequeraB.png\" alt class=\"img-responsive wp-image-4165\" srcset=\"https:\/\/www.marinapalamos.com\/wp-content\/uploads\/2023\/05\/sequeraB-200x153.png 200w, https:\/\/www.marinapalamos.com\/wp-content\/uploads\/2023\/05\/sequeraB-400x305.png 400w, https:\/\/www.marinapalamos.com\/wp-content\/uploads\/2023\/05\/sequeraB-600x458.png 600w, https:\/\/www.marinapalamos.com\/wp-content\/uploads\/2023\/05\/sequeraB-800x610.png 800w, https:\/\/www.marinapalamos.com\/wp-content\/uploads\/2023\/05\/sequeraB.png 953w\" sizes=\"(max-width: 640px) 100vw, 600px\" \/><\/span><\/div><\/div><\/div><\/div><div class=\"fusion-image-element \" style=\"--awb-caption-title-font-family:var(--h2_typography-font-family);--awb-caption-title-font-weight:var(--h2_typography-font-weight);--awb-caption-title-font-style:var(--h2_typography-font-style);--awb-caption-title-size:var(--h2_typography-font-size);--awb-caption-title-transform:var(--h2_typography-text-transform);--awb-caption-title-line-height:var(--h2_typography-line-height);--awb-caption-title-letter-spacing:var(--h2_typography-letter-spacing);\"><span class=\" fusion-imageframe imageframe-none imageframe-3 hover-type-none\"><img decoding=\"async\" width=\"989\" height=\"461\" title=\"SequeraC\" src=\"https:\/\/www.marinapalamos.com\/wp-content\/uploads\/2023\/05\/SequeraC.png\" alt class=\"img-responsive wp-image-4169\" srcset=\"https:\/\/www.marinapalamos.com\/wp-content\/uploads\/2023\/05\/SequeraC-200x93.png 200w, https:\/\/www.marinapalamos.com\/wp-content\/uploads\/2023\/05\/SequeraC-400x186.png 400w, https:\/\/www.marinapalamos.com\/wp-content\/uploads\/2023\/05\/SequeraC-600x280.png 600w, https:\/\/www.marinapalamos.com\/wp-content\/uploads\/2023\/05\/SequeraC-800x373.png 800w, https:\/\/www.marinapalamos.com\/wp-content\/uploads\/2023\/05\/SequeraC.png 989w\" sizes=\"(max-width: 640px) 100vw, 989px\" \/><\/span><\/div><div class=\"fusion-text fusion-text-3\" style=\"--awb-text-transform:none;\"><p>Desde <strong>Port Marina Palam\u00f3s<\/strong>, us recordem les mesures d&#8217;estalvi en el consum d&#8217;aigua que hem enviat a tots el usuaris del port.<\/p>\n<p>Primer de tot, volem <strong>agra\u00efr la vostra bona disposici\u00f3 i col\u00b7laboraci\u00f3<\/strong> en l&#8217;aplicaci\u00f3 d&#8217;aquestes mesures que <strong>ha suposat una reducci\u00f3 signficativa del consum d&#8217;aigua respecte anys anteriors de fins a un 60%.<\/strong><\/p>\n<p>Ara comen\u00e7a la temporada d&#8217;estiu en qu\u00e8 l&#8217;\u00fas de les embarcacions ser\u00e0 m\u00e9s intens i freq\u00fcent i volem <strong>recordar-vos les mesures a seguir<\/strong> quant a l&#8217;\u00fas de l&#8217;aigua per a la neteja d&#8217;embarcacions, seguint les mesures de Ports de la Generalitat i de l&#8217;Ajuntament de Palam\u00f3s:<\/p>\n<p><span style=\"text-decoration: underline;\">\u00b7 Est\u00e0 prohibida la neteja d&#8217;embarcacions a raig als amarratges.<\/span><br \/>\n<span style=\"text-decoration: underline;\">\u00b7 Est\u00e0 permesa la neteja d&#8217;embarcacions als amarratges amb cub i motxo.<\/span><br \/>\n<span style=\"text-decoration: underline;\">\u00b7 Est\u00e0 permesa la neteja d&#8217;embarcacions al varador amb m\u00e0quina d&#8217;aigua a pressi\u00f3.<\/span><br \/>\n<span style=\"text-decoration: underline;\">\u00b7 Es permet fer \u00fas de l&#8217;aigua per omplir el dip\u00f2sit de l&#8217;embarcaci\u00f3.<\/span><\/p>\n<p>Tot i les plugues caigues en les darreres setmanes, la situaci\u00f3 de sequera persisteix de manera que mentre la situaci\u00f3 d&#8217;alerta hidrol\u00f2gica es prolongui, la Direcci\u00f3 del Port continuar\u00e0 vetllant per la moderaci\u00f3 en els consums d&#8217;aigua.<\/p>\n<p>En cas que es detect\u00e9s un increment significatiu en el consum i sense prejudici de possibles noves restricciones donades per les autoritats competents, no es descarta adoptar mesures com ara restriccions hor\u00e0ries o el tall total del subministrament d&#8217;aigua als amarratges.<\/p>\n<p>Esperem contuinar comptant amb la vostra col\u00b7laboraci\u00f3 i disposici\u00f3 per evitar arribar a aquestes mesures i poder mantenir el subministrament d&#8217;aigua obert en tot moment.<\/p>\n<p><strong>Gr\u00e0cies per la vostra col\u00b7laboraci\u00f3<\/strong> en aquest repte.<\/p>\n<\/div><\/div><\/div><div class=\"fusion-layout-column fusion_builder_column fusion-builder-column-1 fusion_builder_column_1_1 1_1 fusion-flex-column\" style=\"--awb-bg-size:cover;--awb-width-large:100%;--awb-margin-top-large:0px;--awb-spacing-right-large:1.92%;--awb-margin-bottom-large:20px;--awb-spacing-left-large:1.92%;--awb-width-medium:100%;--awb-order-medium:0;--awb-spacing-right-medium:1.92%;--awb-spacing-left-medium:1.92%;--awb-width-small:100%;--awb-order-small:0;--awb-spacing-right-small:1.92%;--awb-spacing-left-small:1.92%;\"><div class=\"fusion-column-wrapper fusion-column-has-shadow fusion-flex-justify-content-flex-start fusion-content-layout-column\"><\/div><\/div><\/div><\/div>\n","protected":false},"excerpt":{"rendered":"","protected":false},"author":5,"featured_media":4162,"comment_status":"open","ping_status":"closed","sticky":false,"template":"","format":"standard","meta":{"_acf_changed":false,"footnotes":""},"categories":[69],"tags":[],"class_list":["post-4155","post","type-post","status-publish","format-standard","has-post-thumbnail","hentry","category-blog-ca"],"acf":[],"yoast_head":"<!-- This site is optimized with the Yoast SEO plugin v27.5 - https:\/\/yoast.com\/product\/yoast-seo-wordpress\/ -->\n<title>Atenci\u00f3: Situaci\u00f3 d&#039;Emerg\u00e8ncia per Sequera - Marina Palam\u00f3s<\/title>\n<meta name=\"description\" content=\"Atenci\u00f3: Situaci\u00f3 d&#039;Emerg\u00e8ncia per Sequer\" \/>\n<meta name=\"robots\" content=\"index, follow, max-snippet:-1, max-image-preview:large, max-video-preview:-1\" \/>\n<link rel=\"canonical\" href=\"https:\/\/www.marinapalamos.com\/ca\/atencio-situacio-demergencia-per-sequera\/\" \/>\n<meta property=\"og:locale\" content=\"ca_ES\" \/>\n<meta property=\"og:type\" content=\"article\" \/>\n<meta property=\"og:title\" content=\"Atenci\u00f3: Situaci\u00f3 d&#039;Emerg\u00e8ncia per Sequera - Marina Palam\u00f3s\" \/>\n<meta property=\"og:description\" content=\"Atenci\u00f3: Situaci\u00f3 d&#039;Emerg\u00e8ncia per Sequer\" \/>\n<meta property=\"og:url\" content=\"https:\/\/www.marinapalamos.com\/ca\/atencio-situacio-demergencia-per-sequera\/\" \/>\n<meta property=\"og:site_name\" content=\"Marina Palam\u00f3s\" \/>\n<meta property=\"article:published_time\" content=\"2023-05-31T10:45:22+00:00\" \/>\n<meta property=\"article:modified_time\" content=\"2023-05-31T10:45:51+00:00\" \/>\n<meta property=\"og:image\" content=\"https:\/\/www.marinapalamos.com\/wp-content\/uploads\/2023\/05\/sequeraA.png\" \/>\n\t<meta property=\"og:image:width\" content=\"961\" \/>\n\t<meta property=\"og:image:height\" content=\"642\" \/>\n\t<meta property=\"og:image:type\" content=\"image\/png\" \/>\n<meta name=\"author\" content=\"Mauricio\" \/>\n<meta name=\"twitter:card\" content=\"summary_large_image\" \/>\n<meta name=\"twitter:label1\" content=\"Escrit per\" \/>\n\t<meta name=\"twitter:data1\" content=\"Mauricio\" \/>\n\t<meta name=\"twitter:label2\" content=\"Temps estimat de lectura\" \/>\n\t<meta name=\"twitter:data2\" content=\"7 minuts\" \/>\n<script type=\"application\/ld+json\" class=\"yoast-schema-graph\">{\"@context\":\"https:\\\/\\\/schema.org\",\"@graph\":[{\"@type\":\"Article\",\"@id\":\"https:\\\/\\\/www.marinapalamos.com\\\/ca\\\/atencio-situacio-demergencia-per-sequera\\\/#article\",\"isPartOf\":{\"@id\":\"https:\\\/\\\/www.marinapalamos.com\\\/ca\\\/atencio-situacio-demergencia-per-sequera\\\/\"},\"author\":{\"name\":\"Mauricio\",\"@id\":\"https:\\\/\\\/www.marinapalamos.com\\\/#\\\/schema\\\/person\\\/9604bbc17d32ce2823e8ffc3e3efb0f3\"},\"headline\":\"Atenci\u00f3: Situaci\u00f3 d&#8217;Emerg\u00e8ncia per Sequera\",\"datePublished\":\"2023-05-31T10:45:22+00:00\",\"dateModified\":\"2023-05-31T10:45:51+00:00\",\"mainEntityOfPage\":{\"@id\":\"https:\\\/\\\/www.marinapalamos.com\\\/ca\\\/atencio-situacio-demergencia-per-sequera\\\/\"},\"wordCount\":3133,\"commentCount\":0,\"image\":{\"@id\":\"https:\\\/\\\/www.marinapalamos.com\\\/ca\\\/atencio-situacio-demergencia-per-sequera\\\/#primaryimage\"},\"thumbnailUrl\":\"https:\\\/\\\/www.marinapalamos.com\\\/wp-content\\\/uploads\\\/2023\\\/05\\\/sequeraA.png\",\"articleSection\":[\"Blog\"],\"inLanguage\":\"ca\",\"potentialAction\":[{\"@type\":\"CommentAction\",\"name\":\"Comment\",\"target\":[\"https:\\\/\\\/www.marinapalamos.com\\\/ca\\\/atencio-situacio-demergencia-per-sequera\\\/#respond\"]}]},{\"@type\":\"WebPage\",\"@id\":\"https:\\\/\\\/www.marinapalamos.com\\\/ca\\\/atencio-situacio-demergencia-per-sequera\\\/\",\"url\":\"https:\\\/\\\/www.marinapalamos.com\\\/ca\\\/atencio-situacio-demergencia-per-sequera\\\/\",\"name\":\"Atenci\u00f3: Situaci\u00f3 d'Emerg\u00e8ncia per Sequera - Marina Palam\u00f3s\",\"isPartOf\":{\"@id\":\"https:\\\/\\\/www.marinapalamos.com\\\/#website\"},\"primaryImageOfPage\":{\"@id\":\"https:\\\/\\\/www.marinapalamos.com\\\/ca\\\/atencio-situacio-demergencia-per-sequera\\\/#primaryimage\"},\"image\":{\"@id\":\"https:\\\/\\\/www.marinapalamos.com\\\/ca\\\/atencio-situacio-demergencia-per-sequera\\\/#primaryimage\"},\"thumbnailUrl\":\"https:\\\/\\\/www.marinapalamos.com\\\/wp-content\\\/uploads\\\/2023\\\/05\\\/sequeraA.png\",\"datePublished\":\"2023-05-31T10:45:22+00:00\",\"dateModified\":\"2023-05-31T10:45:51+00:00\",\"author\":{\"@id\":\"https:\\\/\\\/www.marinapalamos.com\\\/#\\\/schema\\\/person\\\/9604bbc17d32ce2823e8ffc3e3efb0f3\"},\"description\":\"Atenci\u00f3: Situaci\u00f3 d'Emerg\u00e8ncia per Sequer\",\"breadcrumb\":{\"@id\":\"https:\\\/\\\/www.marinapalamos.com\\\/ca\\\/atencio-situacio-demergencia-per-sequera\\\/#breadcrumb\"},\"inLanguage\":\"ca\",\"potentialAction\":[{\"@type\":\"ReadAction\",\"target\":[\"https:\\\/\\\/www.marinapalamos.com\\\/ca\\\/atencio-situacio-demergencia-per-sequera\\\/\"]}]},{\"@type\":\"ImageObject\",\"inLanguage\":\"ca\",\"@id\":\"https:\\\/\\\/www.marinapalamos.com\\\/ca\\\/atencio-situacio-demergencia-per-sequera\\\/#primaryimage\",\"url\":\"https:\\\/\\\/www.marinapalamos.com\\\/wp-content\\\/uploads\\\/2023\\\/05\\\/sequeraA.png\",\"contentUrl\":\"https:\\\/\\\/www.marinapalamos.com\\\/wp-content\\\/uploads\\\/2023\\\/05\\\/sequeraA.png\",\"width\":961,\"height\":642},{\"@type\":\"BreadcrumbList\",\"@id\":\"https:\\\/\\\/www.marinapalamos.com\\\/ca\\\/atencio-situacio-demergencia-per-sequera\\\/#breadcrumb\",\"itemListElement\":[{\"@type\":\"ListItem\",\"position\":1,\"name\":\"Inicio\",\"item\":\"https:\\\/\\\/www.marinapalamos.com\\\/ca\\\/\"},{\"@type\":\"ListItem\",\"position\":2,\"name\":\"Atenci\u00f3: Situaci\u00f3 d&#8217;Emerg\u00e8ncia per Sequera\"}]},{\"@type\":\"WebSite\",\"@id\":\"https:\\\/\\\/www.marinapalamos.com\\\/#website\",\"url\":\"https:\\\/\\\/www.marinapalamos.com\\\/\",\"name\":\"Marina Palam\u00f3s\",\"description\":\"Marina Palam\u00f3s\",\"potentialAction\":[{\"@type\":\"SearchAction\",\"target\":{\"@type\":\"EntryPoint\",\"urlTemplate\":\"https:\\\/\\\/www.marinapalamos.com\\\/?s={search_term_string}\"},\"query-input\":{\"@type\":\"PropertyValueSpecification\",\"valueRequired\":true,\"valueName\":\"search_term_string\"}}],\"inLanguage\":\"ca\"},{\"@type\":\"Person\",\"@id\":\"https:\\\/\\\/www.marinapalamos.com\\\/#\\\/schema\\\/person\\\/9604bbc17d32ce2823e8ffc3e3efb0f3\",\"name\":\"Mauricio\",\"image\":{\"@type\":\"ImageObject\",\"inLanguage\":\"ca\",\"@id\":\"https:\\\/\\\/secure.gravatar.com\\\/avatar\\\/66f31716a14ebbbf9d76c4d8a1e5e44ee4b8992044a9034b47ebd0c89cc8c57b?s=96&d=mm&r=g\",\"url\":\"https:\\\/\\\/secure.gravatar.com\\\/avatar\\\/66f31716a14ebbbf9d76c4d8a1e5e44ee4b8992044a9034b47ebd0c89cc8c57b?s=96&d=mm&r=g\",\"contentUrl\":\"https:\\\/\\\/secure.gravatar.com\\\/avatar\\\/66f31716a14ebbbf9d76c4d8a1e5e44ee4b8992044a9034b47ebd0c89cc8c57b?s=96&d=mm&r=g\",\"caption\":\"Mauricio\"},\"url\":\"https:\\\/\\\/www.marinapalamos.com\\\/ca\\\/author\\\/mauricio\\\/\"}]}<\/script>\n<!-- \/ Yoast SEO plugin. -->","yoast_head_json":{"title":"Atenci\u00f3: Situaci\u00f3 d'Emerg\u00e8ncia per Sequera - Marina Palam\u00f3s","description":"Atenci\u00f3: Situaci\u00f3 d'Emerg\u00e8ncia per Sequer","robots":{"index":"index","follow":"follow","max-snippet":"max-snippet:-1","max-image-preview":"max-image-preview:large","max-video-preview":"max-video-preview:-1"},"canonical":"https:\/\/www.marinapalamos.com\/ca\/atencio-situacio-demergencia-per-sequera\/","og_locale":"ca_ES","og_type":"article","og_title":"Atenci\u00f3: Situaci\u00f3 d'Emerg\u00e8ncia per Sequera - Marina Palam\u00f3s","og_description":"Atenci\u00f3: Situaci\u00f3 d'Emerg\u00e8ncia per Sequer","og_url":"https:\/\/www.marinapalamos.com\/ca\/atencio-situacio-demergencia-per-sequera\/","og_site_name":"Marina Palam\u00f3s","article_published_time":"2023-05-31T10:45:22+00:00","article_modified_time":"2023-05-31T10:45:51+00:00","og_image":[{"width":961,"height":642,"url":"https:\/\/www.marinapalamos.com\/wp-content\/uploads\/2023\/05\/sequeraA.png","type":"image\/png"}],"author":"Mauricio","twitter_card":"summary_large_image","twitter_misc":{"Escrit per":"Mauricio","Temps estimat de lectura":"7 minuts"},"schema":{"@context":"https:\/\/schema.org","@graph":[{"@type":"Article","@id":"https:\/\/www.marinapalamos.com\/ca\/atencio-situacio-demergencia-per-sequera\/#article","isPartOf":{"@id":"https:\/\/www.marinapalamos.com\/ca\/atencio-situacio-demergencia-per-sequera\/"},"author":{"name":"Mauricio","@id":"https:\/\/www.marinapalamos.com\/#\/schema\/person\/9604bbc17d32ce2823e8ffc3e3efb0f3"},"headline":"Atenci\u00f3: Situaci\u00f3 d&#8217;Emerg\u00e8ncia per Sequera","datePublished":"2023-05-31T10:45:22+00:00","dateModified":"2023-05-31T10:45:51+00:00","mainEntityOfPage":{"@id":"https:\/\/www.marinapalamos.com\/ca\/atencio-situacio-demergencia-per-sequera\/"},"wordCount":3133,"commentCount":0,"image":{"@id":"https:\/\/www.marinapalamos.com\/ca\/atencio-situacio-demergencia-per-sequera\/#primaryimage"},"thumbnailUrl":"https:\/\/www.marinapalamos.com\/wp-content\/uploads\/2023\/05\/sequeraA.png","articleSection":["Blog"],"inLanguage":"ca","potentialAction":[{"@type":"CommentAction","name":"Comment","target":["https:\/\/www.marinapalamos.com\/ca\/atencio-situacio-demergencia-per-sequera\/#respond"]}]},{"@type":"WebPage","@id":"https:\/\/www.marinapalamos.com\/ca\/atencio-situacio-demergencia-per-sequera\/","url":"https:\/\/www.marinapalamos.com\/ca\/atencio-situacio-demergencia-per-sequera\/","name":"Atenci\u00f3: Situaci\u00f3 d'Emerg\u00e8ncia per Sequera - Marina Palam\u00f3s","isPartOf":{"@id":"https:\/\/www.marinapalamos.com\/#website"},"primaryImageOfPage":{"@id":"https:\/\/www.marinapalamos.com\/ca\/atencio-situacio-demergencia-per-sequera\/#primaryimage"},"image":{"@id":"https:\/\/www.marinapalamos.com\/ca\/atencio-situacio-demergencia-per-sequera\/#primaryimage"},"thumbnailUrl":"https:\/\/www.marinapalamos.com\/wp-content\/uploads\/2023\/05\/sequeraA.png","datePublished":"2023-05-31T10:45:22+00:00","dateModified":"2023-05-31T10:45:51+00:00","author":{"@id":"https:\/\/www.marinapalamos.com\/#\/schema\/person\/9604bbc17d32ce2823e8ffc3e3efb0f3"},"description":"Atenci\u00f3: Situaci\u00f3 d'Emerg\u00e8ncia per Sequer","breadcrumb":{"@id":"https:\/\/www.marinapalamos.com\/ca\/atencio-situacio-demergencia-per-sequera\/#breadcrumb"},"inLanguage":"ca","potentialAction":[{"@type":"ReadAction","target":["https:\/\/www.marinapalamos.com\/ca\/atencio-situacio-demergencia-per-sequera\/"]}]},{"@type":"ImageObject","inLanguage":"ca","@id":"https:\/\/www.marinapalamos.com\/ca\/atencio-situacio-demergencia-per-sequera\/#primaryimage","url":"https:\/\/www.marinapalamos.com\/wp-content\/uploads\/2023\/05\/sequeraA.png","contentUrl":"https:\/\/www.marinapalamos.com\/wp-content\/uploads\/2023\/05\/sequeraA.png","width":961,"height":642},{"@type":"BreadcrumbList","@id":"https:\/\/www.marinapalamos.com\/ca\/atencio-situacio-demergencia-per-sequera\/#breadcrumb","itemListElement":[{"@type":"ListItem","position":1,"name":"Inicio","item":"https:\/\/www.marinapalamos.com\/ca\/"},{"@type":"ListItem","position":2,"name":"Atenci\u00f3: Situaci\u00f3 d&#8217;Emerg\u00e8ncia per Sequera"}]},{"@type":"WebSite","@id":"https:\/\/www.marinapalamos.com\/#website","url":"https:\/\/www.marinapalamos.com\/","name":"Marina Palam\u00f3s","description":"Marina Palam\u00f3s","potentialAction":[{"@type":"SearchAction","target":{"@type":"EntryPoint","urlTemplate":"https:\/\/www.marinapalamos.com\/?s={search_term_string}"},"query-input":{"@type":"PropertyValueSpecification","valueRequired":true,"valueName":"search_term_string"}}],"inLanguage":"ca"},{"@type":"Person","@id":"https:\/\/www.marinapalamos.com\/#\/schema\/person\/9604bbc17d32ce2823e8ffc3e3efb0f3","name":"Mauricio","image":{"@type":"ImageObject","inLanguage":"ca","@id":"https:\/\/secure.gravatar.com\/avatar\/66f31716a14ebbbf9d76c4d8a1e5e44ee4b8992044a9034b47ebd0c89cc8c57b?s=96&d=mm&r=g","url":"https:\/\/secure.gravatar.com\/avatar\/66f31716a14ebbbf9d76c4d8a1e5e44ee4b8992044a9034b47ebd0c89cc8c57b?s=96&d=mm&r=g","contentUrl":"https:\/\/secure.gravatar.com\/avatar\/66f31716a14ebbbf9d76c4d8a1e5e44ee4b8992044a9034b47ebd0c89cc8c57b?s=96&d=mm&r=g","caption":"Mauricio"},"url":"https:\/\/www.marinapalamos.com\/ca\/author\/mauricio\/"}]}},"_links":{"self":[{"href":"https:\/\/www.marinapalamos.com\/ca\/wp-json\/wp\/v2\/posts\/4155","targetHints":{"allow":["GET"]}}],"collection":[{"href":"https:\/\/www.marinapalamos.com\/ca\/wp-json\/wp\/v2\/posts"}],"about":[{"href":"https:\/\/www.marinapalamos.com\/ca\/wp-json\/wp\/v2\/types\/post"}],"author":[{"embeddable":true,"href":"https:\/\/www.marinapalamos.com\/ca\/wp-json\/wp\/v2\/users\/5"}],"replies":[{"embeddable":true,"href":"https:\/\/www.marinapalamos.com\/ca\/wp-json\/wp\/v2\/comments?post=4155"}],"version-history":[{"count":2,"href":"https:\/\/www.marinapalamos.com\/ca\/wp-json\/wp\/v2\/posts\/4155\/revisions"}],"predecessor-version":[{"id":4177,"href":"https:\/\/www.marinapalamos.com\/ca\/wp-json\/wp\/v2\/posts\/4155\/revisions\/4177"}],"wp:featuredmedia":[{"embeddable":true,"href":"https:\/\/www.marinapalamos.com\/ca\/wp-json\/wp\/v2\/media\/4162"}],"wp:attachment":[{"href":"https:\/\/www.marinapalamos.com\/ca\/wp-json\/wp\/v2\/media?parent=4155"}],"wp:term":[{"taxonomy":"category","embeddable":true,"href":"https:\/\/www.marinapalamos.com\/ca\/wp-json\/wp\/v2\/categories?post=4155"},{"taxonomy":"post_tag","embeddable":true,"href":"https:\/\/www.marinapalamos.com\/ca\/wp-json\/wp\/v2\/tags?post=4155"}],"curies":[{"name":"wp","href":"https:\/\/api.w.org\/{rel}","templated":true}]}}