{"id":4189,"date":"2023-07-19T11:22:14","date_gmt":"2023-07-19T11:22:14","guid":{"rendered":"https:\/\/www.marinapalamos.com\/?p=4189"},"modified":"2023-07-19T11:49:42","modified_gmt":"2023-07-19T11:49:42","slug":"presentacio-de-la-declaracio-ambiental-fins-2026","status":"publish","type":"post","link":"https:\/\/www.marinapalamos.com\/ca\/presentacio-de-la-declaracio-ambiental-fins-2026\/","title":{"rendered":"Presentaci\u00f3 de la Declaraci\u00f3 Ambiental fins 2026"},"content":{"rendered":"<div class=\"fusion-fullwidth fullwidth-box fusion-builder-row-1 fusion-flex-container nonhundred-percent-fullwidth non-hundred-percent-height-scrolling\" style=\"--awb-border-radius-top-left:0px;--awb-border-radius-top-right:0px;--awb-border-radius-bottom-right:0px;--awb-border-radius-bottom-left:0px;--awb-flex-wrap:wrap;\" ><div class=\"fusion-builder-row fusion-row fusion-flex-align-items-flex-start fusion-flex-content-wrap\" style=\"max-width:1300px;margin-left: calc(-4% \/ 2 );margin-right: calc(-4% \/ 2 );\"><div class=\"fusion-layout-column fusion_builder_column fusion-builder-column-0 fusion_builder_column_1_1 1_1 fusion-flex-column\" style=\"--awb-bg-size:cover;--awb-width-large:100%;--awb-margin-top-large:0px;--awb-spacing-right-large:1.92%;--awb-margin-bottom-large:20px;--awb-spacing-left-large:1.92%;--awb-width-medium:100%;--awb-order-medium:0;--awb-spacing-right-medium:1.92%;--awb-spacing-left-medium:1.92%;--awb-width-small:100%;--awb-order-small:0;--awb-spacing-right-small:1.92%;--awb-spacing-left-small:1.92%;\"><div class=\"fusion-column-wrapper fusion-column-has-shadow fusion-flex-justify-content-flex-start fusion-content-layout-column\"><div class=\"fusion-text fusion-text-1\" style=\"--awb-text-transform:none;\"><p>Recentment hem elaborat la <strong>Declaraci\u00f3 Ambiental 2022<\/strong> i hem validat l&#8217;acreditaci\u00f3 EMAS, que tenim des de l&#8217;any 2008 i fins al 2026.<\/p>\n<p>T&#8217;estar\u00e0s preguntant: <strong>Qu\u00e8 \u00e9s exactament una declaraci\u00f3 ambiental?<\/strong><\/p>\n<p>L&#8217;objectiu de la declaraci\u00f3 mediambiental \u00e9s facilitar al p\u00fablic i a altres parts interessades<strong> informaci\u00f3 mediambiental respecte a l&#8217;impacte i el comportament mediambiental de l&#8217;organitzaci\u00f3<\/strong>, a m\u00e9s de reflectir la <strong>millora permanent del comportament<\/strong> en mat\u00e8ria de medi ambient en el marc de l&#8217;organitzaci\u00f3.<\/p>\n<p>Per dur a terme aquesta tasca, es fa \u00fas del sistema de gesti\u00f3 i auditoria ambiental anomenat <strong>EMAS.<\/strong><\/p>\n<p><strong>Qu\u00e8 \u00e9s l&#8217;EMAS?<br \/>\n<a href=\"https:\/\/mediambient.gencat.cat\/ca\/05_ambits_dactuacio\/empresa_i_produccio_sostenible\/sistemes_de_gestio\/sistemes_de_gestio_ambiental_iso_14001_i_emas\/emas\/que_es_lemas\/\">De gencat.com:<\/a> <\/strong>L&#8217;EMAS \u00e9s una <strong>eina d&#8217;\u00fas voluntari<\/strong> disponible per a qualsevol organitzaci\u00f3 que operi en algun sector econ\u00f2mic de la Uni\u00f3 Europea o fora de la Uni\u00f3 Europea i que vulgui:<\/p>\n<p>1. Assumir una responsabilitat ambiental i econ\u00f2mica.<br \/>\n2. Millorar-ne el comportament ambiental.<br \/>\n3. Comunicar els resultats ambientals a la societat ia les parts interessades en general.<\/p>\n<p>En general, els sistemes de gesti\u00f3 ambiental, com ara <strong>l&#8217;EMAS<\/strong>, ajuden les organitzacions a<strong> millorar l&#8217;efici\u00e8ncia dels seus recursos, reduir riscos i donar exemple<\/strong> amb la declaraci\u00f3 p\u00fablica de bones pr\u00e0ctiques.<\/p>\n<p>A <strong>Port Marina Palam\u00f3s<\/strong> realitzem una <strong>aposta forta<\/strong> pel respecte i la cura del medi ambient on es realitza l&#8217;activitat n\u00e0utica esportiva. Mitigant al m\u00e0xim l&#8217;efecte de la nostra activitat i fomentant <strong>accions a favor del medi ambient<\/strong> com:<\/p>\n<p><span style=\"text-decoration: underline;\"><strong>\u00b7 Generaci\u00f3 El\u00e8ctrica via Energia Solar Fotovoltaica:<\/strong><\/span> Generem un total de <strong>265.028 kWh anuals<\/strong>, que cobreixen un <strong>60% del consum<\/strong> anual d&#8217;energia el\u00e8ctrica.<\/p>\n<p><span style=\"text-decoration: underline;\"><strong>\u00b7 Reducci\u00f3 de consums mitjan\u00e7ant tecnologia LED.<\/strong><\/span><\/p>\n<p><span style=\"text-decoration: underline;\"><strong>\u00b7 Absorci\u00f3 de CO2 mitjan\u00e7ant la implantaci\u00f3 de gaireb\u00e9 4000 plantes noves:<\/strong><\/span> Vegetaci\u00f3 de diverses esp\u00e8cies que s&#8217;adapten f\u00e0cilment a l&#8217;entorn mar\u00ed i la zona geogr\u00e0fica del port.<\/p>\n<p><strong>\u00b7 Neutralitzaci\u00f3 de gasos contaminants<\/strong> produ\u00efts pels vehicles mitjan\u00e7ant la instal\u00b7laci\u00f3 de<strong> paviments fotocatal\u00edtics.<\/strong><\/p>\n<p><span style=\"text-decoration: underline;\"><strong>\u00b7 Sistemes de gesti\u00f3 de residus:<\/strong><\/span>\u00a0 Comptem amb instal\u00b7lacions per a la <strong>recollida i segregaci\u00f3 de residus assimilables a urbans.<\/strong> I instal\u00b7lacions per a la recollida i la segregaci\u00f3 de residus perillosos i no perillosos generats en el manteniment d&#8217;embarcacions.<\/p>\n<p><span style=\"text-decoration: underline;\"><strong>\u00b7 Gesti\u00f3 de les aig\u00fces de d\u00e0rsena i de les residuals.<\/strong><\/span><\/p>\n<p><span style=\"text-decoration: underline;\"><strong>\u00b7 Gesti\u00f3 sostenible mitjan\u00e7ant la depuraci\u00f3 de les aig\u00fces residuals produ\u00efdes a la zona de treball.<\/strong><\/span><\/p>\n<p><span style=\"text-decoration: underline;\"><strong>\u00b7 Regeneraci\u00f3 de la vida marina:\u00a0<\/strong><\/span> Comptem amb 12 sistemes LBU (Life Boosting Unit), s\u00f3n unes <strong>estructures marines<\/strong> fabricades amb carbonat c\u00e0lcic, un material natural com el corall, que <strong>mimetitzen la natura creant ecosistemes reals<\/strong>. En els darrers 12 mesos hem acollit <strong>m\u00e9s de 70 esp\u00e8cies marines<\/strong>, hem generat <strong>1,9kg de biomassa i 8869 kg d&#8217;oxigen<\/strong>. Podeu consultar les dades exactes en directe a <strong><a href=\"https:\/\/play.google.com\/store\/apps\/details?id=com.dribba.oes\">l&#8217;app d&#8217;OceanEcoestructures.<\/a><\/strong><\/p>\n<p>Pots trobar tota la documentaci\u00f3 i informaci\u00f3 detallada a la nostra secci\u00f3 de<a href=\"https:\/\/www.marinapalamos.com\/ca\/medi-ambient\/\"><strong> Medi Ambient.<\/strong><\/a><\/p>\n<p>Pots consultar la nostra <a href=\"https:\/\/www.marinapalamos.com\/wp-content\/uploads\/2023\/06\/dea2023validada.pdf\"><strong>Declaraci\u00f3 Ambiental 2022.<\/strong><\/a><\/p>\n<p>Agra\u00efm la col\u00b7laboraci\u00f3 i participaci\u00f3 de totes les parts implicades amb el <strong>comprom\u00eds per el medi ambient.<\/strong><\/p>\n<p><strong>Segueix-nos a Instagram<\/strong> per mantenir-te al dia de totes les activitats, esdeveniments i accions del port.<br \/>\n<a href=\"https:\/\/www.instagram.com\/portmarinapalamos\/\"><strong>@portmarinapalamos<\/strong><\/a><\/p>\n<\/div><\/div><\/div><div class=\"fusion-layout-column fusion_builder_column fusion-builder-column-1 fusion_builder_column_1_1 1_1 fusion-flex-column\" style=\"--awb-bg-size:cover;--awb-width-large:100%;--awb-margin-top-large:0px;--awb-spacing-right-large:1.92%;--awb-margin-bottom-large:20px;--awb-spacing-left-large:1.92%;--awb-width-medium:100%;--awb-order-medium:0;--awb-spacing-right-medium:1.92%;--awb-spacing-left-medium:1.92%;--awb-width-small:100%;--awb-order-small:0;--awb-spacing-right-small:1.92%;--awb-spacing-left-small:1.92%;\"><div class=\"fusion-column-wrapper fusion-column-has-shadow fusion-flex-justify-content-flex-start fusion-content-layout-column\"><\/div><\/div><\/div><\/div>\n","protected":false},"excerpt":{"rendered":"","protected":false},"author":5,"featured_media":4308,"comment_status":"open","ping_status":"closed","sticky":false,"template":"","format":"standard","meta":{"_acf_changed":false,"footnotes":""},"categories":[69],"tags":[],"class_list":["post-4189","post","type-post","status-publish","format-standard","has-post-thumbnail","hentry","category-blog-ca"],"acf":[],"yoast_head":"<!-- This site is optimized with the Yoast SEO plugin v27.5 - https:\/\/yoast.com\/product\/yoast-seo-wordpress\/ -->\n<title>Presentaci\u00f3 de la Declaraci\u00f3 Ambiental fins 2026 - Marina Palam\u00f3s<\/title>\n<meta name=\"description\" content=\"Recientemente hemos recibido la validaci\u00f3n de nuestra Declaraci\u00f3n Ambiental 2022 por parte de la Generalitat de Catalunya. \u00bfQu\u00e9 es exactamente una declaraci\u00f3n ambiental?\" \/>\n<meta name=\"robots\" content=\"index, follow, max-snippet:-1, max-image-preview:large, max-video-preview:-1\" \/>\n<link rel=\"canonical\" href=\"https:\/\/www.marinapalamos.com\/ca\/presentacio-de-la-declaracio-ambiental-fins-2026\/\" \/>\n<meta property=\"og:locale\" content=\"ca_ES\" \/>\n<meta property=\"og:type\" content=\"article\" \/>\n<meta property=\"og:title\" content=\"Presentaci\u00f3 de la Declaraci\u00f3 Ambiental fins 2026 - Marina Palam\u00f3s\" \/>\n<meta property=\"og:description\" content=\"Recientemente hemos recibido la validaci\u00f3n de nuestra Declaraci\u00f3n Ambiental 2022 por parte de la Generalitat de Catalunya. \u00bfQu\u00e9 es exactamente una declaraci\u00f3n ambiental?\" \/>\n<meta property=\"og:url\" content=\"https:\/\/www.marinapalamos.com\/ca\/presentacio-de-la-declaracio-ambiental-fins-2026\/\" \/>\n<meta property=\"og:site_name\" content=\"Marina Palam\u00f3s\" \/>\n<meta property=\"article:published_time\" content=\"2023-07-19T11:22:14+00:00\" \/>\n<meta property=\"article:modified_time\" content=\"2023-07-19T11:49:42+00:00\" \/>\n<meta property=\"og:image\" content=\"https:\/\/www.marinapalamos.com\/wp-content\/uploads\/2023\/07\/EMAS.png\" \/>\n\t<meta property=\"og:image:width\" content=\"598\" \/>\n\t<meta property=\"og:image:height\" content=\"338\" \/>\n\t<meta property=\"og:image:type\" content=\"image\/png\" \/>\n<meta name=\"author\" content=\"Mauricio\" \/>\n<meta name=\"twitter:card\" content=\"summary_large_image\" \/>\n<meta name=\"twitter:label1\" content=\"Escrit per\" \/>\n\t<meta name=\"twitter:data1\" content=\"Mauricio\" \/>\n\t<meta name=\"twitter:label2\" content=\"Temps estimat de lectura\" \/>\n\t<meta name=\"twitter:data2\" content=\"4 minuts\" \/>\n<script type=\"application\/ld+json\" class=\"yoast-schema-graph\">{\"@context\":\"https:\\\/\\\/schema.org\",\"@graph\":[{\"@type\":\"Article\",\"@id\":\"https:\\\/\\\/www.marinapalamos.com\\\/ca\\\/presentacio-de-la-declaracio-ambiental-fins-2026\\\/#article\",\"isPartOf\":{\"@id\":\"https:\\\/\\\/www.marinapalamos.com\\\/ca\\\/presentacio-de-la-declaracio-ambiental-fins-2026\\\/\"},\"author\":{\"name\":\"Mauricio\",\"@id\":\"https:\\\/\\\/www.marinapalamos.com\\\/#\\\/schema\\\/person\\\/9604bbc17d32ce2823e8ffc3e3efb0f3\"},\"headline\":\"Presentaci\u00f3 de la Declaraci\u00f3 Ambiental fins 2026\",\"datePublished\":\"2023-07-19T11:22:14+00:00\",\"dateModified\":\"2023-07-19T11:49:42+00:00\",\"mainEntityOfPage\":{\"@id\":\"https:\\\/\\\/www.marinapalamos.com\\\/ca\\\/presentacio-de-la-declaracio-ambiental-fins-2026\\\/\"},\"wordCount\":1441,\"commentCount\":0,\"image\":{\"@id\":\"https:\\\/\\\/www.marinapalamos.com\\\/ca\\\/presentacio-de-la-declaracio-ambiental-fins-2026\\\/#primaryimage\"},\"thumbnailUrl\":\"https:\\\/\\\/www.marinapalamos.com\\\/wp-content\\\/uploads\\\/2023\\\/07\\\/EMAS.png\",\"articleSection\":[\"Blog\"],\"inLanguage\":\"ca\",\"potentialAction\":[{\"@type\":\"CommentAction\",\"name\":\"Comment\",\"target\":[\"https:\\\/\\\/www.marinapalamos.com\\\/ca\\\/presentacio-de-la-declaracio-ambiental-fins-2026\\\/#respond\"]}]},{\"@type\":\"WebPage\",\"@id\":\"https:\\\/\\\/www.marinapalamos.com\\\/ca\\\/presentacio-de-la-declaracio-ambiental-fins-2026\\\/\",\"url\":\"https:\\\/\\\/www.marinapalamos.com\\\/ca\\\/presentacio-de-la-declaracio-ambiental-fins-2026\\\/\",\"name\":\"Presentaci\u00f3 de la Declaraci\u00f3 Ambiental fins 2026 - Marina Palam\u00f3s\",\"isPartOf\":{\"@id\":\"https:\\\/\\\/www.marinapalamos.com\\\/#website\"},\"primaryImageOfPage\":{\"@id\":\"https:\\\/\\\/www.marinapalamos.com\\\/ca\\\/presentacio-de-la-declaracio-ambiental-fins-2026\\\/#primaryimage\"},\"image\":{\"@id\":\"https:\\\/\\\/www.marinapalamos.com\\\/ca\\\/presentacio-de-la-declaracio-ambiental-fins-2026\\\/#primaryimage\"},\"thumbnailUrl\":\"https:\\\/\\\/www.marinapalamos.com\\\/wp-content\\\/uploads\\\/2023\\\/07\\\/EMAS.png\",\"datePublished\":\"2023-07-19T11:22:14+00:00\",\"dateModified\":\"2023-07-19T11:49:42+00:00\",\"author\":{\"@id\":\"https:\\\/\\\/www.marinapalamos.com\\\/#\\\/schema\\\/person\\\/9604bbc17d32ce2823e8ffc3e3efb0f3\"},\"description\":\"Recientemente hemos recibido la validaci\u00f3n de nuestra Declaraci\u00f3n Ambiental 2022 por parte de la Generalitat de Catalunya. \u00bfQu\u00e9 es exactamente una declaraci\u00f3n ambiental?\",\"breadcrumb\":{\"@id\":\"https:\\\/\\\/www.marinapalamos.com\\\/ca\\\/presentacio-de-la-declaracio-ambiental-fins-2026\\\/#breadcrumb\"},\"inLanguage\":\"ca\",\"potentialAction\":[{\"@type\":\"ReadAction\",\"target\":[\"https:\\\/\\\/www.marinapalamos.com\\\/ca\\\/presentacio-de-la-declaracio-ambiental-fins-2026\\\/\"]}]},{\"@type\":\"ImageObject\",\"inLanguage\":\"ca\",\"@id\":\"https:\\\/\\\/www.marinapalamos.com\\\/ca\\\/presentacio-de-la-declaracio-ambiental-fins-2026\\\/#primaryimage\",\"url\":\"https:\\\/\\\/www.marinapalamos.com\\\/wp-content\\\/uploads\\\/2023\\\/07\\\/EMAS.png\",\"contentUrl\":\"https:\\\/\\\/www.marinapalamos.com\\\/wp-content\\\/uploads\\\/2023\\\/07\\\/EMAS.png\",\"width\":598,\"height\":338},{\"@type\":\"BreadcrumbList\",\"@id\":\"https:\\\/\\\/www.marinapalamos.com\\\/ca\\\/presentacio-de-la-declaracio-ambiental-fins-2026\\\/#breadcrumb\",\"itemListElement\":[{\"@type\":\"ListItem\",\"position\":1,\"name\":\"Inicio\",\"item\":\"https:\\\/\\\/www.marinapalamos.com\\\/ca\\\/\"},{\"@type\":\"ListItem\",\"position\":2,\"name\":\"Presentaci\u00f3 de la Declaraci\u00f3 Ambiental fins 2026\"}]},{\"@type\":\"WebSite\",\"@id\":\"https:\\\/\\\/www.marinapalamos.com\\\/#website\",\"url\":\"https:\\\/\\\/www.marinapalamos.com\\\/\",\"name\":\"Marina Palam\u00f3s\",\"description\":\"Marina Palam\u00f3s\",\"potentialAction\":[{\"@type\":\"SearchAction\",\"target\":{\"@type\":\"EntryPoint\",\"urlTemplate\":\"https:\\\/\\\/www.marinapalamos.com\\\/?s={search_term_string}\"},\"query-input\":{\"@type\":\"PropertyValueSpecification\",\"valueRequired\":true,\"valueName\":\"search_term_string\"}}],\"inLanguage\":\"ca\"},{\"@type\":\"Person\",\"@id\":\"https:\\\/\\\/www.marinapalamos.com\\\/#\\\/schema\\\/person\\\/9604bbc17d32ce2823e8ffc3e3efb0f3\",\"name\":\"Mauricio\",\"image\":{\"@type\":\"ImageObject\",\"inLanguage\":\"ca\",\"@id\":\"https:\\\/\\\/secure.gravatar.com\\\/avatar\\\/66f31716a14ebbbf9d76c4d8a1e5e44ee4b8992044a9034b47ebd0c89cc8c57b?s=96&d=mm&r=g\",\"url\":\"https:\\\/\\\/secure.gravatar.com\\\/avatar\\\/66f31716a14ebbbf9d76c4d8a1e5e44ee4b8992044a9034b47ebd0c89cc8c57b?s=96&d=mm&r=g\",\"contentUrl\":\"https:\\\/\\\/secure.gravatar.com\\\/avatar\\\/66f31716a14ebbbf9d76c4d8a1e5e44ee4b8992044a9034b47ebd0c89cc8c57b?s=96&d=mm&r=g\",\"caption\":\"Mauricio\"},\"url\":\"https:\\\/\\\/www.marinapalamos.com\\\/ca\\\/author\\\/mauricio\\\/\"}]}<\/script>\n<!-- \/ Yoast SEO plugin. -->","yoast_head_json":{"title":"Presentaci\u00f3 de la Declaraci\u00f3 Ambiental fins 2026 - Marina Palam\u00f3s","description":"Recientemente hemos recibido la validaci\u00f3n de nuestra Declaraci\u00f3n Ambiental 2022 por parte de la Generalitat de Catalunya. \u00bfQu\u00e9 es exactamente una declaraci\u00f3n ambiental?","robots":{"index":"index","follow":"follow","max-snippet":"max-snippet:-1","max-image-preview":"max-image-preview:large","max-video-preview":"max-video-preview:-1"},"canonical":"https:\/\/www.marinapalamos.com\/ca\/presentacio-de-la-declaracio-ambiental-fins-2026\/","og_locale":"ca_ES","og_type":"article","og_title":"Presentaci\u00f3 de la Declaraci\u00f3 Ambiental fins 2026 - Marina Palam\u00f3s","og_description":"Recientemente hemos recibido la validaci\u00f3n de nuestra Declaraci\u00f3n Ambiental 2022 por parte de la Generalitat de Catalunya. \u00bfQu\u00e9 es exactamente una declaraci\u00f3n ambiental?","og_url":"https:\/\/www.marinapalamos.com\/ca\/presentacio-de-la-declaracio-ambiental-fins-2026\/","og_site_name":"Marina Palam\u00f3s","article_published_time":"2023-07-19T11:22:14+00:00","article_modified_time":"2023-07-19T11:49:42+00:00","og_image":[{"width":598,"height":338,"url":"https:\/\/www.marinapalamos.com\/wp-content\/uploads\/2023\/07\/EMAS.png","type":"image\/png"}],"author":"Mauricio","twitter_card":"summary_large_image","twitter_misc":{"Escrit per":"Mauricio","Temps estimat de lectura":"4 minuts"},"schema":{"@context":"https:\/\/schema.org","@graph":[{"@type":"Article","@id":"https:\/\/www.marinapalamos.com\/ca\/presentacio-de-la-declaracio-ambiental-fins-2026\/#article","isPartOf":{"@id":"https:\/\/www.marinapalamos.com\/ca\/presentacio-de-la-declaracio-ambiental-fins-2026\/"},"author":{"name":"Mauricio","@id":"https:\/\/www.marinapalamos.com\/#\/schema\/person\/9604bbc17d32ce2823e8ffc3e3efb0f3"},"headline":"Presentaci\u00f3 de la Declaraci\u00f3 Ambiental fins 2026","datePublished":"2023-07-19T11:22:14+00:00","dateModified":"2023-07-19T11:49:42+00:00","mainEntityOfPage":{"@id":"https:\/\/www.marinapalamos.com\/ca\/presentacio-de-la-declaracio-ambiental-fins-2026\/"},"wordCount":1441,"commentCount":0,"image":{"@id":"https:\/\/www.marinapalamos.com\/ca\/presentacio-de-la-declaracio-ambiental-fins-2026\/#primaryimage"},"thumbnailUrl":"https:\/\/www.marinapalamos.com\/wp-content\/uploads\/2023\/07\/EMAS.png","articleSection":["Blog"],"inLanguage":"ca","potentialAction":[{"@type":"CommentAction","name":"Comment","target":["https:\/\/www.marinapalamos.com\/ca\/presentacio-de-la-declaracio-ambiental-fins-2026\/#respond"]}]},{"@type":"WebPage","@id":"https:\/\/www.marinapalamos.com\/ca\/presentacio-de-la-declaracio-ambiental-fins-2026\/","url":"https:\/\/www.marinapalamos.com\/ca\/presentacio-de-la-declaracio-ambiental-fins-2026\/","name":"Presentaci\u00f3 de la Declaraci\u00f3 Ambiental fins 2026 - Marina Palam\u00f3s","isPartOf":{"@id":"https:\/\/www.marinapalamos.com\/#website"},"primaryImageOfPage":{"@id":"https:\/\/www.marinapalamos.com\/ca\/presentacio-de-la-declaracio-ambiental-fins-2026\/#primaryimage"},"image":{"@id":"https:\/\/www.marinapalamos.com\/ca\/presentacio-de-la-declaracio-ambiental-fins-2026\/#primaryimage"},"thumbnailUrl":"https:\/\/www.marinapalamos.com\/wp-content\/uploads\/2023\/07\/EMAS.png","datePublished":"2023-07-19T11:22:14+00:00","dateModified":"2023-07-19T11:49:42+00:00","author":{"@id":"https:\/\/www.marinapalamos.com\/#\/schema\/person\/9604bbc17d32ce2823e8ffc3e3efb0f3"},"description":"Recientemente hemos recibido la validaci\u00f3n de nuestra Declaraci\u00f3n Ambiental 2022 por parte de la Generalitat de Catalunya. \u00bfQu\u00e9 es exactamente una declaraci\u00f3n ambiental?","breadcrumb":{"@id":"https:\/\/www.marinapalamos.com\/ca\/presentacio-de-la-declaracio-ambiental-fins-2026\/#breadcrumb"},"inLanguage":"ca","potentialAction":[{"@type":"ReadAction","target":["https:\/\/www.marinapalamos.com\/ca\/presentacio-de-la-declaracio-ambiental-fins-2026\/"]}]},{"@type":"ImageObject","inLanguage":"ca","@id":"https:\/\/www.marinapalamos.com\/ca\/presentacio-de-la-declaracio-ambiental-fins-2026\/#primaryimage","url":"https:\/\/www.marinapalamos.com\/wp-content\/uploads\/2023\/07\/EMAS.png","contentUrl":"https:\/\/www.marinapalamos.com\/wp-content\/uploads\/2023\/07\/EMAS.png","width":598,"height":338},{"@type":"BreadcrumbList","@id":"https:\/\/www.marinapalamos.com\/ca\/presentacio-de-la-declaracio-ambiental-fins-2026\/#breadcrumb","itemListElement":[{"@type":"ListItem","position":1,"name":"Inicio","item":"https:\/\/www.marinapalamos.com\/ca\/"},{"@type":"ListItem","position":2,"name":"Presentaci\u00f3 de la Declaraci\u00f3 Ambiental fins 2026"}]},{"@type":"WebSite","@id":"https:\/\/www.marinapalamos.com\/#website","url":"https:\/\/www.marinapalamos.com\/","name":"Marina Palam\u00f3s","description":"Marina Palam\u00f3s","potentialAction":[{"@type":"SearchAction","target":{"@type":"EntryPoint","urlTemplate":"https:\/\/www.marinapalamos.com\/?s={search_term_string}"},"query-input":{"@type":"PropertyValueSpecification","valueRequired":true,"valueName":"search_term_string"}}],"inLanguage":"ca"},{"@type":"Person","@id":"https:\/\/www.marinapalamos.com\/#\/schema\/person\/9604bbc17d32ce2823e8ffc3e3efb0f3","name":"Mauricio","image":{"@type":"ImageObject","inLanguage":"ca","@id":"https:\/\/secure.gravatar.com\/avatar\/66f31716a14ebbbf9d76c4d8a1e5e44ee4b8992044a9034b47ebd0c89cc8c57b?s=96&d=mm&r=g","url":"https:\/\/secure.gravatar.com\/avatar\/66f31716a14ebbbf9d76c4d8a1e5e44ee4b8992044a9034b47ebd0c89cc8c57b?s=96&d=mm&r=g","contentUrl":"https:\/\/secure.gravatar.com\/avatar\/66f31716a14ebbbf9d76c4d8a1e5e44ee4b8992044a9034b47ebd0c89cc8c57b?s=96&d=mm&r=g","caption":"Mauricio"},"url":"https:\/\/www.marinapalamos.com\/ca\/author\/mauricio\/"}]}},"_links":{"self":[{"href":"https:\/\/www.marinapalamos.com\/ca\/wp-json\/wp\/v2\/posts\/4189","targetHints":{"allow":["GET"]}}],"collection":[{"href":"https:\/\/www.marinapalamos.com\/ca\/wp-json\/wp\/v2\/posts"}],"about":[{"href":"https:\/\/www.marinapalamos.com\/ca\/wp-json\/wp\/v2\/types\/post"}],"author":[{"embeddable":true,"href":"https:\/\/www.marinapalamos.com\/ca\/wp-json\/wp\/v2\/users\/5"}],"replies":[{"embeddable":true,"href":"https:\/\/www.marinapalamos.com\/ca\/wp-json\/wp\/v2\/comments?post=4189"}],"version-history":[{"count":10,"href":"https:\/\/www.marinapalamos.com\/ca\/wp-json\/wp\/v2\/posts\/4189\/revisions"}],"predecessor-version":[{"id":4313,"href":"https:\/\/www.marinapalamos.com\/ca\/wp-json\/wp\/v2\/posts\/4189\/revisions\/4313"}],"wp:featuredmedia":[{"embeddable":true,"href":"https:\/\/www.marinapalamos.com\/ca\/wp-json\/wp\/v2\/media\/4308"}],"wp:attachment":[{"href":"https:\/\/www.marinapalamos.com\/ca\/wp-json\/wp\/v2\/media?parent=4189"}],"wp:term":[{"taxonomy":"category","embeddable":true,"href":"https:\/\/www.marinapalamos.com\/ca\/wp-json\/wp\/v2\/categories?post=4189"},{"taxonomy":"post_tag","embeddable":true,"href":"https:\/\/www.marinapalamos.com\/ca\/wp-json\/wp\/v2\/tags?post=4189"}],"curies":[{"name":"wp","href":"https:\/\/api.w.org\/{rel}","templated":true}]}}