{"id":5273,"date":"2024-04-24T11:44:50","date_gmt":"2024-04-24T11:44:50","guid":{"rendered":"https:\/\/www.marinapalamos.com\/?p=5273"},"modified":"2024-04-25T11:43:48","modified_gmt":"2024-04-25T11:43:48","slug":"nou-ascensor-panoramic","status":"publish","type":"post","link":"https:\/\/www.marinapalamos.com\/ca\/nou-ascensor-panoramic\/","title":{"rendered":"Nou ascensor panor\u00e0mic"},"content":{"rendered":"<div class=\"fusion-fullwidth fullwidth-box fusion-builder-row-1 fusion-flex-container nonhundred-percent-fullwidth non-hundred-percent-height-scrolling\" style=\"--awb-border-radius-top-left:0px;--awb-border-radius-top-right:0px;--awb-border-radius-bottom-right:0px;--awb-border-radius-bottom-left:0px;--awb-flex-wrap:wrap;\" ><div class=\"fusion-builder-row fusion-row fusion-flex-align-items-flex-start fusion-flex-content-wrap\" style=\"max-width:1300px;margin-left: calc(-4% \/ 2 );margin-right: calc(-4% \/ 2 );\"><div class=\"fusion-layout-column fusion_builder_column fusion-builder-column-0 fusion_builder_column_1_1 1_1 fusion-flex-column\" style=\"--awb-bg-size:cover;--awb-width-large:100%;--awb-margin-top-large:0px;--awb-spacing-right-large:1.92%;--awb-margin-bottom-large:20px;--awb-spacing-left-large:1.92%;--awb-width-medium:100%;--awb-order-medium:0;--awb-spacing-right-medium:1.92%;--awb-spacing-left-medium:1.92%;--awb-width-small:100%;--awb-order-small:0;--awb-spacing-right-small:1.92%;--awb-spacing-left-small:1.92%;\"><div class=\"fusion-column-wrapper fusion-column-has-shadow fusion-flex-justify-content-flex-start fusion-content-layout-column\"><div class=\"fusion-text fusion-text-1\" style=\"--awb-text-transform:none;\"><p><span style=\"font-weight: 400;\">Durant l&#8217;\u00faltim trimestre de l&#8217;any 2023, vam donar inici a les obres d&#8217;un ascensor panor\u00e0mic en col\u00b7laboraci\u00f3 amb prove\u00efdors: Arumi Orona i Flexbrick\u00ae, que s&#8217;encarreguen de la fabricaci\u00f3 de la passarel\u00b7la, l&#8217;estructura i els tancaments.<\/span><\/p>\n<p><span style=\"font-weight: 400;\">Aquest projecte \u00e9s fruit d&#8217;un gran esfor\u00e7 i una visi\u00f3 ambiciosa, que <strong>es va originar a partir de la proposta d&#8217;integraci\u00f3 Port-Municipi presentada per Ports de la Generalitat<\/strong>. En el nostre cas, l&#8217;ascensor panor\u00e0mic permetr\u00e0 <strong>unir el centre hist\u00f2ric de Palam\u00f3s amb el tram Palam\u00f3s &#8211; Castell, del Cam\u00ed de Ronda<\/strong> a trav\u00e9s del passeig mar\u00edtim del Port Marina Palam\u00f3s.<\/span><\/p>\n<p><img decoding=\"async\" class=\"size-full wp-image-5275 aligncenter\" src=\"https:\/\/www.marinapalamos.com\/wp-content\/uploads\/2024\/04\/ascensorpanoramic-e1713958584951.jpg\" alt=\"\" width=\"376\" height=\"226\"><\/p>\n<p><span style=\"font-weight: 400;\">El nostre objectiu \u00e9s eliminar aquesta dist\u00e0ncia que impedeix l&#8217;acc\u00e9s al port i demostrar que som un port accessible per a tothom. L&#8217;exist\u00e8ncia d&#8217;una barrera f\u00edsica no implica que l&#8217;entrada estigui restringida nom\u00e9s a propietaris d&#8217;amarrament, sin\u00f3 que <strong>qualsevol persona<\/strong>, amant de la mar o no, <strong>pot accedir i gaudir de les nostres instal\u00b7lacions<\/strong>. Ja sigui per a sortir a navegar en veler, embarcaci\u00f3 de motor, moto d&#8217;aigua o caiac, o simplement per a gaudir d&#8217;un bon \u00e0pat o relaxar-se a l&#8217;aire lliure.<\/span><\/p>\n<p><span style=\"font-weight: 400;\">Ens complau informar que l&#8217;obra avan\u00e7a a bon ritme, ja que donem per finalitzada la fonamentaci\u00f3 i comencen els treballs de muntatge de l&#8217;estructura superior. Estarem atents per a mantenir-los informats sobre la seva evoluci\u00f3.<\/span><\/p>\n<p>Segueix-nos a Instagram per estar al dia! <strong><a href=\"https:\/\/www.instagram.com\/portmarinapalamos\/\">@portmarinapalamos<\/a><\/strong><\/p>\n<\/div><\/div><\/div><div class=\"fusion-layout-column fusion_builder_column fusion-builder-column-1 fusion_builder_column_1_1 1_1 fusion-flex-column\" style=\"--awb-bg-size:cover;--awb-width-large:100%;--awb-margin-top-large:0px;--awb-spacing-right-large:1.92%;--awb-margin-bottom-large:20px;--awb-spacing-left-large:1.92%;--awb-width-medium:100%;--awb-order-medium:0;--awb-spacing-right-medium:1.92%;--awb-spacing-left-medium:1.92%;--awb-width-small:100%;--awb-order-small:0;--awb-spacing-right-small:1.92%;--awb-spacing-left-small:1.92%;\"><div class=\"fusion-column-wrapper fusion-column-has-shadow fusion-flex-justify-content-flex-start fusion-content-layout-column\"><\/div><\/div><\/div><\/div>\n","protected":false},"excerpt":{"rendered":"","protected":false},"author":5,"featured_media":5276,"comment_status":"open","ping_status":"closed","sticky":false,"template":"","format":"standard","meta":{"_acf_changed":false,"footnotes":""},"categories":[69],"tags":[],"class_list":["post-5273","post","type-post","status-publish","format-standard","has-post-thumbnail","hentry","category-blog-ca"],"acf":[],"yoast_head":"<!-- This site is optimized with the Yoast SEO plugin v27.5 - https:\/\/yoast.com\/product\/yoast-seo-wordpress\/ -->\n<title>Nou ascensor panor\u00e0mic - Marina Palam\u00f3s<\/title>\n<meta name=\"description\" content=\"El ascensor panor\u00e1mico permitir\u00e1 unir el casco hist\u00f3rico de Palam\u00f3s con el tramo Palam\u00f3s - Castell del Cam\u00ed de Ronda a trav\u00e9s del paseo mar\u00edtimo de Port Marina Palam\u00f3s.\" \/>\n<meta name=\"robots\" content=\"index, follow, max-snippet:-1, max-image-preview:large, max-video-preview:-1\" \/>\n<link rel=\"canonical\" href=\"https:\/\/www.marinapalamos.com\/nuevo-ascensor-panoramico\/\" \/>\n<meta property=\"og:locale\" content=\"ca_ES\" \/>\n<meta property=\"og:type\" content=\"article\" \/>\n<meta property=\"og:title\" content=\"Nou ascensor panor\u00e0mic - Marina Palam\u00f3s\" \/>\n<meta property=\"og:description\" content=\"El ascensor panor\u00e1mico permitir\u00e1 unir el casco hist\u00f3rico de Palam\u00f3s con el tramo Palam\u00f3s - Castell del Cam\u00ed de Ronda a trav\u00e9s del paseo mar\u00edtimo de Port Marina Palam\u00f3s.\" \/>\n<meta property=\"og:url\" content=\"https:\/\/www.marinapalamos.com\/nuevo-ascensor-panoramico\/\" \/>\n<meta property=\"og:site_name\" content=\"Marina Palam\u00f3s\" \/>\n<meta property=\"article:published_time\" content=\"2024-04-24T11:44:50+00:00\" \/>\n<meta property=\"article:modified_time\" content=\"2024-04-25T11:43:48+00:00\" \/>\n<meta property=\"og:image\" content=\"https:\/\/www.marinapalamos.com\/wp-content\/uploads\/2024\/04\/ascensorpanoramic-e1713959160550.jpg\" \/>\n\t<meta property=\"og:image:width\" content=\"800\" \/>\n\t<meta property=\"og:image:height\" content=\"538\" \/>\n\t<meta property=\"og:image:type\" content=\"image\/jpeg\" \/>\n<meta name=\"author\" content=\"Mauricio\" \/>\n<meta name=\"twitter:card\" content=\"summary_large_image\" \/>\n<meta name=\"twitter:label1\" content=\"Escrit per\" \/>\n\t<meta name=\"twitter:data1\" content=\"Mauricio\" \/>\n\t<meta name=\"twitter:label2\" content=\"Temps estimat de lectura\" \/>\n\t<meta name=\"twitter:data2\" content=\"2 minuts\" \/>\n<script type=\"application\/ld+json\" class=\"yoast-schema-graph\">{\"@context\":\"https:\\\/\\\/schema.org\",\"@graph\":[{\"@type\":\"Article\",\"@id\":\"https:\\\/\\\/www.marinapalamos.com\\\/nuevo-ascensor-panoramico\\\/#article\",\"isPartOf\":{\"@id\":\"https:\\\/\\\/www.marinapalamos.com\\\/nuevo-ascensor-panoramico\\\/\"},\"author\":{\"name\":\"Mauricio\",\"@id\":\"https:\\\/\\\/www.marinapalamos.com\\\/#\\\/schema\\\/person\\\/9604bbc17d32ce2823e8ffc3e3efb0f3\"},\"headline\":\"Nou ascensor panor\u00e0mic\",\"datePublished\":\"2024-04-24T11:44:50+00:00\",\"dateModified\":\"2024-04-25T11:43:48+00:00\",\"mainEntityOfPage\":{\"@id\":\"https:\\\/\\\/www.marinapalamos.com\\\/nuevo-ascensor-panoramico\\\/\"},\"wordCount\":758,\"commentCount\":0,\"image\":{\"@id\":\"https:\\\/\\\/www.marinapalamos.com\\\/nuevo-ascensor-panoramico\\\/#primaryimage\"},\"thumbnailUrl\":\"https:\\\/\\\/www.marinapalamos.com\\\/wp-content\\\/uploads\\\/2024\\\/04\\\/ascensorpanoramic-e1713959160550.jpg\",\"articleSection\":[\"Blog\"],\"inLanguage\":\"ca\",\"potentialAction\":[{\"@type\":\"CommentAction\",\"name\":\"Comment\",\"target\":[\"https:\\\/\\\/www.marinapalamos.com\\\/nuevo-ascensor-panoramico\\\/#respond\"]}]},{\"@type\":\"WebPage\",\"@id\":\"https:\\\/\\\/www.marinapalamos.com\\\/nuevo-ascensor-panoramico\\\/\",\"url\":\"https:\\\/\\\/www.marinapalamos.com\\\/nuevo-ascensor-panoramico\\\/\",\"name\":\"Nou ascensor panor\u00e0mic - Marina Palam\u00f3s\",\"isPartOf\":{\"@id\":\"https:\\\/\\\/www.marinapalamos.com\\\/#website\"},\"primaryImageOfPage\":{\"@id\":\"https:\\\/\\\/www.marinapalamos.com\\\/nuevo-ascensor-panoramico\\\/#primaryimage\"},\"image\":{\"@id\":\"https:\\\/\\\/www.marinapalamos.com\\\/nuevo-ascensor-panoramico\\\/#primaryimage\"},\"thumbnailUrl\":\"https:\\\/\\\/www.marinapalamos.com\\\/wp-content\\\/uploads\\\/2024\\\/04\\\/ascensorpanoramic-e1713959160550.jpg\",\"datePublished\":\"2024-04-24T11:44:50+00:00\",\"dateModified\":\"2024-04-25T11:43:48+00:00\",\"author\":{\"@id\":\"https:\\\/\\\/www.marinapalamos.com\\\/#\\\/schema\\\/person\\\/9604bbc17d32ce2823e8ffc3e3efb0f3\"},\"description\":\"El ascensor panor\u00e1mico permitir\u00e1 unir el casco hist\u00f3rico de Palam\u00f3s con el tramo Palam\u00f3s - Castell del Cam\u00ed de Ronda a trav\u00e9s del paseo mar\u00edtimo de Port Marina Palam\u00f3s.\",\"breadcrumb\":{\"@id\":\"https:\\\/\\\/www.marinapalamos.com\\\/nuevo-ascensor-panoramico\\\/#breadcrumb\"},\"inLanguage\":\"ca\",\"potentialAction\":[{\"@type\":\"ReadAction\",\"target\":[\"https:\\\/\\\/www.marinapalamos.com\\\/nuevo-ascensor-panoramico\\\/\"]}]},{\"@type\":\"ImageObject\",\"inLanguage\":\"ca\",\"@id\":\"https:\\\/\\\/www.marinapalamos.com\\\/nuevo-ascensor-panoramico\\\/#primaryimage\",\"url\":\"https:\\\/\\\/www.marinapalamos.com\\\/wp-content\\\/uploads\\\/2024\\\/04\\\/ascensorpanoramic-e1713959160550.jpg\",\"contentUrl\":\"https:\\\/\\\/www.marinapalamos.com\\\/wp-content\\\/uploads\\\/2024\\\/04\\\/ascensorpanoramic-e1713959160550.jpg\",\"width\":800,\"height\":538,\"caption\":\"http:\\\/\\\/www.elpunt.cat\"},{\"@type\":\"BreadcrumbList\",\"@id\":\"https:\\\/\\\/www.marinapalamos.com\\\/nuevo-ascensor-panoramico\\\/#breadcrumb\",\"itemListElement\":[{\"@type\":\"ListItem\",\"position\":1,\"name\":\"Inicio\",\"item\":\"https:\\\/\\\/www.marinapalamos.com\\\/ca\\\/\"},{\"@type\":\"ListItem\",\"position\":2,\"name\":\"Nou ascensor panor\u00e0mic\"}]},{\"@type\":\"WebSite\",\"@id\":\"https:\\\/\\\/www.marinapalamos.com\\\/#website\",\"url\":\"https:\\\/\\\/www.marinapalamos.com\\\/\",\"name\":\"Marina Palam\u00f3s\",\"description\":\"Marina Palam\u00f3s\",\"potentialAction\":[{\"@type\":\"SearchAction\",\"target\":{\"@type\":\"EntryPoint\",\"urlTemplate\":\"https:\\\/\\\/www.marinapalamos.com\\\/?s={search_term_string}\"},\"query-input\":{\"@type\":\"PropertyValueSpecification\",\"valueRequired\":true,\"valueName\":\"search_term_string\"}}],\"inLanguage\":\"ca\"},{\"@type\":\"Person\",\"@id\":\"https:\\\/\\\/www.marinapalamos.com\\\/#\\\/schema\\\/person\\\/9604bbc17d32ce2823e8ffc3e3efb0f3\",\"name\":\"Mauricio\",\"image\":{\"@type\":\"ImageObject\",\"inLanguage\":\"ca\",\"@id\":\"https:\\\/\\\/secure.gravatar.com\\\/avatar\\\/66f31716a14ebbbf9d76c4d8a1e5e44ee4b8992044a9034b47ebd0c89cc8c57b?s=96&d=mm&r=g\",\"url\":\"https:\\\/\\\/secure.gravatar.com\\\/avatar\\\/66f31716a14ebbbf9d76c4d8a1e5e44ee4b8992044a9034b47ebd0c89cc8c57b?s=96&d=mm&r=g\",\"contentUrl\":\"https:\\\/\\\/secure.gravatar.com\\\/avatar\\\/66f31716a14ebbbf9d76c4d8a1e5e44ee4b8992044a9034b47ebd0c89cc8c57b?s=96&d=mm&r=g\",\"caption\":\"Mauricio\"},\"url\":\"https:\\\/\\\/www.marinapalamos.com\\\/ca\\\/author\\\/mauricio\\\/\"}]}<\/script>\n<!-- \/ Yoast SEO plugin. -->","yoast_head_json":{"title":"Nou ascensor panor\u00e0mic - Marina Palam\u00f3s","description":"El ascensor panor\u00e1mico permitir\u00e1 unir el casco hist\u00f3rico de Palam\u00f3s con el tramo Palam\u00f3s - Castell del Cam\u00ed de Ronda a trav\u00e9s del paseo mar\u00edtimo de Port Marina Palam\u00f3s.","robots":{"index":"index","follow":"follow","max-snippet":"max-snippet:-1","max-image-preview":"max-image-preview:large","max-video-preview":"max-video-preview:-1"},"canonical":"https:\/\/www.marinapalamos.com\/nuevo-ascensor-panoramico\/","og_locale":"ca_ES","og_type":"article","og_title":"Nou ascensor panor\u00e0mic - Marina Palam\u00f3s","og_description":"El ascensor panor\u00e1mico permitir\u00e1 unir el casco hist\u00f3rico de Palam\u00f3s con el tramo Palam\u00f3s - Castell del Cam\u00ed de Ronda a trav\u00e9s del paseo mar\u00edtimo de Port Marina Palam\u00f3s.","og_url":"https:\/\/www.marinapalamos.com\/nuevo-ascensor-panoramico\/","og_site_name":"Marina Palam\u00f3s","article_published_time":"2024-04-24T11:44:50+00:00","article_modified_time":"2024-04-25T11:43:48+00:00","og_image":[{"width":800,"height":538,"url":"https:\/\/www.marinapalamos.com\/wp-content\/uploads\/2024\/04\/ascensorpanoramic-e1713959160550.jpg","type":"image\/jpeg"}],"author":"Mauricio","twitter_card":"summary_large_image","twitter_misc":{"Escrit per":"Mauricio","Temps estimat de lectura":"2 minuts"},"schema":{"@context":"https:\/\/schema.org","@graph":[{"@type":"Article","@id":"https:\/\/www.marinapalamos.com\/nuevo-ascensor-panoramico\/#article","isPartOf":{"@id":"https:\/\/www.marinapalamos.com\/nuevo-ascensor-panoramico\/"},"author":{"name":"Mauricio","@id":"https:\/\/www.marinapalamos.com\/#\/schema\/person\/9604bbc17d32ce2823e8ffc3e3efb0f3"},"headline":"Nou ascensor panor\u00e0mic","datePublished":"2024-04-24T11:44:50+00:00","dateModified":"2024-04-25T11:43:48+00:00","mainEntityOfPage":{"@id":"https:\/\/www.marinapalamos.com\/nuevo-ascensor-panoramico\/"},"wordCount":758,"commentCount":0,"image":{"@id":"https:\/\/www.marinapalamos.com\/nuevo-ascensor-panoramico\/#primaryimage"},"thumbnailUrl":"https:\/\/www.marinapalamos.com\/wp-content\/uploads\/2024\/04\/ascensorpanoramic-e1713959160550.jpg","articleSection":["Blog"],"inLanguage":"ca","potentialAction":[{"@type":"CommentAction","name":"Comment","target":["https:\/\/www.marinapalamos.com\/nuevo-ascensor-panoramico\/#respond"]}]},{"@type":"WebPage","@id":"https:\/\/www.marinapalamos.com\/nuevo-ascensor-panoramico\/","url":"https:\/\/www.marinapalamos.com\/nuevo-ascensor-panoramico\/","name":"Nou ascensor panor\u00e0mic - Marina Palam\u00f3s","isPartOf":{"@id":"https:\/\/www.marinapalamos.com\/#website"},"primaryImageOfPage":{"@id":"https:\/\/www.marinapalamos.com\/nuevo-ascensor-panoramico\/#primaryimage"},"image":{"@id":"https:\/\/www.marinapalamos.com\/nuevo-ascensor-panoramico\/#primaryimage"},"thumbnailUrl":"https:\/\/www.marinapalamos.com\/wp-content\/uploads\/2024\/04\/ascensorpanoramic-e1713959160550.jpg","datePublished":"2024-04-24T11:44:50+00:00","dateModified":"2024-04-25T11:43:48+00:00","author":{"@id":"https:\/\/www.marinapalamos.com\/#\/schema\/person\/9604bbc17d32ce2823e8ffc3e3efb0f3"},"description":"El ascensor panor\u00e1mico permitir\u00e1 unir el casco hist\u00f3rico de Palam\u00f3s con el tramo Palam\u00f3s - Castell del Cam\u00ed de Ronda a trav\u00e9s del paseo mar\u00edtimo de Port Marina Palam\u00f3s.","breadcrumb":{"@id":"https:\/\/www.marinapalamos.com\/nuevo-ascensor-panoramico\/#breadcrumb"},"inLanguage":"ca","potentialAction":[{"@type":"ReadAction","target":["https:\/\/www.marinapalamos.com\/nuevo-ascensor-panoramico\/"]}]},{"@type":"ImageObject","inLanguage":"ca","@id":"https:\/\/www.marinapalamos.com\/nuevo-ascensor-panoramico\/#primaryimage","url":"https:\/\/www.marinapalamos.com\/wp-content\/uploads\/2024\/04\/ascensorpanoramic-e1713959160550.jpg","contentUrl":"https:\/\/www.marinapalamos.com\/wp-content\/uploads\/2024\/04\/ascensorpanoramic-e1713959160550.jpg","width":800,"height":538,"caption":"http:\/\/www.elpunt.cat"},{"@type":"BreadcrumbList","@id":"https:\/\/www.marinapalamos.com\/nuevo-ascensor-panoramico\/#breadcrumb","itemListElement":[{"@type":"ListItem","position":1,"name":"Inicio","item":"https:\/\/www.marinapalamos.com\/ca\/"},{"@type":"ListItem","position":2,"name":"Nou ascensor panor\u00e0mic"}]},{"@type":"WebSite","@id":"https:\/\/www.marinapalamos.com\/#website","url":"https:\/\/www.marinapalamos.com\/","name":"Marina Palam\u00f3s","description":"Marina Palam\u00f3s","potentialAction":[{"@type":"SearchAction","target":{"@type":"EntryPoint","urlTemplate":"https:\/\/www.marinapalamos.com\/?s={search_term_string}"},"query-input":{"@type":"PropertyValueSpecification","valueRequired":true,"valueName":"search_term_string"}}],"inLanguage":"ca"},{"@type":"Person","@id":"https:\/\/www.marinapalamos.com\/#\/schema\/person\/9604bbc17d32ce2823e8ffc3e3efb0f3","name":"Mauricio","image":{"@type":"ImageObject","inLanguage":"ca","@id":"https:\/\/secure.gravatar.com\/avatar\/66f31716a14ebbbf9d76c4d8a1e5e44ee4b8992044a9034b47ebd0c89cc8c57b?s=96&d=mm&r=g","url":"https:\/\/secure.gravatar.com\/avatar\/66f31716a14ebbbf9d76c4d8a1e5e44ee4b8992044a9034b47ebd0c89cc8c57b?s=96&d=mm&r=g","contentUrl":"https:\/\/secure.gravatar.com\/avatar\/66f31716a14ebbbf9d76c4d8a1e5e44ee4b8992044a9034b47ebd0c89cc8c57b?s=96&d=mm&r=g","caption":"Mauricio"},"url":"https:\/\/www.marinapalamos.com\/ca\/author\/mauricio\/"}]}},"_links":{"self":[{"href":"https:\/\/www.marinapalamos.com\/ca\/wp-json\/wp\/v2\/posts\/5273","targetHints":{"allow":["GET"]}}],"collection":[{"href":"https:\/\/www.marinapalamos.com\/ca\/wp-json\/wp\/v2\/posts"}],"about":[{"href":"https:\/\/www.marinapalamos.com\/ca\/wp-json\/wp\/v2\/types\/post"}],"author":[{"embeddable":true,"href":"https:\/\/www.marinapalamos.com\/ca\/wp-json\/wp\/v2\/users\/5"}],"replies":[{"embeddable":true,"href":"https:\/\/www.marinapalamos.com\/ca\/wp-json\/wp\/v2\/comments?post=5273"}],"version-history":[{"count":5,"href":"https:\/\/www.marinapalamos.com\/ca\/wp-json\/wp\/v2\/posts\/5273\/revisions"}],"predecessor-version":[{"id":5286,"href":"https:\/\/www.marinapalamos.com\/ca\/wp-json\/wp\/v2\/posts\/5273\/revisions\/5286"}],"wp:featuredmedia":[{"embeddable":true,"href":"https:\/\/www.marinapalamos.com\/ca\/wp-json\/wp\/v2\/media\/5276"}],"wp:attachment":[{"href":"https:\/\/www.marinapalamos.com\/ca\/wp-json\/wp\/v2\/media?parent=5273"}],"wp:term":[{"taxonomy":"category","embeddable":true,"href":"https:\/\/www.marinapalamos.com\/ca\/wp-json\/wp\/v2\/categories?post=5273"},{"taxonomy":"post_tag","embeddable":true,"href":"https:\/\/www.marinapalamos.com\/ca\/wp-json\/wp\/v2\/tags?post=5273"}],"curies":[{"name":"wp","href":"https:\/\/api.w.org\/{rel}","templated":true}]}}