{"id":5289,"date":"2024-05-02T11:02:42","date_gmt":"2024-05-02T11:02:42","guid":{"rendered":"https:\/\/www.marinapalamos.com\/?p=5289"},"modified":"2024-05-02T11:08:13","modified_gmt":"2024-05-02T11:08:13","slug":"palma-international-boat-show-2024","status":"publish","type":"post","link":"https:\/\/www.marinapalamos.com\/ca\/palma-international-boat-show-2024\/","title":{"rendered":"Palma International Boat Show 2024"},"content":{"rendered":"<div class=\"fusion-fullwidth fullwidth-box fusion-builder-row-1 fusion-flex-container nonhundred-percent-fullwidth non-hundred-percent-height-scrolling\" style=\"--awb-border-radius-top-left:0px;--awb-border-radius-top-right:0px;--awb-border-radius-bottom-right:0px;--awb-border-radius-bottom-left:0px;--awb-flex-wrap:wrap;\" ><div class=\"fusion-builder-row fusion-row fusion-flex-align-items-flex-start fusion-flex-content-wrap\" style=\"max-width:1300px;margin-left: calc(-4% \/ 2 );margin-right: calc(-4% \/ 2 );\"><div class=\"fusion-layout-column fusion_builder_column fusion-builder-column-0 fusion_builder_column_1_1 1_1 fusion-flex-column\" style=\"--awb-bg-size:cover;--awb-width-large:100%;--awb-margin-top-large:0px;--awb-spacing-right-large:1.92%;--awb-margin-bottom-large:20px;--awb-spacing-left-large:1.92%;--awb-width-medium:100%;--awb-order-medium:0;--awb-spacing-right-medium:1.92%;--awb-spacing-left-medium:1.92%;--awb-width-small:100%;--awb-order-small:0;--awb-spacing-right-small:1.92%;--awb-spacing-left-small:1.92%;\"><div class=\"fusion-column-wrapper fusion-column-has-shadow fusion-flex-justify-content-flex-start fusion-content-layout-column\"><div class=\"fusion-text fusion-text-1\" style=\"--awb-text-transform:none;\"><p><span style=\"font-weight: 400;\">El 25 d&#8217;abril al Moll Vell de Palma es va inaugurar la temporada n\u00e0utica del Mediterrani amb l&#8217;inici del <strong>Palma International Boat Show<\/strong>. Una fira memorable que es va estendre fins al 28 d&#8217;abril.<\/span><\/p>\n<p><span style=\"font-weight: 400;\">Amb aquesta edici\u00f3 l&#8217;esdeveniment ha complert <strong>40 anys<\/strong> i ara, m\u00e9s que mai, ha focalitzat les seves fites en el <strong>futur<\/strong>. Es van donar inici a <strong>dos grans objectius<\/strong>, marcats per la <strong>sostenibilitat i l&#8217;economia<\/strong>: el primer tracta sobre <strong>l&#8217;estudi d&#8217;impacte econ\u00f2mic<\/strong> i el segon pret\u00e9n obtenir la <strong>certificaci\u00f3 com a esdeveniment sostenible. <\/strong><\/span><\/p>\n<p><img decoding=\"async\" class=\"wp-image-5291 aligncenter\" src=\"https:\/\/www.marinapalamos.com\/wp-content\/uploads\/2024\/05\/NOTICIA-6-1024x669.png\" alt=\"\" width=\"516\" height=\"337\" \/><\/p>\n<p><span style=\"font-weight: 400;\">En primer lloc, per complir amb aquests objectius, es dur\u00e0 a terme una detallada <strong>an\u00e0lisi<\/strong> de l&#8217;impacte econ\u00f2mic en el sector i en l\u2019illa de Palma, proporcionant dades valuoses sobre la contribuci\u00f3 en <strong>l&#8217;economia local i regional.<\/strong> Per altra banda, es busca transformar el PIBS en un <strong>esdeveniment sostenible certificat<\/strong>, a partir del mesurament de la <strong>petjada de carboni<\/strong>, la <strong>gesti\u00f3 de residus<\/strong> i el <strong>consum de recursos<\/strong>. <\/span><\/p>\n<p><span style=\"font-weight: 400;\">L&#8217;esdeveniment <strong>va superar totes les expectatives<\/strong> quant a la participaci\u00f3 d&#8217;empreses, amb un total de <strong>295 expositors<\/strong>, 24 m\u00e9s que en anys anteriors. Destacar especialment la inclusi\u00f3 del <strong>Palma Superyacht Village<\/strong>, una secci\u00f3 dissenyada per a l&#8217;adquisici\u00f3 d&#8217;embarcacions de m\u00e9s de 24 metres d&#8217;eslora, tant a vela com a motor, organitzada per BYBA.<\/span><\/p>\n<p><span style=\"font-weight: 400;\">Aquest esdeveniment ha marcat l&#8217;inici de la temporada d&#8217;estiu per a molts aficionats a la n\u00e0utica. Has tingut l&#8217;oportunitat d&#8217;assistir?<\/span><\/p>\n<p>Segueix-nos a Instagram per estar al dia! <strong><a href=\"https:\/\/www.instagram.com\/portmarinapalamos\/\">@portmarinapalamos<\/a><\/strong><\/p>\n<\/div><\/div><\/div><div class=\"fusion-layout-column fusion_builder_column fusion-builder-column-1 fusion_builder_column_1_1 1_1 fusion-flex-column\" style=\"--awb-bg-size:cover;--awb-width-large:100%;--awb-margin-top-large:0px;--awb-spacing-right-large:1.92%;--awb-margin-bottom-large:20px;--awb-spacing-left-large:1.92%;--awb-width-medium:100%;--awb-order-medium:0;--awb-spacing-right-medium:1.92%;--awb-spacing-left-medium:1.92%;--awb-width-small:100%;--awb-order-small:0;--awb-spacing-right-small:1.92%;--awb-spacing-left-small:1.92%;\"><div class=\"fusion-column-wrapper fusion-column-has-shadow fusion-flex-justify-content-flex-start fusion-content-layout-column\"><\/div><\/div><\/div><\/div>\n","protected":false},"excerpt":{"rendered":"","protected":false},"author":5,"featured_media":5292,"comment_status":"open","ping_status":"closed","sticky":false,"template":"","format":"standard","meta":{"_acf_changed":false,"footnotes":""},"categories":[69],"tags":[],"class_list":["post-5289","post","type-post","status-publish","format-standard","has-post-thumbnail","hentry","category-blog-ca"],"acf":[],"yoast_head":"<!-- This site is optimized with the Yoast SEO plugin v27.5 - https:\/\/yoast.com\/product\/yoast-seo-wordpress\/ -->\n<title>Palma International Boat Show 2024 - Marina Palam\u00f3s<\/title>\n<meta name=\"description\" content=\"El 25 de abril en el Moll Vell de Palma de Mallorca se inaugur\u00f3 la temporada n\u00e1utica mediterr\u00e1nea con el inicio del Palma International Boat Show.\" \/>\n<meta name=\"robots\" content=\"index, follow, max-snippet:-1, max-image-preview:large, max-video-preview:-1\" \/>\n<link rel=\"canonical\" href=\"https:\/\/www.marinapalamos.com\/palma-international-boat-show-2024\/\" \/>\n<meta property=\"og:locale\" content=\"ca_ES\" \/>\n<meta property=\"og:type\" content=\"article\" \/>\n<meta property=\"og:title\" content=\"Palma International Boat Show 2024 - Marina Palam\u00f3s\" \/>\n<meta property=\"og:description\" content=\"El 25 de abril en el Moll Vell de Palma de Mallorca se inaugur\u00f3 la temporada n\u00e1utica mediterr\u00e1nea con el inicio del Palma International Boat Show.\" \/>\n<meta property=\"og:url\" content=\"https:\/\/www.marinapalamos.com\/palma-international-boat-show-2024\/\" \/>\n<meta property=\"og:site_name\" content=\"Marina Palam\u00f3s\" \/>\n<meta property=\"article:published_time\" content=\"2024-05-02T11:02:42+00:00\" \/>\n<meta property=\"article:modified_time\" content=\"2024-05-02T11:08:13+00:00\" \/>\n<meta property=\"og:image\" content=\"https:\/\/www.marinapalamos.com\/wp-content\/uploads\/2024\/05\/NOTICIA-6-1024x669.png\" \/>\n\t<meta property=\"og:image:width\" content=\"1024\" \/>\n\t<meta property=\"og:image:height\" content=\"669\" \/>\n\t<meta property=\"og:image:type\" content=\"image\/png\" \/>\n<meta name=\"author\" content=\"Mauricio\" \/>\n<meta name=\"twitter:card\" content=\"summary_large_image\" \/>\n<meta name=\"twitter:label1\" content=\"Escrit per\" \/>\n\t<meta name=\"twitter:data1\" content=\"Mauricio\" \/>\n\t<meta name=\"twitter:label2\" content=\"Temps estimat de lectura\" \/>\n\t<meta name=\"twitter:data2\" content=\"2 minuts\" \/>\n<script type=\"application\/ld+json\" class=\"yoast-schema-graph\">{\"@context\":\"https:\\\/\\\/schema.org\",\"@graph\":[{\"@type\":\"Article\",\"@id\":\"https:\\\/\\\/www.marinapalamos.com\\\/palma-international-boat-show-2024\\\/#article\",\"isPartOf\":{\"@id\":\"https:\\\/\\\/www.marinapalamos.com\\\/palma-international-boat-show-2024\\\/\"},\"author\":{\"name\":\"Mauricio\",\"@id\":\"https:\\\/\\\/www.marinapalamos.com\\\/#\\\/schema\\\/person\\\/9604bbc17d32ce2823e8ffc3e3efb0f3\"},\"headline\":\"Palma International Boat Show 2024\",\"datePublished\":\"2024-05-02T11:02:42+00:00\",\"dateModified\":\"2024-05-02T11:08:13+00:00\",\"mainEntityOfPage\":{\"@id\":\"https:\\\/\\\/www.marinapalamos.com\\\/palma-international-boat-show-2024\\\/\"},\"wordCount\":1176,\"commentCount\":0,\"image\":{\"@id\":\"https:\\\/\\\/www.marinapalamos.com\\\/palma-international-boat-show-2024\\\/#primaryimage\"},\"thumbnailUrl\":\"https:\\\/\\\/www.marinapalamos.com\\\/wp-content\\\/uploads\\\/2024\\\/05\\\/NOTICIA-6-e1714647309460.png\",\"articleSection\":[\"Blog\"],\"inLanguage\":\"ca\",\"potentialAction\":[{\"@type\":\"CommentAction\",\"name\":\"Comment\",\"target\":[\"https:\\\/\\\/www.marinapalamos.com\\\/palma-international-boat-show-2024\\\/#respond\"]}]},{\"@type\":\"WebPage\",\"@id\":\"https:\\\/\\\/www.marinapalamos.com\\\/palma-international-boat-show-2024\\\/\",\"url\":\"https:\\\/\\\/www.marinapalamos.com\\\/palma-international-boat-show-2024\\\/\",\"name\":\"Palma International Boat Show 2024 - Marina Palam\u00f3s\",\"isPartOf\":{\"@id\":\"https:\\\/\\\/www.marinapalamos.com\\\/#website\"},\"primaryImageOfPage\":{\"@id\":\"https:\\\/\\\/www.marinapalamos.com\\\/palma-international-boat-show-2024\\\/#primaryimage\"},\"image\":{\"@id\":\"https:\\\/\\\/www.marinapalamos.com\\\/palma-international-boat-show-2024\\\/#primaryimage\"},\"thumbnailUrl\":\"https:\\\/\\\/www.marinapalamos.com\\\/wp-content\\\/uploads\\\/2024\\\/05\\\/NOTICIA-6-e1714647309460.png\",\"datePublished\":\"2024-05-02T11:02:42+00:00\",\"dateModified\":\"2024-05-02T11:08:13+00:00\",\"author\":{\"@id\":\"https:\\\/\\\/www.marinapalamos.com\\\/#\\\/schema\\\/person\\\/9604bbc17d32ce2823e8ffc3e3efb0f3\"},\"description\":\"El 25 de abril en el Moll Vell de Palma de Mallorca se inaugur\u00f3 la temporada n\u00e1utica mediterr\u00e1nea con el inicio del Palma International Boat Show.\",\"breadcrumb\":{\"@id\":\"https:\\\/\\\/www.marinapalamos.com\\\/palma-international-boat-show-2024\\\/#breadcrumb\"},\"inLanguage\":\"ca\",\"potentialAction\":[{\"@type\":\"ReadAction\",\"target\":[\"https:\\\/\\\/www.marinapalamos.com\\\/palma-international-boat-show-2024\\\/\"]}]},{\"@type\":\"ImageObject\",\"inLanguage\":\"ca\",\"@id\":\"https:\\\/\\\/www.marinapalamos.com\\\/palma-international-boat-show-2024\\\/#primaryimage\",\"url\":\"https:\\\/\\\/www.marinapalamos.com\\\/wp-content\\\/uploads\\\/2024\\\/05\\\/NOTICIA-6-e1714647309460.png\",\"contentUrl\":\"https:\\\/\\\/www.marinapalamos.com\\\/wp-content\\\/uploads\\\/2024\\\/05\\\/NOTICIA-6-e1714647309460.png\",\"width\":1252,\"height\":818},{\"@type\":\"BreadcrumbList\",\"@id\":\"https:\\\/\\\/www.marinapalamos.com\\\/palma-international-boat-show-2024\\\/#breadcrumb\",\"itemListElement\":[{\"@type\":\"ListItem\",\"position\":1,\"name\":\"Inicio\",\"item\":\"https:\\\/\\\/www.marinapalamos.com\\\/ca\\\/\"},{\"@type\":\"ListItem\",\"position\":2,\"name\":\"Palma International Boat Show 2024\"}]},{\"@type\":\"WebSite\",\"@id\":\"https:\\\/\\\/www.marinapalamos.com\\\/#website\",\"url\":\"https:\\\/\\\/www.marinapalamos.com\\\/\",\"name\":\"Marina Palam\u00f3s\",\"description\":\"Marina Palam\u00f3s\",\"potentialAction\":[{\"@type\":\"SearchAction\",\"target\":{\"@type\":\"EntryPoint\",\"urlTemplate\":\"https:\\\/\\\/www.marinapalamos.com\\\/?s={search_term_string}\"},\"query-input\":{\"@type\":\"PropertyValueSpecification\",\"valueRequired\":true,\"valueName\":\"search_term_string\"}}],\"inLanguage\":\"ca\"},{\"@type\":\"Person\",\"@id\":\"https:\\\/\\\/www.marinapalamos.com\\\/#\\\/schema\\\/person\\\/9604bbc17d32ce2823e8ffc3e3efb0f3\",\"name\":\"Mauricio\",\"image\":{\"@type\":\"ImageObject\",\"inLanguage\":\"ca\",\"@id\":\"https:\\\/\\\/secure.gravatar.com\\\/avatar\\\/66f31716a14ebbbf9d76c4d8a1e5e44ee4b8992044a9034b47ebd0c89cc8c57b?s=96&d=mm&r=g\",\"url\":\"https:\\\/\\\/secure.gravatar.com\\\/avatar\\\/66f31716a14ebbbf9d76c4d8a1e5e44ee4b8992044a9034b47ebd0c89cc8c57b?s=96&d=mm&r=g\",\"contentUrl\":\"https:\\\/\\\/secure.gravatar.com\\\/avatar\\\/66f31716a14ebbbf9d76c4d8a1e5e44ee4b8992044a9034b47ebd0c89cc8c57b?s=96&d=mm&r=g\",\"caption\":\"Mauricio\"},\"url\":\"https:\\\/\\\/www.marinapalamos.com\\\/ca\\\/author\\\/mauricio\\\/\"}]}<\/script>\n<!-- \/ Yoast SEO plugin. -->","yoast_head_json":{"title":"Palma International Boat Show 2024 - Marina Palam\u00f3s","description":"El 25 de abril en el Moll Vell de Palma de Mallorca se inaugur\u00f3 la temporada n\u00e1utica mediterr\u00e1nea con el inicio del Palma International Boat Show.","robots":{"index":"index","follow":"follow","max-snippet":"max-snippet:-1","max-image-preview":"max-image-preview:large","max-video-preview":"max-video-preview:-1"},"canonical":"https:\/\/www.marinapalamos.com\/palma-international-boat-show-2024\/","og_locale":"ca_ES","og_type":"article","og_title":"Palma International Boat Show 2024 - Marina Palam\u00f3s","og_description":"El 25 de abril en el Moll Vell de Palma de Mallorca se inaugur\u00f3 la temporada n\u00e1utica mediterr\u00e1nea con el inicio del Palma International Boat Show.","og_url":"https:\/\/www.marinapalamos.com\/palma-international-boat-show-2024\/","og_site_name":"Marina Palam\u00f3s","article_published_time":"2024-05-02T11:02:42+00:00","article_modified_time":"2024-05-02T11:08:13+00:00","og_image":[{"width":1024,"height":669,"url":"https:\/\/www.marinapalamos.com\/wp-content\/uploads\/2024\/05\/NOTICIA-6-1024x669.png","type":"image\/png"}],"author":"Mauricio","twitter_card":"summary_large_image","twitter_misc":{"Escrit per":"Mauricio","Temps estimat de lectura":"2 minuts"},"schema":{"@context":"https:\/\/schema.org","@graph":[{"@type":"Article","@id":"https:\/\/www.marinapalamos.com\/palma-international-boat-show-2024\/#article","isPartOf":{"@id":"https:\/\/www.marinapalamos.com\/palma-international-boat-show-2024\/"},"author":{"name":"Mauricio","@id":"https:\/\/www.marinapalamos.com\/#\/schema\/person\/9604bbc17d32ce2823e8ffc3e3efb0f3"},"headline":"Palma International Boat Show 2024","datePublished":"2024-05-02T11:02:42+00:00","dateModified":"2024-05-02T11:08:13+00:00","mainEntityOfPage":{"@id":"https:\/\/www.marinapalamos.com\/palma-international-boat-show-2024\/"},"wordCount":1176,"commentCount":0,"image":{"@id":"https:\/\/www.marinapalamos.com\/palma-international-boat-show-2024\/#primaryimage"},"thumbnailUrl":"https:\/\/www.marinapalamos.com\/wp-content\/uploads\/2024\/05\/NOTICIA-6-e1714647309460.png","articleSection":["Blog"],"inLanguage":"ca","potentialAction":[{"@type":"CommentAction","name":"Comment","target":["https:\/\/www.marinapalamos.com\/palma-international-boat-show-2024\/#respond"]}]},{"@type":"WebPage","@id":"https:\/\/www.marinapalamos.com\/palma-international-boat-show-2024\/","url":"https:\/\/www.marinapalamos.com\/palma-international-boat-show-2024\/","name":"Palma International Boat Show 2024 - Marina Palam\u00f3s","isPartOf":{"@id":"https:\/\/www.marinapalamos.com\/#website"},"primaryImageOfPage":{"@id":"https:\/\/www.marinapalamos.com\/palma-international-boat-show-2024\/#primaryimage"},"image":{"@id":"https:\/\/www.marinapalamos.com\/palma-international-boat-show-2024\/#primaryimage"},"thumbnailUrl":"https:\/\/www.marinapalamos.com\/wp-content\/uploads\/2024\/05\/NOTICIA-6-e1714647309460.png","datePublished":"2024-05-02T11:02:42+00:00","dateModified":"2024-05-02T11:08:13+00:00","author":{"@id":"https:\/\/www.marinapalamos.com\/#\/schema\/person\/9604bbc17d32ce2823e8ffc3e3efb0f3"},"description":"El 25 de abril en el Moll Vell de Palma de Mallorca se inaugur\u00f3 la temporada n\u00e1utica mediterr\u00e1nea con el inicio del Palma International Boat Show.","breadcrumb":{"@id":"https:\/\/www.marinapalamos.com\/palma-international-boat-show-2024\/#breadcrumb"},"inLanguage":"ca","potentialAction":[{"@type":"ReadAction","target":["https:\/\/www.marinapalamos.com\/palma-international-boat-show-2024\/"]}]},{"@type":"ImageObject","inLanguage":"ca","@id":"https:\/\/www.marinapalamos.com\/palma-international-boat-show-2024\/#primaryimage","url":"https:\/\/www.marinapalamos.com\/wp-content\/uploads\/2024\/05\/NOTICIA-6-e1714647309460.png","contentUrl":"https:\/\/www.marinapalamos.com\/wp-content\/uploads\/2024\/05\/NOTICIA-6-e1714647309460.png","width":1252,"height":818},{"@type":"BreadcrumbList","@id":"https:\/\/www.marinapalamos.com\/palma-international-boat-show-2024\/#breadcrumb","itemListElement":[{"@type":"ListItem","position":1,"name":"Inicio","item":"https:\/\/www.marinapalamos.com\/ca\/"},{"@type":"ListItem","position":2,"name":"Palma International Boat Show 2024"}]},{"@type":"WebSite","@id":"https:\/\/www.marinapalamos.com\/#website","url":"https:\/\/www.marinapalamos.com\/","name":"Marina Palam\u00f3s","description":"Marina Palam\u00f3s","potentialAction":[{"@type":"SearchAction","target":{"@type":"EntryPoint","urlTemplate":"https:\/\/www.marinapalamos.com\/?s={search_term_string}"},"query-input":{"@type":"PropertyValueSpecification","valueRequired":true,"valueName":"search_term_string"}}],"inLanguage":"ca"},{"@type":"Person","@id":"https:\/\/www.marinapalamos.com\/#\/schema\/person\/9604bbc17d32ce2823e8ffc3e3efb0f3","name":"Mauricio","image":{"@type":"ImageObject","inLanguage":"ca","@id":"https:\/\/secure.gravatar.com\/avatar\/66f31716a14ebbbf9d76c4d8a1e5e44ee4b8992044a9034b47ebd0c89cc8c57b?s=96&d=mm&r=g","url":"https:\/\/secure.gravatar.com\/avatar\/66f31716a14ebbbf9d76c4d8a1e5e44ee4b8992044a9034b47ebd0c89cc8c57b?s=96&d=mm&r=g","contentUrl":"https:\/\/secure.gravatar.com\/avatar\/66f31716a14ebbbf9d76c4d8a1e5e44ee4b8992044a9034b47ebd0c89cc8c57b?s=96&d=mm&r=g","caption":"Mauricio"},"url":"https:\/\/www.marinapalamos.com\/ca\/author\/mauricio\/"}]}},"_links":{"self":[{"href":"https:\/\/www.marinapalamos.com\/ca\/wp-json\/wp\/v2\/posts\/5289","targetHints":{"allow":["GET"]}}],"collection":[{"href":"https:\/\/www.marinapalamos.com\/ca\/wp-json\/wp\/v2\/posts"}],"about":[{"href":"https:\/\/www.marinapalamos.com\/ca\/wp-json\/wp\/v2\/types\/post"}],"author":[{"embeddable":true,"href":"https:\/\/www.marinapalamos.com\/ca\/wp-json\/wp\/v2\/users\/5"}],"replies":[{"embeddable":true,"href":"https:\/\/www.marinapalamos.com\/ca\/wp-json\/wp\/v2\/comments?post=5289"}],"version-history":[{"count":2,"href":"https:\/\/www.marinapalamos.com\/ca\/wp-json\/wp\/v2\/posts\/5289\/revisions"}],"predecessor-version":[{"id":5296,"href":"https:\/\/www.marinapalamos.com\/ca\/wp-json\/wp\/v2\/posts\/5289\/revisions\/5296"}],"wp:featuredmedia":[{"embeddable":true,"href":"https:\/\/www.marinapalamos.com\/ca\/wp-json\/wp\/v2\/media\/5292"}],"wp:attachment":[{"href":"https:\/\/www.marinapalamos.com\/ca\/wp-json\/wp\/v2\/media?parent=5289"}],"wp:term":[{"taxonomy":"category","embeddable":true,"href":"https:\/\/www.marinapalamos.com\/ca\/wp-json\/wp\/v2\/categories?post=5289"},{"taxonomy":"post_tag","embeddable":true,"href":"https:\/\/www.marinapalamos.com\/ca\/wp-json\/wp\/v2\/tags?post=5289"}],"curies":[{"name":"wp","href":"https:\/\/api.w.org\/{rel}","templated":true}]}}