{"id":5301,"date":"2024-05-10T12:01:01","date_gmt":"2024-05-10T12:01:01","guid":{"rendered":"https:\/\/www.marinapalamos.com\/?p=5301"},"modified":"2024-05-10T12:05:05","modified_gmt":"2024-05-10T12:05:05","slug":"descarbonitzacio-dembarcacions-d-esbarjo-17-de-mayo","status":"publish","type":"post","link":"https:\/\/www.marinapalamos.com\/ca\/descarbonitzacio-dembarcacions-d-esbarjo-17-de-mayo\/","title":{"rendered":"Descarbonitzaci\u00f3 d&#8217;Embarcacions d&#8217;Esbarjo &#8211; 17 de maig"},"content":{"rendered":"<div class=\"fusion-fullwidth fullwidth-box fusion-builder-row-1 fusion-flex-container nonhundred-percent-fullwidth non-hundred-percent-height-scrolling\" style=\"--awb-border-radius-top-left:0px;--awb-border-radius-top-right:0px;--awb-border-radius-bottom-right:0px;--awb-border-radius-bottom-left:0px;--awb-flex-wrap:wrap;\" ><div class=\"fusion-builder-row fusion-row fusion-flex-align-items-flex-start fusion-flex-content-wrap\" style=\"max-width:1300px;margin-left: calc(-4% \/ 2 );margin-right: calc(-4% \/ 2 );\"><div class=\"fusion-layout-column fusion_builder_column fusion-builder-column-0 fusion_builder_column_1_1 1_1 fusion-flex-column\" style=\"--awb-bg-size:cover;--awb-width-large:100%;--awb-margin-top-large:0px;--awb-spacing-right-large:1.92%;--awb-margin-bottom-large:20px;--awb-spacing-left-large:1.92%;--awb-width-medium:100%;--awb-order-medium:0;--awb-spacing-right-medium:1.92%;--awb-spacing-left-medium:1.92%;--awb-width-small:100%;--awb-order-small:0;--awb-spacing-right-small:1.92%;--awb-spacing-left-small:1.92%;\"><div class=\"fusion-column-wrapper fusion-column-has-shadow fusion-flex-justify-content-flex-start fusion-content-layout-column\"><div class=\"fusion-text fusion-text-1\" style=\"--awb-text-transform:none;\"><p><span style=\"font-weight: 400;\">Ens complau anunciar que el pr\u00f2xim <strong>17 de maig<\/strong> rebrem la visita de Barcelona Capital N\u00e0utica per a presentar l&#8217;emocionant projecte de <strong>Descarbonitzaci\u00f3 d&#8217;Embarcacions d&#8217;Esbarjo<\/strong>! En aquest esdeveniment es presentar\u00e0 el <strong>vaixell innovador de Zephyr<\/strong>, que \u00e9s el primer que es completa com a part d&#8217;aquest projecte pioner.<\/span><\/p>\n<p><span style=\"font-weight: 400;\">La jornada comen\u00e7ar\u00e0 a les <strong>11 del mat\u00ed<\/strong> amb la inauguraci\u00f3 a c\u00e0rrec de l&#8217;alcalde de Palam\u00f3s.<br \/>\nBarcelona Capital N\u00e0utica ha organitzat i coordinat tots els detalls de l&#8217;esdeveniment per a garantir una experi\u00e8ncia inoblidable.<\/span><\/p>\n<p><img decoding=\"async\" class=\" wp-image-5303 aligncenter\" src=\"https:\/\/www.marinapalamos.com\/wp-content\/uploads\/2024\/05\/Anadir-un-subtitulo-1024x732.png\" alt=\"\" width=\"607\" height=\"434\" \/><\/p>\n<p><span style=\"font-weight: 400;\">Estem entusiasmats per con\u00e8ixer m\u00e9s sobre aquest projecte i les perspectives que ofereix per al m\u00f3n n\u00e0utic. Mantindrem a tots informats sobre els detalls de l&#8217;esdeveniment, i si desitgen obtenir m\u00e9s informaci\u00f3, segueixi&#8217;ns en el nostre perfil d&#8217;Instagram! <\/span><strong><a href=\"https:\/\/www.instagram.com\/portmarinapalamos\/\">@portmar<\/a><\/strong><strong><a href=\"https:\/\/www.instagram.com\/portmarinapalamos\/\">inapalamos<\/a><\/strong><\/p>\n<p><span style=\"font-weight: 400;\">Esperem comptar amb la seva pres\u00e8ncia i compartir junts aquesta emocionant ocasi\u00f3!<\/span><\/p>\n<\/div><\/div><\/div><div class=\"fusion-layout-column fusion_builder_column fusion-builder-column-1 fusion_builder_column_1_1 1_1 fusion-flex-column\" style=\"--awb-bg-size:cover;--awb-width-large:100%;--awb-margin-top-large:0px;--awb-spacing-right-large:1.92%;--awb-margin-bottom-large:20px;--awb-spacing-left-large:1.92%;--awb-width-medium:100%;--awb-order-medium:0;--awb-spacing-right-medium:1.92%;--awb-spacing-left-medium:1.92%;--awb-width-small:100%;--awb-order-small:0;--awb-spacing-right-small:1.92%;--awb-spacing-left-small:1.92%;\"><div class=\"fusion-column-wrapper fusion-column-has-shadow fusion-flex-justify-content-flex-start fusion-content-layout-column\"><\/div><\/div><\/div><\/div>\n","protected":false},"excerpt":{"rendered":"","protected":false},"author":5,"featured_media":5304,"comment_status":"open","ping_status":"closed","sticky":false,"template":"","format":"standard","meta":{"_acf_changed":false,"footnotes":""},"categories":[69],"tags":[],"class_list":["post-5301","post","type-post","status-publish","format-standard","has-post-thumbnail","hentry","category-blog-ca"],"acf":[],"yoast_head":"<!-- This site is optimized with the Yoast SEO plugin v27.5 - https:\/\/yoast.com\/product\/yoast-seo-wordpress\/ -->\n<title>Descarbonitzaci\u00f3 d&#039;Embarcacions d&#039;Esbarjo - 17 de maig - Marina Palam\u00f3s<\/title>\n<meta name=\"description\" content=\"El pr\u00f3ximo 17 de mayo recibiremos la visita de Barcelona Capital N\u00e1utica para presentar el emocionante proyecto de Descarbonizaci\u00f3n de Embarcaciones de Recreo!\" \/>\n<meta name=\"robots\" content=\"index, follow, max-snippet:-1, max-image-preview:large, max-video-preview:-1\" \/>\n<link rel=\"canonical\" href=\"https:\/\/www.marinapalamos.com\/descarbonizacion-de-embarcaciones-de-recreo-17-de-mayo\/\" \/>\n<meta property=\"og:locale\" content=\"ca_ES\" \/>\n<meta property=\"og:type\" content=\"article\" \/>\n<meta property=\"og:title\" content=\"Descarbonitzaci\u00f3 d&#039;Embarcacions d&#039;Esbarjo - 17 de maig - Marina Palam\u00f3s\" \/>\n<meta property=\"og:description\" content=\"El pr\u00f3ximo 17 de mayo recibiremos la visita de Barcelona Capital N\u00e1utica para presentar el emocionante proyecto de Descarbonizaci\u00f3n de Embarcaciones de Recreo!\" \/>\n<meta property=\"og:url\" content=\"https:\/\/www.marinapalamos.com\/descarbonizacion-de-embarcaciones-de-recreo-17-de-mayo\/\" \/>\n<meta property=\"og:site_name\" content=\"Marina Palam\u00f3s\" \/>\n<meta property=\"article:published_time\" content=\"2024-05-10T12:01:01+00:00\" \/>\n<meta property=\"article:modified_time\" content=\"2024-05-10T12:05:05+00:00\" \/>\n<meta property=\"og:image\" content=\"https:\/\/www.marinapalamos.com\/wp-content\/uploads\/2024\/05\/Anadir-un-subtitulo-e1715247241271.png\" \/>\n\t<meta property=\"og:image:width\" content=\"2000\" \/>\n\t<meta property=\"og:image:height\" content=\"1429\" \/>\n\t<meta property=\"og:image:type\" content=\"image\/png\" \/>\n<meta name=\"author\" content=\"Mauricio\" \/>\n<meta name=\"twitter:card\" content=\"summary_large_image\" \/>\n<meta name=\"twitter:label1\" content=\"Escrit per\" \/>\n\t<meta name=\"twitter:data1\" content=\"Mauricio\" \/>\n\t<meta name=\"twitter:label2\" content=\"Temps estimat de lectura\" \/>\n\t<meta name=\"twitter:data2\" content=\"2 minuts\" \/>\n<script type=\"application\/ld+json\" class=\"yoast-schema-graph\">{\"@context\":\"https:\\\/\\\/schema.org\",\"@graph\":[{\"@type\":\"Article\",\"@id\":\"https:\\\/\\\/www.marinapalamos.com\\\/descarbonizacion-de-embarcaciones-de-recreo-17-de-mayo\\\/#article\",\"isPartOf\":{\"@id\":\"https:\\\/\\\/www.marinapalamos.com\\\/descarbonizacion-de-embarcaciones-de-recreo-17-de-mayo\\\/\"},\"author\":{\"name\":\"Mauricio\",\"@id\":\"https:\\\/\\\/www.marinapalamos.com\\\/#\\\/schema\\\/person\\\/9604bbc17d32ce2823e8ffc3e3efb0f3\"},\"headline\":\"Descarbonitzaci\u00f3 d&#8217;Embarcacions d&#8217;Esbarjo &#8211; 17 de maig\",\"datePublished\":\"2024-05-10T12:01:01+00:00\",\"dateModified\":\"2024-05-10T12:05:05+00:00\",\"mainEntityOfPage\":{\"@id\":\"https:\\\/\\\/www.marinapalamos.com\\\/descarbonizacion-de-embarcaciones-de-recreo-17-de-mayo\\\/\"},\"wordCount\":1077,\"commentCount\":0,\"image\":{\"@id\":\"https:\\\/\\\/www.marinapalamos.com\\\/descarbonizacion-de-embarcaciones-de-recreo-17-de-mayo\\\/#primaryimage\"},\"thumbnailUrl\":\"https:\\\/\\\/www.marinapalamos.com\\\/wp-content\\\/uploads\\\/2024\\\/05\\\/Anadir-un-subtitulo-e1715247241271.png\",\"articleSection\":[\"Blog\"],\"inLanguage\":\"ca\",\"potentialAction\":[{\"@type\":\"CommentAction\",\"name\":\"Comment\",\"target\":[\"https:\\\/\\\/www.marinapalamos.com\\\/descarbonizacion-de-embarcaciones-de-recreo-17-de-mayo\\\/#respond\"]}]},{\"@type\":\"WebPage\",\"@id\":\"https:\\\/\\\/www.marinapalamos.com\\\/descarbonizacion-de-embarcaciones-de-recreo-17-de-mayo\\\/\",\"url\":\"https:\\\/\\\/www.marinapalamos.com\\\/descarbonizacion-de-embarcaciones-de-recreo-17-de-mayo\\\/\",\"name\":\"Descarbonitzaci\u00f3 d'Embarcacions d'Esbarjo - 17 de maig - Marina Palam\u00f3s\",\"isPartOf\":{\"@id\":\"https:\\\/\\\/www.marinapalamos.com\\\/#website\"},\"primaryImageOfPage\":{\"@id\":\"https:\\\/\\\/www.marinapalamos.com\\\/descarbonizacion-de-embarcaciones-de-recreo-17-de-mayo\\\/#primaryimage\"},\"image\":{\"@id\":\"https:\\\/\\\/www.marinapalamos.com\\\/descarbonizacion-de-embarcaciones-de-recreo-17-de-mayo\\\/#primaryimage\"},\"thumbnailUrl\":\"https:\\\/\\\/www.marinapalamos.com\\\/wp-content\\\/uploads\\\/2024\\\/05\\\/Anadir-un-subtitulo-e1715247241271.png\",\"datePublished\":\"2024-05-10T12:01:01+00:00\",\"dateModified\":\"2024-05-10T12:05:05+00:00\",\"author\":{\"@id\":\"https:\\\/\\\/www.marinapalamos.com\\\/#\\\/schema\\\/person\\\/9604bbc17d32ce2823e8ffc3e3efb0f3\"},\"description\":\"El pr\u00f3ximo 17 de mayo recibiremos la visita de Barcelona Capital N\u00e1utica para presentar el emocionante proyecto de Descarbonizaci\u00f3n de Embarcaciones de Recreo!\",\"breadcrumb\":{\"@id\":\"https:\\\/\\\/www.marinapalamos.com\\\/descarbonizacion-de-embarcaciones-de-recreo-17-de-mayo\\\/#breadcrumb\"},\"inLanguage\":\"ca\",\"potentialAction\":[{\"@type\":\"ReadAction\",\"target\":[\"https:\\\/\\\/www.marinapalamos.com\\\/descarbonizacion-de-embarcaciones-de-recreo-17-de-mayo\\\/\"]}]},{\"@type\":\"ImageObject\",\"inLanguage\":\"ca\",\"@id\":\"https:\\\/\\\/www.marinapalamos.com\\\/descarbonizacion-de-embarcaciones-de-recreo-17-de-mayo\\\/#primaryimage\",\"url\":\"https:\\\/\\\/www.marinapalamos.com\\\/wp-content\\\/uploads\\\/2024\\\/05\\\/Anadir-un-subtitulo-e1715247241271.png\",\"contentUrl\":\"https:\\\/\\\/www.marinapalamos.com\\\/wp-content\\\/uploads\\\/2024\\\/05\\\/Anadir-un-subtitulo-e1715247241271.png\",\"width\":2000,\"height\":1429},{\"@type\":\"BreadcrumbList\",\"@id\":\"https:\\\/\\\/www.marinapalamos.com\\\/descarbonizacion-de-embarcaciones-de-recreo-17-de-mayo\\\/#breadcrumb\",\"itemListElement\":[{\"@type\":\"ListItem\",\"position\":1,\"name\":\"Inicio\",\"item\":\"https:\\\/\\\/www.marinapalamos.com\\\/ca\\\/\"},{\"@type\":\"ListItem\",\"position\":2,\"name\":\"Descarbonitzaci\u00f3 d&#8217;Embarcacions d&#8217;Esbarjo &#8211; 17 de maig\"}]},{\"@type\":\"WebSite\",\"@id\":\"https:\\\/\\\/www.marinapalamos.com\\\/#website\",\"url\":\"https:\\\/\\\/www.marinapalamos.com\\\/\",\"name\":\"Marina Palam\u00f3s\",\"description\":\"Marina Palam\u00f3s\",\"potentialAction\":[{\"@type\":\"SearchAction\",\"target\":{\"@type\":\"EntryPoint\",\"urlTemplate\":\"https:\\\/\\\/www.marinapalamos.com\\\/?s={search_term_string}\"},\"query-input\":{\"@type\":\"PropertyValueSpecification\",\"valueRequired\":true,\"valueName\":\"search_term_string\"}}],\"inLanguage\":\"ca\"},{\"@type\":\"Person\",\"@id\":\"https:\\\/\\\/www.marinapalamos.com\\\/#\\\/schema\\\/person\\\/9604bbc17d32ce2823e8ffc3e3efb0f3\",\"name\":\"Mauricio\",\"image\":{\"@type\":\"ImageObject\",\"inLanguage\":\"ca\",\"@id\":\"https:\\\/\\\/secure.gravatar.com\\\/avatar\\\/66f31716a14ebbbf9d76c4d8a1e5e44ee4b8992044a9034b47ebd0c89cc8c57b?s=96&d=mm&r=g\",\"url\":\"https:\\\/\\\/secure.gravatar.com\\\/avatar\\\/66f31716a14ebbbf9d76c4d8a1e5e44ee4b8992044a9034b47ebd0c89cc8c57b?s=96&d=mm&r=g\",\"contentUrl\":\"https:\\\/\\\/secure.gravatar.com\\\/avatar\\\/66f31716a14ebbbf9d76c4d8a1e5e44ee4b8992044a9034b47ebd0c89cc8c57b?s=96&d=mm&r=g\",\"caption\":\"Mauricio\"},\"url\":\"https:\\\/\\\/www.marinapalamos.com\\\/ca\\\/author\\\/mauricio\\\/\"}]}<\/script>\n<!-- \/ Yoast SEO plugin. -->","yoast_head_json":{"title":"Descarbonitzaci\u00f3 d'Embarcacions d'Esbarjo - 17 de maig - Marina Palam\u00f3s","description":"El pr\u00f3ximo 17 de mayo recibiremos la visita de Barcelona Capital N\u00e1utica para presentar el emocionante proyecto de Descarbonizaci\u00f3n de Embarcaciones de Recreo!","robots":{"index":"index","follow":"follow","max-snippet":"max-snippet:-1","max-image-preview":"max-image-preview:large","max-video-preview":"max-video-preview:-1"},"canonical":"https:\/\/www.marinapalamos.com\/descarbonizacion-de-embarcaciones-de-recreo-17-de-mayo\/","og_locale":"ca_ES","og_type":"article","og_title":"Descarbonitzaci\u00f3 d'Embarcacions d'Esbarjo - 17 de maig - Marina Palam\u00f3s","og_description":"El pr\u00f3ximo 17 de mayo recibiremos la visita de Barcelona Capital N\u00e1utica para presentar el emocionante proyecto de Descarbonizaci\u00f3n de Embarcaciones de Recreo!","og_url":"https:\/\/www.marinapalamos.com\/descarbonizacion-de-embarcaciones-de-recreo-17-de-mayo\/","og_site_name":"Marina Palam\u00f3s","article_published_time":"2024-05-10T12:01:01+00:00","article_modified_time":"2024-05-10T12:05:05+00:00","og_image":[{"width":2000,"height":1429,"url":"https:\/\/www.marinapalamos.com\/wp-content\/uploads\/2024\/05\/Anadir-un-subtitulo-e1715247241271.png","type":"image\/png"}],"author":"Mauricio","twitter_card":"summary_large_image","twitter_misc":{"Escrit per":"Mauricio","Temps estimat de lectura":"2 minuts"},"schema":{"@context":"https:\/\/schema.org","@graph":[{"@type":"Article","@id":"https:\/\/www.marinapalamos.com\/descarbonizacion-de-embarcaciones-de-recreo-17-de-mayo\/#article","isPartOf":{"@id":"https:\/\/www.marinapalamos.com\/descarbonizacion-de-embarcaciones-de-recreo-17-de-mayo\/"},"author":{"name":"Mauricio","@id":"https:\/\/www.marinapalamos.com\/#\/schema\/person\/9604bbc17d32ce2823e8ffc3e3efb0f3"},"headline":"Descarbonitzaci\u00f3 d&#8217;Embarcacions d&#8217;Esbarjo &#8211; 17 de maig","datePublished":"2024-05-10T12:01:01+00:00","dateModified":"2024-05-10T12:05:05+00:00","mainEntityOfPage":{"@id":"https:\/\/www.marinapalamos.com\/descarbonizacion-de-embarcaciones-de-recreo-17-de-mayo\/"},"wordCount":1077,"commentCount":0,"image":{"@id":"https:\/\/www.marinapalamos.com\/descarbonizacion-de-embarcaciones-de-recreo-17-de-mayo\/#primaryimage"},"thumbnailUrl":"https:\/\/www.marinapalamos.com\/wp-content\/uploads\/2024\/05\/Anadir-un-subtitulo-e1715247241271.png","articleSection":["Blog"],"inLanguage":"ca","potentialAction":[{"@type":"CommentAction","name":"Comment","target":["https:\/\/www.marinapalamos.com\/descarbonizacion-de-embarcaciones-de-recreo-17-de-mayo\/#respond"]}]},{"@type":"WebPage","@id":"https:\/\/www.marinapalamos.com\/descarbonizacion-de-embarcaciones-de-recreo-17-de-mayo\/","url":"https:\/\/www.marinapalamos.com\/descarbonizacion-de-embarcaciones-de-recreo-17-de-mayo\/","name":"Descarbonitzaci\u00f3 d'Embarcacions d'Esbarjo - 17 de maig - Marina Palam\u00f3s","isPartOf":{"@id":"https:\/\/www.marinapalamos.com\/#website"},"primaryImageOfPage":{"@id":"https:\/\/www.marinapalamos.com\/descarbonizacion-de-embarcaciones-de-recreo-17-de-mayo\/#primaryimage"},"image":{"@id":"https:\/\/www.marinapalamos.com\/descarbonizacion-de-embarcaciones-de-recreo-17-de-mayo\/#primaryimage"},"thumbnailUrl":"https:\/\/www.marinapalamos.com\/wp-content\/uploads\/2024\/05\/Anadir-un-subtitulo-e1715247241271.png","datePublished":"2024-05-10T12:01:01+00:00","dateModified":"2024-05-10T12:05:05+00:00","author":{"@id":"https:\/\/www.marinapalamos.com\/#\/schema\/person\/9604bbc17d32ce2823e8ffc3e3efb0f3"},"description":"El pr\u00f3ximo 17 de mayo recibiremos la visita de Barcelona Capital N\u00e1utica para presentar el emocionante proyecto de Descarbonizaci\u00f3n de Embarcaciones de Recreo!","breadcrumb":{"@id":"https:\/\/www.marinapalamos.com\/descarbonizacion-de-embarcaciones-de-recreo-17-de-mayo\/#breadcrumb"},"inLanguage":"ca","potentialAction":[{"@type":"ReadAction","target":["https:\/\/www.marinapalamos.com\/descarbonizacion-de-embarcaciones-de-recreo-17-de-mayo\/"]}]},{"@type":"ImageObject","inLanguage":"ca","@id":"https:\/\/www.marinapalamos.com\/descarbonizacion-de-embarcaciones-de-recreo-17-de-mayo\/#primaryimage","url":"https:\/\/www.marinapalamos.com\/wp-content\/uploads\/2024\/05\/Anadir-un-subtitulo-e1715247241271.png","contentUrl":"https:\/\/www.marinapalamos.com\/wp-content\/uploads\/2024\/05\/Anadir-un-subtitulo-e1715247241271.png","width":2000,"height":1429},{"@type":"BreadcrumbList","@id":"https:\/\/www.marinapalamos.com\/descarbonizacion-de-embarcaciones-de-recreo-17-de-mayo\/#breadcrumb","itemListElement":[{"@type":"ListItem","position":1,"name":"Inicio","item":"https:\/\/www.marinapalamos.com\/ca\/"},{"@type":"ListItem","position":2,"name":"Descarbonitzaci\u00f3 d&#8217;Embarcacions d&#8217;Esbarjo &#8211; 17 de maig"}]},{"@type":"WebSite","@id":"https:\/\/www.marinapalamos.com\/#website","url":"https:\/\/www.marinapalamos.com\/","name":"Marina Palam\u00f3s","description":"Marina Palam\u00f3s","potentialAction":[{"@type":"SearchAction","target":{"@type":"EntryPoint","urlTemplate":"https:\/\/www.marinapalamos.com\/?s={search_term_string}"},"query-input":{"@type":"PropertyValueSpecification","valueRequired":true,"valueName":"search_term_string"}}],"inLanguage":"ca"},{"@type":"Person","@id":"https:\/\/www.marinapalamos.com\/#\/schema\/person\/9604bbc17d32ce2823e8ffc3e3efb0f3","name":"Mauricio","image":{"@type":"ImageObject","inLanguage":"ca","@id":"https:\/\/secure.gravatar.com\/avatar\/66f31716a14ebbbf9d76c4d8a1e5e44ee4b8992044a9034b47ebd0c89cc8c57b?s=96&d=mm&r=g","url":"https:\/\/secure.gravatar.com\/avatar\/66f31716a14ebbbf9d76c4d8a1e5e44ee4b8992044a9034b47ebd0c89cc8c57b?s=96&d=mm&r=g","contentUrl":"https:\/\/secure.gravatar.com\/avatar\/66f31716a14ebbbf9d76c4d8a1e5e44ee4b8992044a9034b47ebd0c89cc8c57b?s=96&d=mm&r=g","caption":"Mauricio"},"url":"https:\/\/www.marinapalamos.com\/ca\/author\/mauricio\/"}]}},"_links":{"self":[{"href":"https:\/\/www.marinapalamos.com\/ca\/wp-json\/wp\/v2\/posts\/5301","targetHints":{"allow":["GET"]}}],"collection":[{"href":"https:\/\/www.marinapalamos.com\/ca\/wp-json\/wp\/v2\/posts"}],"about":[{"href":"https:\/\/www.marinapalamos.com\/ca\/wp-json\/wp\/v2\/types\/post"}],"author":[{"embeddable":true,"href":"https:\/\/www.marinapalamos.com\/ca\/wp-json\/wp\/v2\/users\/5"}],"replies":[{"embeddable":true,"href":"https:\/\/www.marinapalamos.com\/ca\/wp-json\/wp\/v2\/comments?post=5301"}],"version-history":[{"count":4,"href":"https:\/\/www.marinapalamos.com\/ca\/wp-json\/wp\/v2\/posts\/5301\/revisions"}],"predecessor-version":[{"id":5313,"href":"https:\/\/www.marinapalamos.com\/ca\/wp-json\/wp\/v2\/posts\/5301\/revisions\/5313"}],"wp:featuredmedia":[{"embeddable":true,"href":"https:\/\/www.marinapalamos.com\/ca\/wp-json\/wp\/v2\/media\/5304"}],"wp:attachment":[{"href":"https:\/\/www.marinapalamos.com\/ca\/wp-json\/wp\/v2\/media?parent=5301"}],"wp:term":[{"taxonomy":"category","embeddable":true,"href":"https:\/\/www.marinapalamos.com\/ca\/wp-json\/wp\/v2\/categories?post=5301"},{"taxonomy":"post_tag","embeddable":true,"href":"https:\/\/www.marinapalamos.com\/ca\/wp-json\/wp\/v2\/tags?post=5301"}],"curies":[{"name":"wp","href":"https:\/\/api.w.org\/{rel}","templated":true}]}}