{"id":5884,"date":"2024-08-09T13:53:00","date_gmt":"2024-08-09T13:53:00","guid":{"rendered":"https:\/\/www.marinapalamos.com\/?p=5884"},"modified":"2024-08-09T16:23:34","modified_gmt":"2024-08-09T16:23:34","slug":"vetllem-pel-litoral-navegacio-responsable","status":"publish","type":"post","link":"https:\/\/www.marinapalamos.com\/ca\/vetllem-pel-litoral-navegacio-responsable\/","title":{"rendered":"Vetllem pel Litoral &#8211; Navegaci\u00f3 Responsable"},"content":{"rendered":"<div class=\"fusion-fullwidth fullwidth-box fusion-builder-row-1 fusion-flex-container nonhundred-percent-fullwidth non-hundred-percent-height-scrolling\" style=\"--awb-border-radius-top-left:0px;--awb-border-radius-top-right:0px;--awb-border-radius-bottom-right:0px;--awb-border-radius-bottom-left:0px;--awb-flex-wrap:wrap;\" ><div class=\"fusion-builder-row fusion-row fusion-flex-align-items-flex-start fusion-flex-content-wrap\" style=\"max-width:1300px;margin-left: calc(-4% \/ 2 );margin-right: calc(-4% \/ 2 );\"><div class=\"fusion-layout-column fusion_builder_column fusion-builder-column-0 fusion_builder_column_1_1 1_1 fusion-flex-column\" style=\"--awb-bg-size:cover;--awb-width-large:100%;--awb-margin-top-large:0px;--awb-spacing-right-large:1.92%;--awb-margin-bottom-large:20px;--awb-spacing-left-large:1.92%;--awb-width-medium:100%;--awb-order-medium:0;--awb-spacing-right-medium:1.92%;--awb-spacing-left-medium:1.92%;--awb-width-small:100%;--awb-order-small:0;--awb-spacing-right-small:1.92%;--awb-spacing-left-small:1.92%;\"><div class=\"fusion-column-wrapper fusion-column-has-shadow fusion-flex-justify-content-flex-start fusion-content-layout-column\"><div class=\"fusion-text fusion-text-1\" style=\"--awb-text-transform:none;\"><p><strong>Lectura: 1 min\u00a0<\/strong><\/p>\n<p>Un any m\u00e9s, l&#8217;\u00e0rea de medi ambient dels ajuntaments de pobles costaners com ara <strong>Palam\u00f3s, Palafrugell, Begur i Mont-Ras<\/strong> s&#8217;uneixen per crear una <strong>guia amb consells i normes per a la navegaci\u00f3 responsable<\/strong>, adaptada a les caracter\u00edstiques de les zones litorals de cada un d&#8217;aquests municipis.<\/p>\n<p><a href=\"https:\/\/www.marinapalamos.com\/wp-content\/uploads\/2024\/08\/Vetllem-pel-litoral-2024.pdf\"><img decoding=\"async\" class=\" wp-image-5886 aligncenter\" src=\"https:\/\/www.marinapalamos.com\/wp-content\/uploads\/2024\/08\/Vetllem-pel-litoral-2024-1-300x212.png\" alt=\"\" width=\"444\" height=\"314\" srcset=\"https:\/\/www.marinapalamos.com\/wp-content\/uploads\/2024\/08\/Vetllem-pel-litoral-2024-1-200x141.png 200w, https:\/\/www.marinapalamos.com\/wp-content\/uploads\/2024\/08\/Vetllem-pel-litoral-2024-1-300x212.png 300w, https:\/\/www.marinapalamos.com\/wp-content\/uploads\/2024\/08\/Vetllem-pel-litoral-2024-1-400x283.png 400w, https:\/\/www.marinapalamos.com\/wp-content\/uploads\/2024\/08\/Vetllem-pel-litoral-2024-1-600x424.png 600w, https:\/\/www.marinapalamos.com\/wp-content\/uploads\/2024\/08\/Vetllem-pel-litoral-2024-1-768x543.png 768w, https:\/\/www.marinapalamos.com\/wp-content\/uploads\/2024\/08\/Vetllem-pel-litoral-2024-1-800x566.png 800w, https:\/\/www.marinapalamos.com\/wp-content\/uploads\/2024\/08\/Vetllem-pel-litoral-2024-1-1024x724.png 1024w, https:\/\/www.marinapalamos.com\/wp-content\/uploads\/2024\/08\/Vetllem-pel-litoral-2024-1-1200x849.png 1200w, https:\/\/www.marinapalamos.com\/wp-content\/uploads\/2024\/08\/Vetllem-pel-litoral-2024-1-1536x1086.png 1536w\" sizes=\"(max-width: 444px) 100vw, 444px\" \/><\/a><\/p>\n<p>Aquesta guia es presenta en un tr\u00edptic informatiu, que utilitza un <strong>llenguatge accessible<\/strong> i compta amb <strong>il\u00b7lustracions atractives.<\/strong><br \/>\nConsta de dues parts: la primera \u00e9s un <a href=\"https:\/\/www.marinapalamos.com\/wp-content\/uploads\/2024\/08\/Vetllem-pel-litoral-2024.pdf\"><strong>mapa detallat<\/strong><\/a> que mostra les diferents <strong>\u00e0rees de praderies de posid\u00f2nia<\/strong>, camps de boies d&#8217;\u00fas di\u00fcrn i camps de boies de temporada o de passants, des de la platja gran de Palam\u00f3s fins a Cap Roig. La segona part ofereix <strong>consells sobre bones pr\u00e0ctiques de navegaci\u00f3, fondeig i el paper fonamental de la posid\u00f2nia al mar Mediterrani.<\/strong><\/p>\n<p>Us convidem a consultar-la a la capitania del port, a la documentaci\u00f3 de la <a href=\"https:\/\/www.marinapalamos.com\/ca\/medi-ambient\/\">secci\u00f3 de medi ambient<\/a> de la nostra p\u00e0gina web, o als establiments dels diferents operadors portuaris.<\/p>\n<p><strong>Gr\u00e0cies per ajudar-nos a cuidar les nostres costes tan preuades.<\/strong><\/p>\n<\/div><\/div><\/div><div class=\"fusion-layout-column fusion_builder_column fusion-builder-column-1 fusion_builder_column_1_1 1_1 fusion-flex-column\" style=\"--awb-bg-size:cover;--awb-width-large:100%;--awb-margin-top-large:0px;--awb-spacing-right-large:1.92%;--awb-margin-bottom-large:20px;--awb-spacing-left-large:1.92%;--awb-width-medium:100%;--awb-order-medium:0;--awb-spacing-right-medium:1.92%;--awb-spacing-left-medium:1.92%;--awb-width-small:100%;--awb-order-small:0;--awb-spacing-right-small:1.92%;--awb-spacing-left-small:1.92%;\"><div class=\"fusion-column-wrapper fusion-column-has-shadow fusion-flex-justify-content-flex-start fusion-content-layout-column\"><\/div><\/div><\/div><\/div>\n","protected":false},"excerpt":{"rendered":"","protected":false},"author":5,"featured_media":5880,"comment_status":"open","ping_status":"closed","sticky":false,"template":"","format":"standard","meta":{"_acf_changed":false,"footnotes":""},"categories":[69],"tags":[],"class_list":["post-5884","post","type-post","status-publish","format-standard","has-post-thumbnail","hentry","category-blog-ca"],"acf":[],"yoast_head":"<!-- This site is optimized with the Yoast SEO plugin v27.5 - https:\/\/yoast.com\/product\/yoast-seo-wordpress\/ -->\n<title>Vetllem pel Litoral - Navegaci\u00f3 Responsable - Marina Palam\u00f3s<\/title>\n<meta name=\"description\" content=\"Palam\u00f3s, Palafrugell, Begur y Mont-Ras se unen para crear una gu\u00eda con consejos y normas para la navegaci\u00f3n responsable.\" \/>\n<meta name=\"robots\" content=\"index, follow, max-snippet:-1, max-image-preview:large, max-video-preview:-1\" \/>\n<link rel=\"canonical\" href=\"https:\/\/www.marinapalamos.com\/velamos-por-el-litoral-navegacion-responsable\/\" \/>\n<meta property=\"og:locale\" content=\"ca_ES\" \/>\n<meta property=\"og:type\" content=\"article\" \/>\n<meta property=\"og:title\" content=\"Vetllem pel Litoral - Navegaci\u00f3 Responsable - Marina Palam\u00f3s\" \/>\n<meta property=\"og:description\" content=\"Palam\u00f3s, Palafrugell, Begur y Mont-Ras se unen para crear una gu\u00eda con consejos y normas para la navegaci\u00f3n responsable.\" \/>\n<meta property=\"og:url\" content=\"https:\/\/www.marinapalamos.com\/velamos-por-el-litoral-navegacion-responsable\/\" \/>\n<meta property=\"og:site_name\" content=\"Marina Palam\u00f3s\" \/>\n<meta property=\"article:published_time\" content=\"2024-08-09T13:53:00+00:00\" \/>\n<meta property=\"article:modified_time\" content=\"2024-08-09T16:23:34+00:00\" \/>\n<meta property=\"og:image\" content=\"https:\/\/www.marinapalamos.com\/wp-content\/uploads\/2024\/08\/BLOG-16-4.png\" \/>\n\t<meta property=\"og:image:width\" content=\"500\" \/>\n\t<meta property=\"og:image:height\" content=\"300\" \/>\n\t<meta property=\"og:image:type\" content=\"image\/png\" \/>\n<meta name=\"author\" content=\"Mauricio\" \/>\n<meta name=\"twitter:card\" content=\"summary_large_image\" \/>\n<meta name=\"twitter:label1\" content=\"Escrit per\" \/>\n\t<meta name=\"twitter:data1\" content=\"Mauricio\" \/>\n\t<meta name=\"twitter:label2\" content=\"Temps estimat de lectura\" \/>\n\t<meta name=\"twitter:data2\" content=\"2 minuts\" \/>\n<script type=\"application\/ld+json\" class=\"yoast-schema-graph\">{\"@context\":\"https:\\\/\\\/schema.org\",\"@graph\":[{\"@type\":\"Article\",\"@id\":\"https:\\\/\\\/www.marinapalamos.com\\\/velamos-por-el-litoral-navegacion-responsable\\\/#article\",\"isPartOf\":{\"@id\":\"https:\\\/\\\/www.marinapalamos.com\\\/velamos-por-el-litoral-navegacion-responsable\\\/\"},\"author\":{\"name\":\"Mauricio\",\"@id\":\"https:\\\/\\\/www.marinapalamos.com\\\/#\\\/schema\\\/person\\\/9604bbc17d32ce2823e8ffc3e3efb0f3\"},\"headline\":\"Vetllem pel Litoral &#8211; Navegaci\u00f3 Responsable\",\"datePublished\":\"2024-08-09T13:53:00+00:00\",\"dateModified\":\"2024-08-09T16:23:34+00:00\",\"mainEntityOfPage\":{\"@id\":\"https:\\\/\\\/www.marinapalamos.com\\\/velamos-por-el-litoral-navegacion-responsable\\\/\"},\"wordCount\":750,\"commentCount\":0,\"image\":{\"@id\":\"https:\\\/\\\/www.marinapalamos.com\\\/velamos-por-el-litoral-navegacion-responsable\\\/#primaryimage\"},\"thumbnailUrl\":\"https:\\\/\\\/www.marinapalamos.com\\\/wp-content\\\/uploads\\\/2024\\\/08\\\/BLOG-16-4.png\",\"articleSection\":[\"Blog\"],\"inLanguage\":\"ca\",\"potentialAction\":[{\"@type\":\"CommentAction\",\"name\":\"Comment\",\"target\":[\"https:\\\/\\\/www.marinapalamos.com\\\/velamos-por-el-litoral-navegacion-responsable\\\/#respond\"]}]},{\"@type\":\"WebPage\",\"@id\":\"https:\\\/\\\/www.marinapalamos.com\\\/velamos-por-el-litoral-navegacion-responsable\\\/\",\"url\":\"https:\\\/\\\/www.marinapalamos.com\\\/velamos-por-el-litoral-navegacion-responsable\\\/\",\"name\":\"Vetllem pel Litoral - Navegaci\u00f3 Responsable - Marina Palam\u00f3s\",\"isPartOf\":{\"@id\":\"https:\\\/\\\/www.marinapalamos.com\\\/#website\"},\"primaryImageOfPage\":{\"@id\":\"https:\\\/\\\/www.marinapalamos.com\\\/velamos-por-el-litoral-navegacion-responsable\\\/#primaryimage\"},\"image\":{\"@id\":\"https:\\\/\\\/www.marinapalamos.com\\\/velamos-por-el-litoral-navegacion-responsable\\\/#primaryimage\"},\"thumbnailUrl\":\"https:\\\/\\\/www.marinapalamos.com\\\/wp-content\\\/uploads\\\/2024\\\/08\\\/BLOG-16-4.png\",\"datePublished\":\"2024-08-09T13:53:00+00:00\",\"dateModified\":\"2024-08-09T16:23:34+00:00\",\"author\":{\"@id\":\"https:\\\/\\\/www.marinapalamos.com\\\/#\\\/schema\\\/person\\\/9604bbc17d32ce2823e8ffc3e3efb0f3\"},\"description\":\"Palam\u00f3s, Palafrugell, Begur y Mont-Ras se unen para crear una gu\u00eda con consejos y normas para la navegaci\u00f3n responsable.\",\"breadcrumb\":{\"@id\":\"https:\\\/\\\/www.marinapalamos.com\\\/velamos-por-el-litoral-navegacion-responsable\\\/#breadcrumb\"},\"inLanguage\":\"ca\",\"potentialAction\":[{\"@type\":\"ReadAction\",\"target\":[\"https:\\\/\\\/www.marinapalamos.com\\\/velamos-por-el-litoral-navegacion-responsable\\\/\"]}]},{\"@type\":\"ImageObject\",\"inLanguage\":\"ca\",\"@id\":\"https:\\\/\\\/www.marinapalamos.com\\\/velamos-por-el-litoral-navegacion-responsable\\\/#primaryimage\",\"url\":\"https:\\\/\\\/www.marinapalamos.com\\\/wp-content\\\/uploads\\\/2024\\\/08\\\/BLOG-16-4.png\",\"contentUrl\":\"https:\\\/\\\/www.marinapalamos.com\\\/wp-content\\\/uploads\\\/2024\\\/08\\\/BLOG-16-4.png\",\"width\":500,\"height\":300},{\"@type\":\"BreadcrumbList\",\"@id\":\"https:\\\/\\\/www.marinapalamos.com\\\/velamos-por-el-litoral-navegacion-responsable\\\/#breadcrumb\",\"itemListElement\":[{\"@type\":\"ListItem\",\"position\":1,\"name\":\"Inicio\",\"item\":\"https:\\\/\\\/www.marinapalamos.com\\\/ca\\\/\"},{\"@type\":\"ListItem\",\"position\":2,\"name\":\"Vetllem pel Litoral &#8211; Navegaci\u00f3 Responsable\"}]},{\"@type\":\"WebSite\",\"@id\":\"https:\\\/\\\/www.marinapalamos.com\\\/#website\",\"url\":\"https:\\\/\\\/www.marinapalamos.com\\\/\",\"name\":\"Marina Palam\u00f3s\",\"description\":\"Marina Palam\u00f3s\",\"potentialAction\":[{\"@type\":\"SearchAction\",\"target\":{\"@type\":\"EntryPoint\",\"urlTemplate\":\"https:\\\/\\\/www.marinapalamos.com\\\/?s={search_term_string}\"},\"query-input\":{\"@type\":\"PropertyValueSpecification\",\"valueRequired\":true,\"valueName\":\"search_term_string\"}}],\"inLanguage\":\"ca\"},{\"@type\":\"Person\",\"@id\":\"https:\\\/\\\/www.marinapalamos.com\\\/#\\\/schema\\\/person\\\/9604bbc17d32ce2823e8ffc3e3efb0f3\",\"name\":\"Mauricio\",\"image\":{\"@type\":\"ImageObject\",\"inLanguage\":\"ca\",\"@id\":\"https:\\\/\\\/secure.gravatar.com\\\/avatar\\\/66f31716a14ebbbf9d76c4d8a1e5e44ee4b8992044a9034b47ebd0c89cc8c57b?s=96&d=mm&r=g\",\"url\":\"https:\\\/\\\/secure.gravatar.com\\\/avatar\\\/66f31716a14ebbbf9d76c4d8a1e5e44ee4b8992044a9034b47ebd0c89cc8c57b?s=96&d=mm&r=g\",\"contentUrl\":\"https:\\\/\\\/secure.gravatar.com\\\/avatar\\\/66f31716a14ebbbf9d76c4d8a1e5e44ee4b8992044a9034b47ebd0c89cc8c57b?s=96&d=mm&r=g\",\"caption\":\"Mauricio\"},\"url\":\"https:\\\/\\\/www.marinapalamos.com\\\/ca\\\/author\\\/mauricio\\\/\"}]}<\/script>\n<!-- \/ Yoast SEO plugin. -->","yoast_head_json":{"title":"Vetllem pel Litoral - Navegaci\u00f3 Responsable - Marina Palam\u00f3s","description":"Palam\u00f3s, Palafrugell, Begur y Mont-Ras se unen para crear una gu\u00eda con consejos y normas para la navegaci\u00f3n responsable.","robots":{"index":"index","follow":"follow","max-snippet":"max-snippet:-1","max-image-preview":"max-image-preview:large","max-video-preview":"max-video-preview:-1"},"canonical":"https:\/\/www.marinapalamos.com\/velamos-por-el-litoral-navegacion-responsable\/","og_locale":"ca_ES","og_type":"article","og_title":"Vetllem pel Litoral - Navegaci\u00f3 Responsable - Marina Palam\u00f3s","og_description":"Palam\u00f3s, Palafrugell, Begur y Mont-Ras se unen para crear una gu\u00eda con consejos y normas para la navegaci\u00f3n responsable.","og_url":"https:\/\/www.marinapalamos.com\/velamos-por-el-litoral-navegacion-responsable\/","og_site_name":"Marina Palam\u00f3s","article_published_time":"2024-08-09T13:53:00+00:00","article_modified_time":"2024-08-09T16:23:34+00:00","og_image":[{"width":500,"height":300,"url":"https:\/\/www.marinapalamos.com\/wp-content\/uploads\/2024\/08\/BLOG-16-4.png","type":"image\/png"}],"author":"Mauricio","twitter_card":"summary_large_image","twitter_misc":{"Escrit per":"Mauricio","Temps estimat de lectura":"2 minuts"},"schema":{"@context":"https:\/\/schema.org","@graph":[{"@type":"Article","@id":"https:\/\/www.marinapalamos.com\/velamos-por-el-litoral-navegacion-responsable\/#article","isPartOf":{"@id":"https:\/\/www.marinapalamos.com\/velamos-por-el-litoral-navegacion-responsable\/"},"author":{"name":"Mauricio","@id":"https:\/\/www.marinapalamos.com\/#\/schema\/person\/9604bbc17d32ce2823e8ffc3e3efb0f3"},"headline":"Vetllem pel Litoral &#8211; Navegaci\u00f3 Responsable","datePublished":"2024-08-09T13:53:00+00:00","dateModified":"2024-08-09T16:23:34+00:00","mainEntityOfPage":{"@id":"https:\/\/www.marinapalamos.com\/velamos-por-el-litoral-navegacion-responsable\/"},"wordCount":750,"commentCount":0,"image":{"@id":"https:\/\/www.marinapalamos.com\/velamos-por-el-litoral-navegacion-responsable\/#primaryimage"},"thumbnailUrl":"https:\/\/www.marinapalamos.com\/wp-content\/uploads\/2024\/08\/BLOG-16-4.png","articleSection":["Blog"],"inLanguage":"ca","potentialAction":[{"@type":"CommentAction","name":"Comment","target":["https:\/\/www.marinapalamos.com\/velamos-por-el-litoral-navegacion-responsable\/#respond"]}]},{"@type":"WebPage","@id":"https:\/\/www.marinapalamos.com\/velamos-por-el-litoral-navegacion-responsable\/","url":"https:\/\/www.marinapalamos.com\/velamos-por-el-litoral-navegacion-responsable\/","name":"Vetllem pel Litoral - Navegaci\u00f3 Responsable - Marina Palam\u00f3s","isPartOf":{"@id":"https:\/\/www.marinapalamos.com\/#website"},"primaryImageOfPage":{"@id":"https:\/\/www.marinapalamos.com\/velamos-por-el-litoral-navegacion-responsable\/#primaryimage"},"image":{"@id":"https:\/\/www.marinapalamos.com\/velamos-por-el-litoral-navegacion-responsable\/#primaryimage"},"thumbnailUrl":"https:\/\/www.marinapalamos.com\/wp-content\/uploads\/2024\/08\/BLOG-16-4.png","datePublished":"2024-08-09T13:53:00+00:00","dateModified":"2024-08-09T16:23:34+00:00","author":{"@id":"https:\/\/www.marinapalamos.com\/#\/schema\/person\/9604bbc17d32ce2823e8ffc3e3efb0f3"},"description":"Palam\u00f3s, Palafrugell, Begur y Mont-Ras se unen para crear una gu\u00eda con consejos y normas para la navegaci\u00f3n responsable.","breadcrumb":{"@id":"https:\/\/www.marinapalamos.com\/velamos-por-el-litoral-navegacion-responsable\/#breadcrumb"},"inLanguage":"ca","potentialAction":[{"@type":"ReadAction","target":["https:\/\/www.marinapalamos.com\/velamos-por-el-litoral-navegacion-responsable\/"]}]},{"@type":"ImageObject","inLanguage":"ca","@id":"https:\/\/www.marinapalamos.com\/velamos-por-el-litoral-navegacion-responsable\/#primaryimage","url":"https:\/\/www.marinapalamos.com\/wp-content\/uploads\/2024\/08\/BLOG-16-4.png","contentUrl":"https:\/\/www.marinapalamos.com\/wp-content\/uploads\/2024\/08\/BLOG-16-4.png","width":500,"height":300},{"@type":"BreadcrumbList","@id":"https:\/\/www.marinapalamos.com\/velamos-por-el-litoral-navegacion-responsable\/#breadcrumb","itemListElement":[{"@type":"ListItem","position":1,"name":"Inicio","item":"https:\/\/www.marinapalamos.com\/ca\/"},{"@type":"ListItem","position":2,"name":"Vetllem pel Litoral &#8211; Navegaci\u00f3 Responsable"}]},{"@type":"WebSite","@id":"https:\/\/www.marinapalamos.com\/#website","url":"https:\/\/www.marinapalamos.com\/","name":"Marina Palam\u00f3s","description":"Marina Palam\u00f3s","potentialAction":[{"@type":"SearchAction","target":{"@type":"EntryPoint","urlTemplate":"https:\/\/www.marinapalamos.com\/?s={search_term_string}"},"query-input":{"@type":"PropertyValueSpecification","valueRequired":true,"valueName":"search_term_string"}}],"inLanguage":"ca"},{"@type":"Person","@id":"https:\/\/www.marinapalamos.com\/#\/schema\/person\/9604bbc17d32ce2823e8ffc3e3efb0f3","name":"Mauricio","image":{"@type":"ImageObject","inLanguage":"ca","@id":"https:\/\/secure.gravatar.com\/avatar\/66f31716a14ebbbf9d76c4d8a1e5e44ee4b8992044a9034b47ebd0c89cc8c57b?s=96&d=mm&r=g","url":"https:\/\/secure.gravatar.com\/avatar\/66f31716a14ebbbf9d76c4d8a1e5e44ee4b8992044a9034b47ebd0c89cc8c57b?s=96&d=mm&r=g","contentUrl":"https:\/\/secure.gravatar.com\/avatar\/66f31716a14ebbbf9d76c4d8a1e5e44ee4b8992044a9034b47ebd0c89cc8c57b?s=96&d=mm&r=g","caption":"Mauricio"},"url":"https:\/\/www.marinapalamos.com\/ca\/author\/mauricio\/"}]}},"_links":{"self":[{"href":"https:\/\/www.marinapalamos.com\/ca\/wp-json\/wp\/v2\/posts\/5884","targetHints":{"allow":["GET"]}}],"collection":[{"href":"https:\/\/www.marinapalamos.com\/ca\/wp-json\/wp\/v2\/posts"}],"about":[{"href":"https:\/\/www.marinapalamos.com\/ca\/wp-json\/wp\/v2\/types\/post"}],"author":[{"embeddable":true,"href":"https:\/\/www.marinapalamos.com\/ca\/wp-json\/wp\/v2\/users\/5"}],"replies":[{"embeddable":true,"href":"https:\/\/www.marinapalamos.com\/ca\/wp-json\/wp\/v2\/comments?post=5884"}],"version-history":[{"count":8,"href":"https:\/\/www.marinapalamos.com\/ca\/wp-json\/wp\/v2\/posts\/5884\/revisions"}],"predecessor-version":[{"id":5903,"href":"https:\/\/www.marinapalamos.com\/ca\/wp-json\/wp\/v2\/posts\/5884\/revisions\/5903"}],"wp:featuredmedia":[{"embeddable":true,"href":"https:\/\/www.marinapalamos.com\/ca\/wp-json\/wp\/v2\/media\/5880"}],"wp:attachment":[{"href":"https:\/\/www.marinapalamos.com\/ca\/wp-json\/wp\/v2\/media?parent=5884"}],"wp:term":[{"taxonomy":"category","embeddable":true,"href":"https:\/\/www.marinapalamos.com\/ca\/wp-json\/wp\/v2\/categories?post=5884"},{"taxonomy":"post_tag","embeddable":true,"href":"https:\/\/www.marinapalamos.com\/ca\/wp-json\/wp\/v2\/tags?post=5884"}],"curies":[{"name":"wp","href":"https:\/\/api.w.org\/{rel}","templated":true}]}}