{"id":6126,"date":"2024-10-11T08:30:00","date_gmt":"2024-10-11T08:30:00","guid":{"rendered":"https:\/\/www.marinapalamos.com\/?p=6126"},"modified":"2024-10-11T08:30:09","modified_gmt":"2024-10-11T08:30:09","slug":"el-nou-ascensor-panoramic-de-palamos","status":"publish","type":"post","link":"https:\/\/www.marinapalamos.com\/ca\/el-nou-ascensor-panoramic-de-palamos\/","title":{"rendered":"El Nou Ascensor Panor\u00e0mic de Palam\u00f3s"},"content":{"rendered":"<div class=\"fusion-fullwidth fullwidth-box fusion-builder-row-1 fusion-flex-container nonhundred-percent-fullwidth non-hundred-percent-height-scrolling\" style=\"--awb-border-radius-top-left:0px;--awb-border-radius-top-right:0px;--awb-border-radius-bottom-right:0px;--awb-border-radius-bottom-left:0px;--awb-flex-wrap:wrap;\" ><div class=\"fusion-builder-row fusion-row fusion-flex-align-items-flex-start fusion-flex-content-wrap\" style=\"max-width:1300px;margin-left: calc(-4% \/ 2 );margin-right: calc(-4% \/ 2 );\"><div class=\"fusion-layout-column fusion_builder_column fusion-builder-column-0 fusion_builder_column_1_1 1_1 fusion-flex-column\" style=\"--awb-bg-size:cover;--awb-width-large:100%;--awb-margin-top-large:0px;--awb-spacing-right-large:1.92%;--awb-margin-bottom-large:20px;--awb-spacing-left-large:1.92%;--awb-width-medium:100%;--awb-order-medium:0;--awb-spacing-right-medium:1.92%;--awb-spacing-left-medium:1.92%;--awb-width-small:100%;--awb-order-small:0;--awb-spacing-right-small:1.92%;--awb-spacing-left-small:1.92%;\"><div class=\"fusion-column-wrapper fusion-column-has-shadow fusion-flex-justify-content-flex-start fusion-content-layout-column\"><div class=\"fusion-text fusion-text-1\" style=\"--awb-text-transform:none;\"><p><strong>Lectura: 1 min 36s<\/strong><\/p>\n<p>Ens complau anunciar que les obres de l&#8217;ascensor panor\u00e0mic, que millorar\u00e0 l&#8217;accessibilitat entre el nucli urb\u00e0 antic de Palam\u00f3s i el port, estan cada cop m\u00e9s a prop de la seva finalitzaci\u00f3.<\/p>\n<p>Aquest projecte compta amb un disseny i una arquitectura molt singulars, completament integrats en el paisatge, i permetr\u00e0 unir el port amb el municipi, oferint unes vistes espectaculars.<\/p>\n<p><img decoding=\"async\" class=\" wp-image-6138 aligncenter\" src=\"https:\/\/www.marinapalamos.com\/wp-content\/uploads\/2024\/10\/ASCENSOR-IMAGEN-BLOG-300x180.png\" alt=\"\" width=\"629\" height=\"377\" srcset=\"https:\/\/www.marinapalamos.com\/wp-content\/uploads\/2024\/10\/ASCENSOR-IMAGEN-BLOG-200x120.png 200w, https:\/\/www.marinapalamos.com\/wp-content\/uploads\/2024\/10\/ASCENSOR-IMAGEN-BLOG-300x180.png 300w, https:\/\/www.marinapalamos.com\/wp-content\/uploads\/2024\/10\/ASCENSOR-IMAGEN-BLOG-400x240.png 400w, https:\/\/www.marinapalamos.com\/wp-content\/uploads\/2024\/10\/ASCENSOR-IMAGEN-BLOG-600x360.png 600w, https:\/\/www.marinapalamos.com\/wp-content\/uploads\/2024\/10\/ASCENSOR-IMAGEN-BLOG-768x461.png 768w, https:\/\/www.marinapalamos.com\/wp-content\/uploads\/2024\/10\/ASCENSOR-IMAGEN-BLOG-800x480.png 800w, https:\/\/www.marinapalamos.com\/wp-content\/uploads\/2024\/10\/ASCENSOR-IMAGEN-BLOG-1024x614.png 1024w, https:\/\/www.marinapalamos.com\/wp-content\/uploads\/2024\/10\/ASCENSOR-IMAGEN-BLOG-1200x720.png 1200w, https:\/\/www.marinapalamos.com\/wp-content\/uploads\/2024\/10\/ASCENSOR-IMAGEN-BLOG.png 1500w\" sizes=\"(max-width: 629px) 100vw, 629px\" \/><\/p>\n<p>L&#8217;estructura de formig\u00f3 de la caixa vertical \u00e9s prefabricada, executada amb taules compostes per marcs-riostra i quatre pilars de secci\u00f3 quadrada. Les taules s&#8217;han encastat mitjan\u00e7ant esperes als pilars i m\u00e0nigues embegudes als marcs, amb juntes omplertes de grout.<\/p>\n<p>La passarel\u00b7la de connexi\u00f3 de l&#8217;ascensor amb la pla\u00e7a t\u00e9 16,5 metres de llum i est\u00e0 composta per dos nervis de formig\u00f3 pretensat, amb secci\u00f3 en T invertida, unides per una llosa final de compressi\u00f3 de formig\u00f3.<\/p>\n<p>El tancament exterior de l&#8217;ascensor s&#8217;ha resolt amb una pell exterior permeable, formada per una malla de peces cer\u00e0miques en diferents tonalitats, per aconseguir una integraci\u00f3 i mimetitzaci\u00f3 amb les tonalitats del mass\u00eds roc\u00f3s i la vegetaci\u00f3 de la zona.<\/p>\n<p>A causa de l&#8217;exposici\u00f3 a l&#8217;ambient sal\u00ed, els treballs de serralleria s&#8217;han fet amb acer inoxidable i acer corten.<\/p>\n<p>Com a promotors d&#8217;aquest projecte, agra\u00efm a totes les parts implicades la seva valuosa contribuci\u00f3 a l&#8217;\u00e8xit del mateix.<\/p>\n<p><span style=\"font-weight: 400;\">ARUMI PREFABRICATS<\/span><\/p>\n<p><span style=\"font-weight: 400;\">ORONA<\/span><\/p>\n<p><span style=\"font-weight: 400;\">FLEX-BRICK<\/span><\/p>\n<p><span style=\"font-weight: 400;\">SERRALLERIA ROCA<\/span><\/p>\n<p><span style=\"font-weight: 400;\">RUBAU TARRES<\/span><\/p>\n<p><span style=\"font-weight: 400;\">ESTEYCO<\/span><\/p>\n<p><span style=\"font-weight: 400;\">Marti Franch<\/span><\/p>\n<p><span style=\"font-weight: 400;\">Ayuntamiento de Palam\u00f3s<\/span><\/p>\n<p><span style=\"font-weight: 400;\">Ports de la generalitat<\/span><\/p>\n<\/div><\/div><\/div><div class=\"fusion-layout-column fusion_builder_column fusion-builder-column-1 fusion_builder_column_1_1 1_1 fusion-flex-column\" style=\"--awb-bg-size:cover;--awb-width-large:100%;--awb-margin-top-large:0px;--awb-spacing-right-large:1.92%;--awb-margin-bottom-large:20px;--awb-spacing-left-large:1.92%;--awb-width-medium:100%;--awb-order-medium:0;--awb-spacing-right-medium:1.92%;--awb-spacing-left-medium:1.92%;--awb-width-small:100%;--awb-order-small:0;--awb-spacing-right-small:1.92%;--awb-spacing-left-small:1.92%;\"><div class=\"fusion-column-wrapper fusion-column-has-shadow fusion-flex-justify-content-flex-start fusion-content-layout-column\"><\/div><\/div><\/div><\/div>\n","protected":false},"excerpt":{"rendered":"","protected":false},"author":5,"featured_media":6132,"comment_status":"open","ping_status":"closed","sticky":false,"template":"","format":"standard","meta":{"_acf_changed":false,"footnotes":""},"categories":[69],"tags":[],"class_list":["post-6126","post","type-post","status-publish","format-standard","has-post-thumbnail","hentry","category-blog-ca"],"acf":[],"yoast_head":"<!-- This site is optimized with the Yoast SEO plugin v27.5 - https:\/\/yoast.com\/product\/yoast-seo-wordpress\/ -->\n<title>El Nou Ascensor Panor\u00e0mic de Palam\u00f3s - Marina Palam\u00f3s<\/title>\n<meta name=\"description\" content=\"El nuevo ascensor panor\u00e1mico de Palam\u00f3s mejorar\u00e1 la accesibilidad entre el n\u00facleo urbano antiguo de Palam\u00f3s y el puerto.\" \/>\n<meta name=\"robots\" content=\"index, follow, max-snippet:-1, max-image-preview:large, max-video-preview:-1\" \/>\n<link rel=\"canonical\" href=\"https:\/\/www.marinapalamos.com\/ca\/el-nou-ascensor-panoramic-de-palamos\/\" \/>\n<meta property=\"og:locale\" content=\"ca_ES\" \/>\n<meta property=\"og:type\" content=\"article\" \/>\n<meta property=\"og:title\" content=\"El Nou Ascensor Panor\u00e0mic de Palam\u00f3s - Marina Palam\u00f3s\" \/>\n<meta property=\"og:description\" content=\"El nuevo ascensor panor\u00e1mico de Palam\u00f3s mejorar\u00e1 la accesibilidad entre el n\u00facleo urbano antiguo de Palam\u00f3s y el puerto.\" \/>\n<meta property=\"og:url\" content=\"https:\/\/www.marinapalamos.com\/ca\/el-nou-ascensor-panoramic-de-palamos\/\" \/>\n<meta property=\"og:site_name\" content=\"Marina Palam\u00f3s\" \/>\n<meta property=\"article:published_time\" content=\"2024-10-11T08:30:00+00:00\" \/>\n<meta property=\"article:modified_time\" content=\"2024-10-11T08:30:09+00:00\" \/>\n<meta property=\"og:image\" content=\"https:\/\/www.marinapalamos.com\/wp-content\/uploads\/2024\/10\/ASCENSOR-BLOG.png\" \/>\n\t<meta property=\"og:image:width\" content=\"500\" \/>\n\t<meta property=\"og:image:height\" content=\"300\" \/>\n\t<meta property=\"og:image:type\" content=\"image\/png\" \/>\n<meta name=\"author\" content=\"Mauricio\" \/>\n<meta name=\"twitter:card\" content=\"summary_large_image\" \/>\n<meta name=\"twitter:label1\" content=\"Escrit per\" \/>\n\t<meta name=\"twitter:data1\" content=\"Mauricio\" \/>\n\t<meta name=\"twitter:label2\" content=\"Temps estimat de lectura\" \/>\n\t<meta name=\"twitter:data2\" content=\"2 minuts\" \/>\n<script type=\"application\/ld+json\" class=\"yoast-schema-graph\">{\"@context\":\"https:\\\/\\\/schema.org\",\"@graph\":[{\"@type\":\"Article\",\"@id\":\"https:\\\/\\\/www.marinapalamos.com\\\/ca\\\/el-nou-ascensor-panoramic-de-palamos\\\/#article\",\"isPartOf\":{\"@id\":\"https:\\\/\\\/www.marinapalamos.com\\\/ca\\\/el-nou-ascensor-panoramic-de-palamos\\\/\"},\"author\":{\"name\":\"Mauricio\",\"@id\":\"https:\\\/\\\/www.marinapalamos.com\\\/#\\\/schema\\\/person\\\/9604bbc17d32ce2823e8ffc3e3efb0f3\"},\"headline\":\"El Nou Ascensor Panor\u00e0mic de Palam\u00f3s\",\"datePublished\":\"2024-10-11T08:30:00+00:00\",\"dateModified\":\"2024-10-11T08:30:09+00:00\",\"mainEntityOfPage\":{\"@id\":\"https:\\\/\\\/www.marinapalamos.com\\\/ca\\\/el-nou-ascensor-panoramic-de-palamos\\\/\"},\"wordCount\":823,\"commentCount\":0,\"image\":{\"@id\":\"https:\\\/\\\/www.marinapalamos.com\\\/ca\\\/el-nou-ascensor-panoramic-de-palamos\\\/#primaryimage\"},\"thumbnailUrl\":\"https:\\\/\\\/www.marinapalamos.com\\\/wp-content\\\/uploads\\\/2024\\\/10\\\/ASCENSOR-BLOG.png\",\"articleSection\":[\"Blog\"],\"inLanguage\":\"ca\",\"potentialAction\":[{\"@type\":\"CommentAction\",\"name\":\"Comment\",\"target\":[\"https:\\\/\\\/www.marinapalamos.com\\\/ca\\\/el-nou-ascensor-panoramic-de-palamos\\\/#respond\"]}]},{\"@type\":\"WebPage\",\"@id\":\"https:\\\/\\\/www.marinapalamos.com\\\/ca\\\/el-nou-ascensor-panoramic-de-palamos\\\/\",\"url\":\"https:\\\/\\\/www.marinapalamos.com\\\/ca\\\/el-nou-ascensor-panoramic-de-palamos\\\/\",\"name\":\"El Nou Ascensor Panor\u00e0mic de Palam\u00f3s - Marina Palam\u00f3s\",\"isPartOf\":{\"@id\":\"https:\\\/\\\/www.marinapalamos.com\\\/#website\"},\"primaryImageOfPage\":{\"@id\":\"https:\\\/\\\/www.marinapalamos.com\\\/ca\\\/el-nou-ascensor-panoramic-de-palamos\\\/#primaryimage\"},\"image\":{\"@id\":\"https:\\\/\\\/www.marinapalamos.com\\\/ca\\\/el-nou-ascensor-panoramic-de-palamos\\\/#primaryimage\"},\"thumbnailUrl\":\"https:\\\/\\\/www.marinapalamos.com\\\/wp-content\\\/uploads\\\/2024\\\/10\\\/ASCENSOR-BLOG.png\",\"datePublished\":\"2024-10-11T08:30:00+00:00\",\"dateModified\":\"2024-10-11T08:30:09+00:00\",\"author\":{\"@id\":\"https:\\\/\\\/www.marinapalamos.com\\\/#\\\/schema\\\/person\\\/9604bbc17d32ce2823e8ffc3e3efb0f3\"},\"description\":\"El nuevo ascensor panor\u00e1mico de Palam\u00f3s mejorar\u00e1 la accesibilidad entre el n\u00facleo urbano antiguo de Palam\u00f3s y el puerto.\",\"breadcrumb\":{\"@id\":\"https:\\\/\\\/www.marinapalamos.com\\\/ca\\\/el-nou-ascensor-panoramic-de-palamos\\\/#breadcrumb\"},\"inLanguage\":\"ca\",\"potentialAction\":[{\"@type\":\"ReadAction\",\"target\":[\"https:\\\/\\\/www.marinapalamos.com\\\/ca\\\/el-nou-ascensor-panoramic-de-palamos\\\/\"]}]},{\"@type\":\"ImageObject\",\"inLanguage\":\"ca\",\"@id\":\"https:\\\/\\\/www.marinapalamos.com\\\/ca\\\/el-nou-ascensor-panoramic-de-palamos\\\/#primaryimage\",\"url\":\"https:\\\/\\\/www.marinapalamos.com\\\/wp-content\\\/uploads\\\/2024\\\/10\\\/ASCENSOR-BLOG.png\",\"contentUrl\":\"https:\\\/\\\/www.marinapalamos.com\\\/wp-content\\\/uploads\\\/2024\\\/10\\\/ASCENSOR-BLOG.png\",\"width\":500,\"height\":300},{\"@type\":\"BreadcrumbList\",\"@id\":\"https:\\\/\\\/www.marinapalamos.com\\\/ca\\\/el-nou-ascensor-panoramic-de-palamos\\\/#breadcrumb\",\"itemListElement\":[{\"@type\":\"ListItem\",\"position\":1,\"name\":\"Inicio\",\"item\":\"https:\\\/\\\/www.marinapalamos.com\\\/ca\\\/\"},{\"@type\":\"ListItem\",\"position\":2,\"name\":\"El Nou Ascensor Panor\u00e0mic de Palam\u00f3s\"}]},{\"@type\":\"WebSite\",\"@id\":\"https:\\\/\\\/www.marinapalamos.com\\\/#website\",\"url\":\"https:\\\/\\\/www.marinapalamos.com\\\/\",\"name\":\"Marina Palam\u00f3s\",\"description\":\"Marina Palam\u00f3s\",\"potentialAction\":[{\"@type\":\"SearchAction\",\"target\":{\"@type\":\"EntryPoint\",\"urlTemplate\":\"https:\\\/\\\/www.marinapalamos.com\\\/?s={search_term_string}\"},\"query-input\":{\"@type\":\"PropertyValueSpecification\",\"valueRequired\":true,\"valueName\":\"search_term_string\"}}],\"inLanguage\":\"ca\"},{\"@type\":\"Person\",\"@id\":\"https:\\\/\\\/www.marinapalamos.com\\\/#\\\/schema\\\/person\\\/9604bbc17d32ce2823e8ffc3e3efb0f3\",\"name\":\"Mauricio\",\"image\":{\"@type\":\"ImageObject\",\"inLanguage\":\"ca\",\"@id\":\"https:\\\/\\\/secure.gravatar.com\\\/avatar\\\/66f31716a14ebbbf9d76c4d8a1e5e44ee4b8992044a9034b47ebd0c89cc8c57b?s=96&d=mm&r=g\",\"url\":\"https:\\\/\\\/secure.gravatar.com\\\/avatar\\\/66f31716a14ebbbf9d76c4d8a1e5e44ee4b8992044a9034b47ebd0c89cc8c57b?s=96&d=mm&r=g\",\"contentUrl\":\"https:\\\/\\\/secure.gravatar.com\\\/avatar\\\/66f31716a14ebbbf9d76c4d8a1e5e44ee4b8992044a9034b47ebd0c89cc8c57b?s=96&d=mm&r=g\",\"caption\":\"Mauricio\"},\"url\":\"https:\\\/\\\/www.marinapalamos.com\\\/ca\\\/author\\\/mauricio\\\/\"}]}<\/script>\n<!-- \/ Yoast SEO plugin. -->","yoast_head_json":{"title":"El Nou Ascensor Panor\u00e0mic de Palam\u00f3s - Marina Palam\u00f3s","description":"El nuevo ascensor panor\u00e1mico de Palam\u00f3s mejorar\u00e1 la accesibilidad entre el n\u00facleo urbano antiguo de Palam\u00f3s y el puerto.","robots":{"index":"index","follow":"follow","max-snippet":"max-snippet:-1","max-image-preview":"max-image-preview:large","max-video-preview":"max-video-preview:-1"},"canonical":"https:\/\/www.marinapalamos.com\/ca\/el-nou-ascensor-panoramic-de-palamos\/","og_locale":"ca_ES","og_type":"article","og_title":"El Nou Ascensor Panor\u00e0mic de Palam\u00f3s - Marina Palam\u00f3s","og_description":"El nuevo ascensor panor\u00e1mico de Palam\u00f3s mejorar\u00e1 la accesibilidad entre el n\u00facleo urbano antiguo de Palam\u00f3s y el puerto.","og_url":"https:\/\/www.marinapalamos.com\/ca\/el-nou-ascensor-panoramic-de-palamos\/","og_site_name":"Marina Palam\u00f3s","article_published_time":"2024-10-11T08:30:00+00:00","article_modified_time":"2024-10-11T08:30:09+00:00","og_image":[{"width":500,"height":300,"url":"https:\/\/www.marinapalamos.com\/wp-content\/uploads\/2024\/10\/ASCENSOR-BLOG.png","type":"image\/png"}],"author":"Mauricio","twitter_card":"summary_large_image","twitter_misc":{"Escrit per":"Mauricio","Temps estimat de lectura":"2 minuts"},"schema":{"@context":"https:\/\/schema.org","@graph":[{"@type":"Article","@id":"https:\/\/www.marinapalamos.com\/ca\/el-nou-ascensor-panoramic-de-palamos\/#article","isPartOf":{"@id":"https:\/\/www.marinapalamos.com\/ca\/el-nou-ascensor-panoramic-de-palamos\/"},"author":{"name":"Mauricio","@id":"https:\/\/www.marinapalamos.com\/#\/schema\/person\/9604bbc17d32ce2823e8ffc3e3efb0f3"},"headline":"El Nou Ascensor Panor\u00e0mic de Palam\u00f3s","datePublished":"2024-10-11T08:30:00+00:00","dateModified":"2024-10-11T08:30:09+00:00","mainEntityOfPage":{"@id":"https:\/\/www.marinapalamos.com\/ca\/el-nou-ascensor-panoramic-de-palamos\/"},"wordCount":823,"commentCount":0,"image":{"@id":"https:\/\/www.marinapalamos.com\/ca\/el-nou-ascensor-panoramic-de-palamos\/#primaryimage"},"thumbnailUrl":"https:\/\/www.marinapalamos.com\/wp-content\/uploads\/2024\/10\/ASCENSOR-BLOG.png","articleSection":["Blog"],"inLanguage":"ca","potentialAction":[{"@type":"CommentAction","name":"Comment","target":["https:\/\/www.marinapalamos.com\/ca\/el-nou-ascensor-panoramic-de-palamos\/#respond"]}]},{"@type":"WebPage","@id":"https:\/\/www.marinapalamos.com\/ca\/el-nou-ascensor-panoramic-de-palamos\/","url":"https:\/\/www.marinapalamos.com\/ca\/el-nou-ascensor-panoramic-de-palamos\/","name":"El Nou Ascensor Panor\u00e0mic de Palam\u00f3s - Marina Palam\u00f3s","isPartOf":{"@id":"https:\/\/www.marinapalamos.com\/#website"},"primaryImageOfPage":{"@id":"https:\/\/www.marinapalamos.com\/ca\/el-nou-ascensor-panoramic-de-palamos\/#primaryimage"},"image":{"@id":"https:\/\/www.marinapalamos.com\/ca\/el-nou-ascensor-panoramic-de-palamos\/#primaryimage"},"thumbnailUrl":"https:\/\/www.marinapalamos.com\/wp-content\/uploads\/2024\/10\/ASCENSOR-BLOG.png","datePublished":"2024-10-11T08:30:00+00:00","dateModified":"2024-10-11T08:30:09+00:00","author":{"@id":"https:\/\/www.marinapalamos.com\/#\/schema\/person\/9604bbc17d32ce2823e8ffc3e3efb0f3"},"description":"El nuevo ascensor panor\u00e1mico de Palam\u00f3s mejorar\u00e1 la accesibilidad entre el n\u00facleo urbano antiguo de Palam\u00f3s y el puerto.","breadcrumb":{"@id":"https:\/\/www.marinapalamos.com\/ca\/el-nou-ascensor-panoramic-de-palamos\/#breadcrumb"},"inLanguage":"ca","potentialAction":[{"@type":"ReadAction","target":["https:\/\/www.marinapalamos.com\/ca\/el-nou-ascensor-panoramic-de-palamos\/"]}]},{"@type":"ImageObject","inLanguage":"ca","@id":"https:\/\/www.marinapalamos.com\/ca\/el-nou-ascensor-panoramic-de-palamos\/#primaryimage","url":"https:\/\/www.marinapalamos.com\/wp-content\/uploads\/2024\/10\/ASCENSOR-BLOG.png","contentUrl":"https:\/\/www.marinapalamos.com\/wp-content\/uploads\/2024\/10\/ASCENSOR-BLOG.png","width":500,"height":300},{"@type":"BreadcrumbList","@id":"https:\/\/www.marinapalamos.com\/ca\/el-nou-ascensor-panoramic-de-palamos\/#breadcrumb","itemListElement":[{"@type":"ListItem","position":1,"name":"Inicio","item":"https:\/\/www.marinapalamos.com\/ca\/"},{"@type":"ListItem","position":2,"name":"El Nou Ascensor Panor\u00e0mic de Palam\u00f3s"}]},{"@type":"WebSite","@id":"https:\/\/www.marinapalamos.com\/#website","url":"https:\/\/www.marinapalamos.com\/","name":"Marina Palam\u00f3s","description":"Marina Palam\u00f3s","potentialAction":[{"@type":"SearchAction","target":{"@type":"EntryPoint","urlTemplate":"https:\/\/www.marinapalamos.com\/?s={search_term_string}"},"query-input":{"@type":"PropertyValueSpecification","valueRequired":true,"valueName":"search_term_string"}}],"inLanguage":"ca"},{"@type":"Person","@id":"https:\/\/www.marinapalamos.com\/#\/schema\/person\/9604bbc17d32ce2823e8ffc3e3efb0f3","name":"Mauricio","image":{"@type":"ImageObject","inLanguage":"ca","@id":"https:\/\/secure.gravatar.com\/avatar\/66f31716a14ebbbf9d76c4d8a1e5e44ee4b8992044a9034b47ebd0c89cc8c57b?s=96&d=mm&r=g","url":"https:\/\/secure.gravatar.com\/avatar\/66f31716a14ebbbf9d76c4d8a1e5e44ee4b8992044a9034b47ebd0c89cc8c57b?s=96&d=mm&r=g","contentUrl":"https:\/\/secure.gravatar.com\/avatar\/66f31716a14ebbbf9d76c4d8a1e5e44ee4b8992044a9034b47ebd0c89cc8c57b?s=96&d=mm&r=g","caption":"Mauricio"},"url":"https:\/\/www.marinapalamos.com\/ca\/author\/mauricio\/"}]}},"_links":{"self":[{"href":"https:\/\/www.marinapalamos.com\/ca\/wp-json\/wp\/v2\/posts\/6126","targetHints":{"allow":["GET"]}}],"collection":[{"href":"https:\/\/www.marinapalamos.com\/ca\/wp-json\/wp\/v2\/posts"}],"about":[{"href":"https:\/\/www.marinapalamos.com\/ca\/wp-json\/wp\/v2\/types\/post"}],"author":[{"embeddable":true,"href":"https:\/\/www.marinapalamos.com\/ca\/wp-json\/wp\/v2\/users\/5"}],"replies":[{"embeddable":true,"href":"https:\/\/www.marinapalamos.com\/ca\/wp-json\/wp\/v2\/comments?post=6126"}],"version-history":[{"count":2,"href":"https:\/\/www.marinapalamos.com\/ca\/wp-json\/wp\/v2\/posts\/6126\/revisions"}],"predecessor-version":[{"id":6143,"href":"https:\/\/www.marinapalamos.com\/ca\/wp-json\/wp\/v2\/posts\/6126\/revisions\/6143"}],"wp:featuredmedia":[{"embeddable":true,"href":"https:\/\/www.marinapalamos.com\/ca\/wp-json\/wp\/v2\/media\/6132"}],"wp:attachment":[{"href":"https:\/\/www.marinapalamos.com\/ca\/wp-json\/wp\/v2\/media?parent=6126"}],"wp:term":[{"taxonomy":"category","embeddable":true,"href":"https:\/\/www.marinapalamos.com\/ca\/wp-json\/wp\/v2\/categories?post=6126"},{"taxonomy":"post_tag","embeddable":true,"href":"https:\/\/www.marinapalamos.com\/ca\/wp-json\/wp\/v2\/tags?post=6126"}],"curies":[{"name":"wp","href":"https:\/\/api.w.org\/{rel}","templated":true}]}}