{"id":6223,"date":"2024-10-29T14:31:04","date_gmt":"2024-10-29T14:31:04","guid":{"rendered":"https:\/\/www.marinapalamos.com\/?p=6223"},"modified":"2024-10-29T14:31:12","modified_gmt":"2024-10-29T14:31:12","slug":"els-8-vents-gregal-45o","status":"publish","type":"post","link":"https:\/\/www.marinapalamos.com\/ca\/els-8-vents-gregal-45o\/","title":{"rendered":"Els 8 Vents: Gregal (45\u00ba)"},"content":{"rendered":"<div class=\"fusion-fullwidth fullwidth-box fusion-builder-row-1 fusion-flex-container nonhundred-percent-fullwidth non-hundred-percent-height-scrolling\" style=\"--awb-border-radius-top-left:0px;--awb-border-radius-top-right:0px;--awb-border-radius-bottom-right:0px;--awb-border-radius-bottom-left:0px;--awb-flex-wrap:wrap;\" ><div class=\"fusion-builder-row fusion-row fusion-flex-align-items-flex-start fusion-flex-content-wrap\" style=\"max-width:1300px;margin-left: calc(-4% \/ 2 );margin-right: calc(-4% \/ 2 );\"><div class=\"fusion-layout-column fusion_builder_column fusion-builder-column-0 fusion_builder_column_1_1 1_1 fusion-flex-column\" style=\"--awb-bg-size:cover;--awb-width-large:100%;--awb-margin-top-large:0px;--awb-spacing-right-large:1.92%;--awb-margin-bottom-large:20px;--awb-spacing-left-large:1.92%;--awb-width-medium:100%;--awb-order-medium:0;--awb-spacing-right-medium:1.92%;--awb-spacing-left-medium:1.92%;--awb-width-small:100%;--awb-order-small:0;--awb-spacing-right-small:1.92%;--awb-spacing-left-small:1.92%;\"><div class=\"fusion-column-wrapper fusion-column-has-shadow fusion-flex-justify-content-flex-start fusion-content-layout-column\"><div class=\"fusion-text fusion-text-1\" style=\"--awb-text-transform:none;\"><p><strong>Lectura: 2 min<\/strong><\/p>\n<p><span style=\"font-weight: 400;\">El vent Gregal \u00e9s un vent <strong>fred i sec<\/strong> que bufa des del nord-est, especialment conegut a la regi\u00f3 mediterr\u00e0nia i, en particular, a les Illes Balears, on es considera un vent important per als agricultors, ja que el fred sec que porta <strong>ajuda a preservar certs cultius i a limitar les plagues d&#8217;insectes.<\/strong><\/span><\/p>\n<p><span style=\"font-weight: 400;\">El seu nom t\u00e9 un origen hist\u00f2ric que es remunta als <strong>antics navegants valencians, catalans i aragonesos<\/strong> que el percebien com un vent que <strong>\u201cvenia de Gr\u00e8cia\u201d<\/strong>, ja que aquest pa\u00eds es troba en aquesta direcci\u00f3 al mar Mediterrani respecte a Espanya.<\/span><\/p>\n<p><img decoding=\"async\" class=\" wp-image-6225 aligncenter\" src=\"https:\/\/www.marinapalamos.com\/wp-content\/uploads\/2024\/10\/GREGAL-IMAGEN-BLOG-1-300x180.png\" alt=\"\" width=\"519\" height=\"311\" srcset=\"https:\/\/www.marinapalamos.com\/wp-content\/uploads\/2024\/10\/GREGAL-IMAGEN-BLOG-1-200x120.png 200w, https:\/\/www.marinapalamos.com\/wp-content\/uploads\/2024\/10\/GREGAL-IMAGEN-BLOG-1-300x180.png 300w, https:\/\/www.marinapalamos.com\/wp-content\/uploads\/2024\/10\/GREGAL-IMAGEN-BLOG-1-400x240.png 400w, https:\/\/www.marinapalamos.com\/wp-content\/uploads\/2024\/10\/GREGAL-IMAGEN-BLOG-1-600x360.png 600w, https:\/\/www.marinapalamos.com\/wp-content\/uploads\/2024\/10\/GREGAL-IMAGEN-BLOG-1-768x461.png 768w, https:\/\/www.marinapalamos.com\/wp-content\/uploads\/2024\/10\/GREGAL-IMAGEN-BLOG-1-800x480.png 800w, https:\/\/www.marinapalamos.com\/wp-content\/uploads\/2024\/10\/GREGAL-IMAGEN-BLOG-1-1024x614.png 1024w, https:\/\/www.marinapalamos.com\/wp-content\/uploads\/2024\/10\/GREGAL-IMAGEN-BLOG-1-1200x720.png 1200w, https:\/\/www.marinapalamos.com\/wp-content\/uploads\/2024\/10\/GREGAL-IMAGEN-BLOG-1.png 1500w\" sizes=\"(max-width: 519px) 100vw, 519px\" \/><\/p>\n<p><span style=\"font-weight: 400;\">El Gregal es presenta amb m\u00e9s freq\u00fc\u00e8ncia <strong>a l&#8217;hivern<\/strong>, i <strong>la seva formaci\u00f3 est\u00e0 vinculada a sistemes de baixa pressi\u00f3 situats al sud d&#8217;It\u00e0lia i Malta.<\/strong> Aquest vent pot portar <strong>mar agitada i onatge fort<\/strong>, condicions que hist\u00f2ricament afectaven la navegaci\u00f3. A m\u00e9s, \u00e9s un vent que no nom\u00e9s impacta la costa espanyola, sin\u00f3 que tamb\u00e9 es fa sentir en altres zones del Mediterrani central, com Sic\u00edlia i el mar J\u00f2nic.<\/span><\/p>\n<p><span style=\"font-weight: 400;\">L&#8217;etimologia del Gregal reflecteix, per tant, la influ\u00e8ncia de la navegaci\u00f3 en la denominaci\u00f3 dels vents al Mediterrani, i la seva pres\u00e8ncia \u00e9s crucial per entendre les condicions mar\u00edtimes de la regi\u00f3. A m\u00e9s, se li atribueixen caracter\u00edstiques \u201ccuratives\u201d per la seva frescor.<\/span><\/p>\n<p><span style=\"font-weight: 400;\">Quan el Gregal s\u2019origina com un anticicl\u00f3 a les A\u00e7ores, pren una forma ovalada i s\u2019est\u00e9n entre les A\u00e7ores i les illes Brit\u00e0niques, mentre que al Mediterrani forma una borrasca coneguda amb el nom de \u201cgotes fredes\u201d o DANA. Aquestes borrasques nom\u00e9s es detecten a les capes altes de l\u2019atmosfera, pertorbant el flux del vent i originant intenses nevades, pluges fortes i <strong>temporals que poden assolir els 75 km\/h. Els temporals solen durar entre 3 i 5 dies.<\/strong><\/span><\/p>\n<p><span style=\"font-weight: 400;\">Es caracteritza per ser fred, humit i fort; <strong>pot donar lloc a nevades o fortes gelades amb r\u00e0fegues de vent amb temperatures de fins a 0\u00baC.<\/strong> Els n\u00favols que genera s\u00f3n poc espessos, per aix\u00f2 les pluges s\u00f3n escasses o es redueixen a plugims o x\u00e0fecs lleugers. Quan bufa el Gregal,<strong> la superf\u00edcie del mar<\/strong> <strong>es refreda<\/strong>, i aquestes aig\u00fces, en tornar-se m\u00e9s denses, tendeixen a enfonsar-se, fent aflorar a la superf\u00edcie l\u2019aigua m\u00e9s t\u00e8bia que arrossega <strong>abundant pl\u00e0ncton<\/strong> i <strong>provoca la pujada dels peixos cap a les aig\u00fces superficials.<\/strong> Per aix\u00f2 es considera un vent bo per a la pesca, sempre que no porti un temporal.<\/span><\/p>\n<p><span style=\"font-weight: 400;\">Aquest vent \u00e9s un gran exemple de com els elements naturals del Mediterrani no nom\u00e9s han influ\u00eft en la navegaci\u00f3, sin\u00f3 tamb\u00e9 en la cultura, l\u2019agricultura i la vida quotidiana de les comunitats al llarg de la seva costa.<\/span><\/p>\n<\/div><\/div><\/div><div class=\"fusion-layout-column fusion_builder_column fusion-builder-column-1 fusion_builder_column_1_1 1_1 fusion-flex-column\" style=\"--awb-bg-size:cover;--awb-width-large:100%;--awb-margin-top-large:0px;--awb-spacing-right-large:1.92%;--awb-margin-bottom-large:20px;--awb-spacing-left-large:1.92%;--awb-width-medium:100%;--awb-order-medium:0;--awb-spacing-right-medium:1.92%;--awb-spacing-left-medium:1.92%;--awb-width-small:100%;--awb-order-small:0;--awb-spacing-right-small:1.92%;--awb-spacing-left-small:1.92%;\"><div class=\"fusion-column-wrapper fusion-column-has-shadow fusion-flex-justify-content-flex-start fusion-content-layout-column\"><\/div><\/div><\/div><\/div>\n","protected":false},"excerpt":{"rendered":"","protected":false},"author":5,"featured_media":6229,"comment_status":"open","ping_status":"closed","sticky":false,"template":"","format":"standard","meta":{"_acf_changed":false,"footnotes":""},"categories":[69],"tags":[],"class_list":["post-6223","post","type-post","status-publish","format-standard","has-post-thumbnail","hentry","category-blog-ca"],"acf":[],"yoast_head":"<!-- This site is optimized with the Yoast SEO plugin v27.5 - https:\/\/yoast.com\/product\/yoast-seo-wordpress\/ -->\n<title>Els 8 Vents: Gregal (45\u00ba) - Marina Palam\u00f3s<\/title>\n<meta name=\"description\" content=\"El Gregal es un ejemplo de c\u00f3mo los elementos naturales del Mediterr\u00e1neo han influido en la navegaci\u00f3n, en la cultura, la agricultura y la vida cotidiana.\" \/>\n<meta name=\"robots\" content=\"index, follow, max-snippet:-1, max-image-preview:large, max-video-preview:-1\" \/>\n<link rel=\"canonical\" href=\"https:\/\/www.marinapalamos.com\/los-8-vientos-gregal-45o\/\" \/>\n<meta property=\"og:locale\" content=\"ca_ES\" \/>\n<meta property=\"og:type\" content=\"article\" \/>\n<meta property=\"og:title\" content=\"Els 8 Vents: Gregal (45\u00ba) - Marina Palam\u00f3s\" \/>\n<meta property=\"og:description\" content=\"El Gregal es un ejemplo de c\u00f3mo los elementos naturales del Mediterr\u00e1neo han influido en la navegaci\u00f3n, en la cultura, la agricultura y la vida cotidiana.\" \/>\n<meta property=\"og:url\" content=\"https:\/\/www.marinapalamos.com\/los-8-vientos-gregal-45o\/\" \/>\n<meta property=\"og:site_name\" content=\"Marina Palam\u00f3s\" \/>\n<meta property=\"article:published_time\" content=\"2024-10-29T14:31:04+00:00\" \/>\n<meta property=\"article:modified_time\" content=\"2024-10-29T14:31:12+00:00\" \/>\n<meta property=\"og:image\" content=\"https:\/\/www.marinapalamos.com\/wp-content\/uploads\/2024\/10\/GREGAL-PORTADA.png\" \/>\n\t<meta property=\"og:image:width\" content=\"500\" \/>\n\t<meta property=\"og:image:height\" content=\"300\" \/>\n\t<meta property=\"og:image:type\" content=\"image\/png\" \/>\n<meta name=\"author\" content=\"Mauricio\" \/>\n<meta name=\"twitter:card\" content=\"summary_large_image\" \/>\n<meta name=\"twitter:label1\" content=\"Escrit per\" \/>\n\t<meta name=\"twitter:data1\" content=\"Mauricio\" \/>\n\t<meta name=\"twitter:label2\" content=\"Temps estimat de lectura\" \/>\n\t<meta name=\"twitter:data2\" content=\"3 minuts\" \/>\n<script type=\"application\/ld+json\" class=\"yoast-schema-graph\">{\"@context\":\"https:\\\/\\\/schema.org\",\"@graph\":[{\"@type\":\"Article\",\"@id\":\"https:\\\/\\\/www.marinapalamos.com\\\/los-8-vientos-gregal-45o\\\/#article\",\"isPartOf\":{\"@id\":\"https:\\\/\\\/www.marinapalamos.com\\\/los-8-vientos-gregal-45o\\\/\"},\"author\":{\"name\":\"Mauricio\",\"@id\":\"https:\\\/\\\/www.marinapalamos.com\\\/#\\\/schema\\\/person\\\/9604bbc17d32ce2823e8ffc3e3efb0f3\"},\"headline\":\"Els 8 Vents: Gregal (45\u00ba)\",\"datePublished\":\"2024-10-29T14:31:04+00:00\",\"dateModified\":\"2024-10-29T14:31:12+00:00\",\"mainEntityOfPage\":{\"@id\":\"https:\\\/\\\/www.marinapalamos.com\\\/los-8-vientos-gregal-45o\\\/\"},\"wordCount\":1040,\"commentCount\":0,\"image\":{\"@id\":\"https:\\\/\\\/www.marinapalamos.com\\\/los-8-vientos-gregal-45o\\\/#primaryimage\"},\"thumbnailUrl\":\"https:\\\/\\\/www.marinapalamos.com\\\/wp-content\\\/uploads\\\/2024\\\/10\\\/GREGAL-PORTADA.png\",\"articleSection\":[\"Blog\"],\"inLanguage\":\"ca\",\"potentialAction\":[{\"@type\":\"CommentAction\",\"name\":\"Comment\",\"target\":[\"https:\\\/\\\/www.marinapalamos.com\\\/los-8-vientos-gregal-45o\\\/#respond\"]}]},{\"@type\":\"WebPage\",\"@id\":\"https:\\\/\\\/www.marinapalamos.com\\\/los-8-vientos-gregal-45o\\\/\",\"url\":\"https:\\\/\\\/www.marinapalamos.com\\\/los-8-vientos-gregal-45o\\\/\",\"name\":\"Els 8 Vents: Gregal (45\u00ba) - Marina Palam\u00f3s\",\"isPartOf\":{\"@id\":\"https:\\\/\\\/www.marinapalamos.com\\\/#website\"},\"primaryImageOfPage\":{\"@id\":\"https:\\\/\\\/www.marinapalamos.com\\\/los-8-vientos-gregal-45o\\\/#primaryimage\"},\"image\":{\"@id\":\"https:\\\/\\\/www.marinapalamos.com\\\/los-8-vientos-gregal-45o\\\/#primaryimage\"},\"thumbnailUrl\":\"https:\\\/\\\/www.marinapalamos.com\\\/wp-content\\\/uploads\\\/2024\\\/10\\\/GREGAL-PORTADA.png\",\"datePublished\":\"2024-10-29T14:31:04+00:00\",\"dateModified\":\"2024-10-29T14:31:12+00:00\",\"author\":{\"@id\":\"https:\\\/\\\/www.marinapalamos.com\\\/#\\\/schema\\\/person\\\/9604bbc17d32ce2823e8ffc3e3efb0f3\"},\"description\":\"El Gregal es un ejemplo de c\u00f3mo los elementos naturales del Mediterr\u00e1neo han influido en la navegaci\u00f3n, en la cultura, la agricultura y la vida cotidiana.\",\"breadcrumb\":{\"@id\":\"https:\\\/\\\/www.marinapalamos.com\\\/los-8-vientos-gregal-45o\\\/#breadcrumb\"},\"inLanguage\":\"ca\",\"potentialAction\":[{\"@type\":\"ReadAction\",\"target\":[\"https:\\\/\\\/www.marinapalamos.com\\\/los-8-vientos-gregal-45o\\\/\"]}]},{\"@type\":\"ImageObject\",\"inLanguage\":\"ca\",\"@id\":\"https:\\\/\\\/www.marinapalamos.com\\\/los-8-vientos-gregal-45o\\\/#primaryimage\",\"url\":\"https:\\\/\\\/www.marinapalamos.com\\\/wp-content\\\/uploads\\\/2024\\\/10\\\/GREGAL-PORTADA.png\",\"contentUrl\":\"https:\\\/\\\/www.marinapalamos.com\\\/wp-content\\\/uploads\\\/2024\\\/10\\\/GREGAL-PORTADA.png\",\"width\":500,\"height\":300},{\"@type\":\"BreadcrumbList\",\"@id\":\"https:\\\/\\\/www.marinapalamos.com\\\/los-8-vientos-gregal-45o\\\/#breadcrumb\",\"itemListElement\":[{\"@type\":\"ListItem\",\"position\":1,\"name\":\"Inicio\",\"item\":\"https:\\\/\\\/www.marinapalamos.com\\\/ca\\\/\"},{\"@type\":\"ListItem\",\"position\":2,\"name\":\"Els 8 Vents: Gregal (45\u00ba)\"}]},{\"@type\":\"WebSite\",\"@id\":\"https:\\\/\\\/www.marinapalamos.com\\\/#website\",\"url\":\"https:\\\/\\\/www.marinapalamos.com\\\/\",\"name\":\"Marina Palam\u00f3s\",\"description\":\"Marina Palam\u00f3s\",\"potentialAction\":[{\"@type\":\"SearchAction\",\"target\":{\"@type\":\"EntryPoint\",\"urlTemplate\":\"https:\\\/\\\/www.marinapalamos.com\\\/?s={search_term_string}\"},\"query-input\":{\"@type\":\"PropertyValueSpecification\",\"valueRequired\":true,\"valueName\":\"search_term_string\"}}],\"inLanguage\":\"ca\"},{\"@type\":\"Person\",\"@id\":\"https:\\\/\\\/www.marinapalamos.com\\\/#\\\/schema\\\/person\\\/9604bbc17d32ce2823e8ffc3e3efb0f3\",\"name\":\"Mauricio\",\"image\":{\"@type\":\"ImageObject\",\"inLanguage\":\"ca\",\"@id\":\"https:\\\/\\\/secure.gravatar.com\\\/avatar\\\/66f31716a14ebbbf9d76c4d8a1e5e44ee4b8992044a9034b47ebd0c89cc8c57b?s=96&d=mm&r=g\",\"url\":\"https:\\\/\\\/secure.gravatar.com\\\/avatar\\\/66f31716a14ebbbf9d76c4d8a1e5e44ee4b8992044a9034b47ebd0c89cc8c57b?s=96&d=mm&r=g\",\"contentUrl\":\"https:\\\/\\\/secure.gravatar.com\\\/avatar\\\/66f31716a14ebbbf9d76c4d8a1e5e44ee4b8992044a9034b47ebd0c89cc8c57b?s=96&d=mm&r=g\",\"caption\":\"Mauricio\"},\"url\":\"https:\\\/\\\/www.marinapalamos.com\\\/ca\\\/author\\\/mauricio\\\/\"}]}<\/script>\n<!-- \/ Yoast SEO plugin. -->","yoast_head_json":{"title":"Els 8 Vents: Gregal (45\u00ba) - Marina Palam\u00f3s","description":"El Gregal es un ejemplo de c\u00f3mo los elementos naturales del Mediterr\u00e1neo han influido en la navegaci\u00f3n, en la cultura, la agricultura y la vida cotidiana.","robots":{"index":"index","follow":"follow","max-snippet":"max-snippet:-1","max-image-preview":"max-image-preview:large","max-video-preview":"max-video-preview:-1"},"canonical":"https:\/\/www.marinapalamos.com\/los-8-vientos-gregal-45o\/","og_locale":"ca_ES","og_type":"article","og_title":"Els 8 Vents: Gregal (45\u00ba) - Marina Palam\u00f3s","og_description":"El Gregal es un ejemplo de c\u00f3mo los elementos naturales del Mediterr\u00e1neo han influido en la navegaci\u00f3n, en la cultura, la agricultura y la vida cotidiana.","og_url":"https:\/\/www.marinapalamos.com\/los-8-vientos-gregal-45o\/","og_site_name":"Marina Palam\u00f3s","article_published_time":"2024-10-29T14:31:04+00:00","article_modified_time":"2024-10-29T14:31:12+00:00","og_image":[{"width":500,"height":300,"url":"https:\/\/www.marinapalamos.com\/wp-content\/uploads\/2024\/10\/GREGAL-PORTADA.png","type":"image\/png"}],"author":"Mauricio","twitter_card":"summary_large_image","twitter_misc":{"Escrit per":"Mauricio","Temps estimat de lectura":"3 minuts"},"schema":{"@context":"https:\/\/schema.org","@graph":[{"@type":"Article","@id":"https:\/\/www.marinapalamos.com\/los-8-vientos-gregal-45o\/#article","isPartOf":{"@id":"https:\/\/www.marinapalamos.com\/los-8-vientos-gregal-45o\/"},"author":{"name":"Mauricio","@id":"https:\/\/www.marinapalamos.com\/#\/schema\/person\/9604bbc17d32ce2823e8ffc3e3efb0f3"},"headline":"Els 8 Vents: Gregal (45\u00ba)","datePublished":"2024-10-29T14:31:04+00:00","dateModified":"2024-10-29T14:31:12+00:00","mainEntityOfPage":{"@id":"https:\/\/www.marinapalamos.com\/los-8-vientos-gregal-45o\/"},"wordCount":1040,"commentCount":0,"image":{"@id":"https:\/\/www.marinapalamos.com\/los-8-vientos-gregal-45o\/#primaryimage"},"thumbnailUrl":"https:\/\/www.marinapalamos.com\/wp-content\/uploads\/2024\/10\/GREGAL-PORTADA.png","articleSection":["Blog"],"inLanguage":"ca","potentialAction":[{"@type":"CommentAction","name":"Comment","target":["https:\/\/www.marinapalamos.com\/los-8-vientos-gregal-45o\/#respond"]}]},{"@type":"WebPage","@id":"https:\/\/www.marinapalamos.com\/los-8-vientos-gregal-45o\/","url":"https:\/\/www.marinapalamos.com\/los-8-vientos-gregal-45o\/","name":"Els 8 Vents: Gregal (45\u00ba) - Marina Palam\u00f3s","isPartOf":{"@id":"https:\/\/www.marinapalamos.com\/#website"},"primaryImageOfPage":{"@id":"https:\/\/www.marinapalamos.com\/los-8-vientos-gregal-45o\/#primaryimage"},"image":{"@id":"https:\/\/www.marinapalamos.com\/los-8-vientos-gregal-45o\/#primaryimage"},"thumbnailUrl":"https:\/\/www.marinapalamos.com\/wp-content\/uploads\/2024\/10\/GREGAL-PORTADA.png","datePublished":"2024-10-29T14:31:04+00:00","dateModified":"2024-10-29T14:31:12+00:00","author":{"@id":"https:\/\/www.marinapalamos.com\/#\/schema\/person\/9604bbc17d32ce2823e8ffc3e3efb0f3"},"description":"El Gregal es un ejemplo de c\u00f3mo los elementos naturales del Mediterr\u00e1neo han influido en la navegaci\u00f3n, en la cultura, la agricultura y la vida cotidiana.","breadcrumb":{"@id":"https:\/\/www.marinapalamos.com\/los-8-vientos-gregal-45o\/#breadcrumb"},"inLanguage":"ca","potentialAction":[{"@type":"ReadAction","target":["https:\/\/www.marinapalamos.com\/los-8-vientos-gregal-45o\/"]}]},{"@type":"ImageObject","inLanguage":"ca","@id":"https:\/\/www.marinapalamos.com\/los-8-vientos-gregal-45o\/#primaryimage","url":"https:\/\/www.marinapalamos.com\/wp-content\/uploads\/2024\/10\/GREGAL-PORTADA.png","contentUrl":"https:\/\/www.marinapalamos.com\/wp-content\/uploads\/2024\/10\/GREGAL-PORTADA.png","width":500,"height":300},{"@type":"BreadcrumbList","@id":"https:\/\/www.marinapalamos.com\/los-8-vientos-gregal-45o\/#breadcrumb","itemListElement":[{"@type":"ListItem","position":1,"name":"Inicio","item":"https:\/\/www.marinapalamos.com\/ca\/"},{"@type":"ListItem","position":2,"name":"Els 8 Vents: Gregal (45\u00ba)"}]},{"@type":"WebSite","@id":"https:\/\/www.marinapalamos.com\/#website","url":"https:\/\/www.marinapalamos.com\/","name":"Marina Palam\u00f3s","description":"Marina Palam\u00f3s","potentialAction":[{"@type":"SearchAction","target":{"@type":"EntryPoint","urlTemplate":"https:\/\/www.marinapalamos.com\/?s={search_term_string}"},"query-input":{"@type":"PropertyValueSpecification","valueRequired":true,"valueName":"search_term_string"}}],"inLanguage":"ca"},{"@type":"Person","@id":"https:\/\/www.marinapalamos.com\/#\/schema\/person\/9604bbc17d32ce2823e8ffc3e3efb0f3","name":"Mauricio","image":{"@type":"ImageObject","inLanguage":"ca","@id":"https:\/\/secure.gravatar.com\/avatar\/66f31716a14ebbbf9d76c4d8a1e5e44ee4b8992044a9034b47ebd0c89cc8c57b?s=96&d=mm&r=g","url":"https:\/\/secure.gravatar.com\/avatar\/66f31716a14ebbbf9d76c4d8a1e5e44ee4b8992044a9034b47ebd0c89cc8c57b?s=96&d=mm&r=g","contentUrl":"https:\/\/secure.gravatar.com\/avatar\/66f31716a14ebbbf9d76c4d8a1e5e44ee4b8992044a9034b47ebd0c89cc8c57b?s=96&d=mm&r=g","caption":"Mauricio"},"url":"https:\/\/www.marinapalamos.com\/ca\/author\/mauricio\/"}]}},"_links":{"self":[{"href":"https:\/\/www.marinapalamos.com\/ca\/wp-json\/wp\/v2\/posts\/6223","targetHints":{"allow":["GET"]}}],"collection":[{"href":"https:\/\/www.marinapalamos.com\/ca\/wp-json\/wp\/v2\/posts"}],"about":[{"href":"https:\/\/www.marinapalamos.com\/ca\/wp-json\/wp\/v2\/types\/post"}],"author":[{"embeddable":true,"href":"https:\/\/www.marinapalamos.com\/ca\/wp-json\/wp\/v2\/users\/5"}],"replies":[{"embeddable":true,"href":"https:\/\/www.marinapalamos.com\/ca\/wp-json\/wp\/v2\/comments?post=6223"}],"version-history":[{"count":2,"href":"https:\/\/www.marinapalamos.com\/ca\/wp-json\/wp\/v2\/posts\/6223\/revisions"}],"predecessor-version":[{"id":6236,"href":"https:\/\/www.marinapalamos.com\/ca\/wp-json\/wp\/v2\/posts\/6223\/revisions\/6236"}],"wp:featuredmedia":[{"embeddable":true,"href":"https:\/\/www.marinapalamos.com\/ca\/wp-json\/wp\/v2\/media\/6229"}],"wp:attachment":[{"href":"https:\/\/www.marinapalamos.com\/ca\/wp-json\/wp\/v2\/media?parent=6223"}],"wp:term":[{"taxonomy":"category","embeddable":true,"href":"https:\/\/www.marinapalamos.com\/ca\/wp-json\/wp\/v2\/categories?post=6223"},{"taxonomy":"post_tag","embeddable":true,"href":"https:\/\/www.marinapalamos.com\/ca\/wp-json\/wp\/v2\/tags?post=6223"}],"curies":[{"name":"wp","href":"https:\/\/api.w.org\/{rel}","templated":true}]}}