{"id":6262,"date":"2024-11-14T12:17:18","date_gmt":"2024-11-14T12:17:18","guid":{"rendered":"https:\/\/www.marinapalamos.com\/?p=6262"},"modified":"2024-11-22T12:37:56","modified_gmt":"2024-11-22T12:37:56","slug":"xx-regata-del-solstici-dhivern","status":"publish","type":"post","link":"https:\/\/www.marinapalamos.com\/ca\/xx-regata-del-solstici-dhivern\/","title":{"rendered":"XX Regata del Solstici d&#8217;Hivern"},"content":{"rendered":"<div class=\"fusion-fullwidth fullwidth-box fusion-builder-row-1 fusion-flex-container nonhundred-percent-fullwidth non-hundred-percent-height-scrolling\" style=\"--awb-border-radius-top-left:0px;--awb-border-radius-top-right:0px;--awb-border-radius-bottom-right:0px;--awb-border-radius-bottom-left:0px;--awb-flex-wrap:wrap;\" ><div class=\"fusion-builder-row fusion-row fusion-flex-align-items-flex-start fusion-flex-content-wrap\" style=\"max-width:1300px;margin-left: calc(-4% \/ 2 );margin-right: calc(-4% \/ 2 );\"><div class=\"fusion-layout-column fusion_builder_column fusion-builder-column-0 fusion_builder_column_1_1 1_1 fusion-flex-column\" style=\"--awb-bg-size:cover;--awb-width-large:100%;--awb-margin-top-large:0px;--awb-spacing-right-large:1.92%;--awb-margin-bottom-large:20px;--awb-spacing-left-large:1.92%;--awb-width-medium:100%;--awb-order-medium:0;--awb-spacing-right-medium:1.92%;--awb-spacing-left-medium:1.92%;--awb-width-small:100%;--awb-order-small:0;--awb-spacing-right-small:1.92%;--awb-spacing-left-small:1.92%;\"><div class=\"fusion-column-wrapper fusion-column-has-shadow fusion-flex-justify-content-flex-start fusion-content-layout-column\"><div class=\"fusion-text fusion-text-1\" style=\"--awb-text-transform:none;\"><p><strong>Lectura: 1 min 45s<\/strong><\/p>\n<p>Un any m\u00e9s, celebrarem la tradicional <strong>Regata del Solstici d\u2019Hivern<\/strong>, organitzada per l&#8217;Escola N\u00e0utica Medi\u00f1a. La competici\u00f3 comen\u00e7a a la Llosa de Palam\u00f3s, continua cap a les Illes Formigues i t\u00e9 com a meta l\u2019espig\u00f3 del port, oferint als participants un emocionant recorregut en un entorn \u00fanic de la Costa Brava.<\/p>\n<p>\u00c9s un esdeveniment que marca l&#8217;inici de l&#8217;hivern i compta amb una <strong>traject\u00f2ria de 20 anys.<\/strong> Es tracta d&#8217;una regata oberta a totes les classes i a qualsevol apassionat del mar que desitgi viure una experi\u00e8ncia tant emotiva com singular. La cita ser\u00e0 el <strong>23 de novembre<\/strong>, a les<strong> 12 del migdia<\/strong>, amb sortida des de les instal\u00b7lacions de Marina Palam\u00f3s.<\/p>\n<p><img decoding=\"async\" class=\" wp-image-6264 aligncenter\" src=\"https:\/\/www.marinapalamos.com\/wp-content\/uploads\/2024\/11\/REGATA-SOLSTICI-IMAGEN-BLOG-1024x614.png\" alt=\"\" width=\"607\" height=\"364\" srcset=\"https:\/\/www.marinapalamos.com\/wp-content\/uploads\/2024\/11\/REGATA-SOLSTICI-IMAGEN-BLOG-200x120.png 200w, https:\/\/www.marinapalamos.com\/wp-content\/uploads\/2024\/11\/REGATA-SOLSTICI-IMAGEN-BLOG-300x180.png 300w, https:\/\/www.marinapalamos.com\/wp-content\/uploads\/2024\/11\/REGATA-SOLSTICI-IMAGEN-BLOG-400x240.png 400w, https:\/\/www.marinapalamos.com\/wp-content\/uploads\/2024\/11\/REGATA-SOLSTICI-IMAGEN-BLOG-600x360.png 600w, https:\/\/www.marinapalamos.com\/wp-content\/uploads\/2024\/11\/REGATA-SOLSTICI-IMAGEN-BLOG-768x461.png 768w, https:\/\/www.marinapalamos.com\/wp-content\/uploads\/2024\/11\/REGATA-SOLSTICI-IMAGEN-BLOG-800x480.png 800w, https:\/\/www.marinapalamos.com\/wp-content\/uploads\/2024\/11\/REGATA-SOLSTICI-IMAGEN-BLOG-1024x614.png 1024w, https:\/\/www.marinapalamos.com\/wp-content\/uploads\/2024\/11\/REGATA-SOLSTICI-IMAGEN-BLOG-1200x720.png 1200w, https:\/\/www.marinapalamos.com\/wp-content\/uploads\/2024\/11\/REGATA-SOLSTICI-IMAGEN-BLOG.png 1500w\" sizes=\"(max-width: 607px) 100vw, 607px\" \/><\/p>\n<p>La participaci\u00f3 \u00e9s molt ben rebuda, i tenint en compte el nombre de participants de les edicions anteriors (una mitjana de 40 embarcacions), assegura un moment inoblidable.<\/p>\n<p><strong>Per\u00f2, en qu\u00e8 consisteix exactament aquesta regata?<\/strong><\/p>\n<p>Aquestes competicions sorgeixen <strong>d&#8217;antigues pr\u00e0ctiques de navegaci\u00f3<\/strong> que celebraven el dia m\u00e9s curt de l&#8217;any: un moment d&#8217;introspecci\u00f3 i renovaci\u00f3. Amb el temps, s&#8217;han convertit en un <strong>s\u00edmbol de resist\u00e8ncia i comuni\u00f3 amb el mar.<\/strong><\/p>\n<p>La tradici\u00f3 mediterr\u00e0nia explica que els primers navegants fenicis ja observaven aquest esdeveniment, creient que <strong>el solstici marcava el moment d\u2019agrair al mar la seva generositat.<\/strong> Segons la tradici\u00f3, les embarcacions competidores <strong>navegaven sense instruments, guiades \u00fanicament per les estrelles<\/strong> i l&#8217;instint dels capitans, que heretaven l\u2019habilitat d&#8217;orientar-se en la foscor.<\/p>\n<p>A l\u2019era moderna, la regata ha adoptat un car\u00e0cter<strong> m\u00e9s festiu i social<\/strong>, per\u00f2 conserva l&#8217;esperit original. Els equips naveguen en iots de vela lleugera o en velers tradicionals, i l&#8217;objectiu no \u00e9s necess\u00e0riament guanyar, sin\u00f3 resistir el fred i la foscor per <strong>celebrar junts l&#8217;arribada d&#8217;un nou cicle.<\/strong><\/p>\n<p>Un fet curi\u00f3s \u00e9s la celebraci\u00f3 d\u2019aquesta regata als <strong>fiords noruecs<\/strong>, on naveguen <strong>amb torxes enceses a la proa<\/strong>, creant un espectacle llumin\u00f3s a la nit.<\/p>\n<p>Aquest esdeveniment \u00e9s possible <strong>gr\u00e0cies als col\u00b7laboradors<\/strong>, als quals volem agrair enormement el seu inter\u00e8s perqu\u00e8 es continu\u00ef celebrant.<\/p>\n<p><strong>Nautivela <\/strong><\/p>\n<p><strong>Fast Mast<\/strong><\/p>\n<p><strong>Sailing Yacht<\/strong><\/p>\n<p><strong>MX Sails<\/strong><\/p>\n<p><strong>Restaurant Ca l\u2019Amadeu <\/strong><\/p>\n<p><strong>Boat Rental Palam\u00f3s<\/strong><\/p>\n<\/div><\/div><\/div><div class=\"fusion-layout-column fusion_builder_column fusion-builder-column-1 fusion_builder_column_1_1 1_1 fusion-flex-column\" style=\"--awb-bg-size:cover;--awb-width-large:100%;--awb-margin-top-large:0px;--awb-spacing-right-large:1.92%;--awb-margin-bottom-large:20px;--awb-spacing-left-large:1.92%;--awb-width-medium:100%;--awb-order-medium:0;--awb-spacing-right-medium:1.92%;--awb-spacing-left-medium:1.92%;--awb-width-small:100%;--awb-order-small:0;--awb-spacing-right-small:1.92%;--awb-spacing-left-small:1.92%;\"><div class=\"fusion-column-wrapper fusion-column-has-shadow fusion-flex-justify-content-flex-start fusion-content-layout-column\"><\/div><\/div><\/div><\/div>\n","protected":false},"excerpt":{"rendered":"","protected":false},"author":5,"featured_media":6268,"comment_status":"open","ping_status":"closed","sticky":false,"template":"","format":"standard","meta":{"_acf_changed":false,"footnotes":""},"categories":[69],"tags":[],"class_list":["post-6262","post","type-post","status-publish","format-standard","has-post-thumbnail","hentry","category-blog-ca"],"acf":[],"yoast_head":"<!-- This site is optimized with the Yoast SEO plugin v27.5 - https:\/\/yoast.com\/product\/yoast-seo-wordpress\/ -->\n<title>XX Regata del Solstici d&#039;Hivern - Marina Palam\u00f3s<\/title>\n<meta name=\"description\" content=\"Un a\u00f1o m\u00e1s, celebraremos la tradicional Regata del Solsticio de Invierno, organizada por la Escuela N\u00e1utica Medi\u00f1a.\" \/>\n<meta name=\"robots\" content=\"index, follow, max-snippet:-1, max-image-preview:large, max-video-preview:-1\" \/>\n<link rel=\"canonical\" href=\"https:\/\/www.marinapalamos.com\/xx-regata-del-solsticio-de-invierno\/\" \/>\n<meta property=\"og:locale\" content=\"ca_ES\" \/>\n<meta property=\"og:type\" content=\"article\" \/>\n<meta property=\"og:title\" content=\"XX Regata del Solstici d&#039;Hivern - Marina Palam\u00f3s\" \/>\n<meta property=\"og:description\" content=\"Un a\u00f1o m\u00e1s, celebraremos la tradicional Regata del Solsticio de Invierno, organizada por la Escuela N\u00e1utica Medi\u00f1a.\" \/>\n<meta property=\"og:url\" content=\"https:\/\/www.marinapalamos.com\/xx-regata-del-solsticio-de-invierno\/\" \/>\n<meta property=\"og:site_name\" content=\"Marina Palam\u00f3s\" \/>\n<meta property=\"article:published_time\" content=\"2024-11-14T12:17:18+00:00\" \/>\n<meta property=\"article:modified_time\" content=\"2024-11-22T12:37:56+00:00\" \/>\n<meta property=\"og:image\" content=\"https:\/\/www.marinapalamos.com\/wp-content\/uploads\/2024\/11\/BANDERA-BLAVA-BLOG-1.png\" \/>\n\t<meta property=\"og:image:width\" content=\"500\" \/>\n\t<meta property=\"og:image:height\" content=\"300\" \/>\n\t<meta property=\"og:image:type\" content=\"image\/png\" \/>\n<meta name=\"author\" content=\"Mauricio\" \/>\n<meta name=\"twitter:card\" content=\"summary_large_image\" \/>\n<meta name=\"twitter:label1\" content=\"Escrit per\" \/>\n\t<meta name=\"twitter:data1\" content=\"Mauricio\" \/>\n\t<meta name=\"twitter:label2\" content=\"Temps estimat de lectura\" \/>\n\t<meta name=\"twitter:data2\" content=\"2 minuts\" \/>\n<script type=\"application\/ld+json\" class=\"yoast-schema-graph\">{\"@context\":\"https:\\\/\\\/schema.org\",\"@graph\":[{\"@type\":\"Article\",\"@id\":\"https:\\\/\\\/www.marinapalamos.com\\\/xx-regata-del-solsticio-de-invierno\\\/#article\",\"isPartOf\":{\"@id\":\"https:\\\/\\\/www.marinapalamos.com\\\/xx-regata-del-solsticio-de-invierno\\\/\"},\"author\":{\"name\":\"Mauricio\",\"@id\":\"https:\\\/\\\/www.marinapalamos.com\\\/#\\\/schema\\\/person\\\/9604bbc17d32ce2823e8ffc3e3efb0f3\"},\"headline\":\"XX Regata del Solstici d&#8217;Hivern\",\"datePublished\":\"2024-11-14T12:17:18+00:00\",\"dateModified\":\"2024-11-22T12:37:56+00:00\",\"mainEntityOfPage\":{\"@id\":\"https:\\\/\\\/www.marinapalamos.com\\\/xx-regata-del-solsticio-de-invierno\\\/\"},\"wordCount\":886,\"commentCount\":0,\"image\":{\"@id\":\"https:\\\/\\\/www.marinapalamos.com\\\/xx-regata-del-solsticio-de-invierno\\\/#primaryimage\"},\"thumbnailUrl\":\"https:\\\/\\\/www.marinapalamos.com\\\/wp-content\\\/uploads\\\/2024\\\/11\\\/BANDERA-BLAVA-BLOG-1.png\",\"articleSection\":[\"Blog\"],\"inLanguage\":\"ca\",\"potentialAction\":[{\"@type\":\"CommentAction\",\"name\":\"Comment\",\"target\":[\"https:\\\/\\\/www.marinapalamos.com\\\/xx-regata-del-solsticio-de-invierno\\\/#respond\"]}]},{\"@type\":\"WebPage\",\"@id\":\"https:\\\/\\\/www.marinapalamos.com\\\/xx-regata-del-solsticio-de-invierno\\\/\",\"url\":\"https:\\\/\\\/www.marinapalamos.com\\\/xx-regata-del-solsticio-de-invierno\\\/\",\"name\":\"XX Regata del Solstici d'Hivern - Marina Palam\u00f3s\",\"isPartOf\":{\"@id\":\"https:\\\/\\\/www.marinapalamos.com\\\/#website\"},\"primaryImageOfPage\":{\"@id\":\"https:\\\/\\\/www.marinapalamos.com\\\/xx-regata-del-solsticio-de-invierno\\\/#primaryimage\"},\"image\":{\"@id\":\"https:\\\/\\\/www.marinapalamos.com\\\/xx-regata-del-solsticio-de-invierno\\\/#primaryimage\"},\"thumbnailUrl\":\"https:\\\/\\\/www.marinapalamos.com\\\/wp-content\\\/uploads\\\/2024\\\/11\\\/BANDERA-BLAVA-BLOG-1.png\",\"datePublished\":\"2024-11-14T12:17:18+00:00\",\"dateModified\":\"2024-11-22T12:37:56+00:00\",\"author\":{\"@id\":\"https:\\\/\\\/www.marinapalamos.com\\\/#\\\/schema\\\/person\\\/9604bbc17d32ce2823e8ffc3e3efb0f3\"},\"description\":\"Un a\u00f1o m\u00e1s, celebraremos la tradicional Regata del Solsticio de Invierno, organizada por la Escuela N\u00e1utica Medi\u00f1a.\",\"breadcrumb\":{\"@id\":\"https:\\\/\\\/www.marinapalamos.com\\\/xx-regata-del-solsticio-de-invierno\\\/#breadcrumb\"},\"inLanguage\":\"ca\",\"potentialAction\":[{\"@type\":\"ReadAction\",\"target\":[\"https:\\\/\\\/www.marinapalamos.com\\\/xx-regata-del-solsticio-de-invierno\\\/\"]}]},{\"@type\":\"ImageObject\",\"inLanguage\":\"ca\",\"@id\":\"https:\\\/\\\/www.marinapalamos.com\\\/xx-regata-del-solsticio-de-invierno\\\/#primaryimage\",\"url\":\"https:\\\/\\\/www.marinapalamos.com\\\/wp-content\\\/uploads\\\/2024\\\/11\\\/BANDERA-BLAVA-BLOG-1.png\",\"contentUrl\":\"https:\\\/\\\/www.marinapalamos.com\\\/wp-content\\\/uploads\\\/2024\\\/11\\\/BANDERA-BLAVA-BLOG-1.png\",\"width\":500,\"height\":300},{\"@type\":\"BreadcrumbList\",\"@id\":\"https:\\\/\\\/www.marinapalamos.com\\\/xx-regata-del-solsticio-de-invierno\\\/#breadcrumb\",\"itemListElement\":[{\"@type\":\"ListItem\",\"position\":1,\"name\":\"Inicio\",\"item\":\"https:\\\/\\\/www.marinapalamos.com\\\/ca\\\/\"},{\"@type\":\"ListItem\",\"position\":2,\"name\":\"XX Regata del Solstici d&#8217;Hivern\"}]},{\"@type\":\"WebSite\",\"@id\":\"https:\\\/\\\/www.marinapalamos.com\\\/#website\",\"url\":\"https:\\\/\\\/www.marinapalamos.com\\\/\",\"name\":\"Marina Palam\u00f3s\",\"description\":\"Marina Palam\u00f3s\",\"potentialAction\":[{\"@type\":\"SearchAction\",\"target\":{\"@type\":\"EntryPoint\",\"urlTemplate\":\"https:\\\/\\\/www.marinapalamos.com\\\/?s={search_term_string}\"},\"query-input\":{\"@type\":\"PropertyValueSpecification\",\"valueRequired\":true,\"valueName\":\"search_term_string\"}}],\"inLanguage\":\"ca\"},{\"@type\":\"Person\",\"@id\":\"https:\\\/\\\/www.marinapalamos.com\\\/#\\\/schema\\\/person\\\/9604bbc17d32ce2823e8ffc3e3efb0f3\",\"name\":\"Mauricio\",\"image\":{\"@type\":\"ImageObject\",\"inLanguage\":\"ca\",\"@id\":\"https:\\\/\\\/secure.gravatar.com\\\/avatar\\\/66f31716a14ebbbf9d76c4d8a1e5e44ee4b8992044a9034b47ebd0c89cc8c57b?s=96&d=mm&r=g\",\"url\":\"https:\\\/\\\/secure.gravatar.com\\\/avatar\\\/66f31716a14ebbbf9d76c4d8a1e5e44ee4b8992044a9034b47ebd0c89cc8c57b?s=96&d=mm&r=g\",\"contentUrl\":\"https:\\\/\\\/secure.gravatar.com\\\/avatar\\\/66f31716a14ebbbf9d76c4d8a1e5e44ee4b8992044a9034b47ebd0c89cc8c57b?s=96&d=mm&r=g\",\"caption\":\"Mauricio\"},\"url\":\"https:\\\/\\\/www.marinapalamos.com\\\/ca\\\/author\\\/mauricio\\\/\"}]}<\/script>\n<!-- \/ Yoast SEO plugin. -->","yoast_head_json":{"title":"XX Regata del Solstici d'Hivern - Marina Palam\u00f3s","description":"Un a\u00f1o m\u00e1s, celebraremos la tradicional Regata del Solsticio de Invierno, organizada por la Escuela N\u00e1utica Medi\u00f1a.","robots":{"index":"index","follow":"follow","max-snippet":"max-snippet:-1","max-image-preview":"max-image-preview:large","max-video-preview":"max-video-preview:-1"},"canonical":"https:\/\/www.marinapalamos.com\/xx-regata-del-solsticio-de-invierno\/","og_locale":"ca_ES","og_type":"article","og_title":"XX Regata del Solstici d'Hivern - Marina Palam\u00f3s","og_description":"Un a\u00f1o m\u00e1s, celebraremos la tradicional Regata del Solsticio de Invierno, organizada por la Escuela N\u00e1utica Medi\u00f1a.","og_url":"https:\/\/www.marinapalamos.com\/xx-regata-del-solsticio-de-invierno\/","og_site_name":"Marina Palam\u00f3s","article_published_time":"2024-11-14T12:17:18+00:00","article_modified_time":"2024-11-22T12:37:56+00:00","og_image":[{"width":500,"height":300,"url":"https:\/\/www.marinapalamos.com\/wp-content\/uploads\/2024\/11\/BANDERA-BLAVA-BLOG-1.png","type":"image\/png"}],"author":"Mauricio","twitter_card":"summary_large_image","twitter_misc":{"Escrit per":"Mauricio","Temps estimat de lectura":"2 minuts"},"schema":{"@context":"https:\/\/schema.org","@graph":[{"@type":"Article","@id":"https:\/\/www.marinapalamos.com\/xx-regata-del-solsticio-de-invierno\/#article","isPartOf":{"@id":"https:\/\/www.marinapalamos.com\/xx-regata-del-solsticio-de-invierno\/"},"author":{"name":"Mauricio","@id":"https:\/\/www.marinapalamos.com\/#\/schema\/person\/9604bbc17d32ce2823e8ffc3e3efb0f3"},"headline":"XX Regata del Solstici d&#8217;Hivern","datePublished":"2024-11-14T12:17:18+00:00","dateModified":"2024-11-22T12:37:56+00:00","mainEntityOfPage":{"@id":"https:\/\/www.marinapalamos.com\/xx-regata-del-solsticio-de-invierno\/"},"wordCount":886,"commentCount":0,"image":{"@id":"https:\/\/www.marinapalamos.com\/xx-regata-del-solsticio-de-invierno\/#primaryimage"},"thumbnailUrl":"https:\/\/www.marinapalamos.com\/wp-content\/uploads\/2024\/11\/BANDERA-BLAVA-BLOG-1.png","articleSection":["Blog"],"inLanguage":"ca","potentialAction":[{"@type":"CommentAction","name":"Comment","target":["https:\/\/www.marinapalamos.com\/xx-regata-del-solsticio-de-invierno\/#respond"]}]},{"@type":"WebPage","@id":"https:\/\/www.marinapalamos.com\/xx-regata-del-solsticio-de-invierno\/","url":"https:\/\/www.marinapalamos.com\/xx-regata-del-solsticio-de-invierno\/","name":"XX Regata del Solstici d'Hivern - Marina Palam\u00f3s","isPartOf":{"@id":"https:\/\/www.marinapalamos.com\/#website"},"primaryImageOfPage":{"@id":"https:\/\/www.marinapalamos.com\/xx-regata-del-solsticio-de-invierno\/#primaryimage"},"image":{"@id":"https:\/\/www.marinapalamos.com\/xx-regata-del-solsticio-de-invierno\/#primaryimage"},"thumbnailUrl":"https:\/\/www.marinapalamos.com\/wp-content\/uploads\/2024\/11\/BANDERA-BLAVA-BLOG-1.png","datePublished":"2024-11-14T12:17:18+00:00","dateModified":"2024-11-22T12:37:56+00:00","author":{"@id":"https:\/\/www.marinapalamos.com\/#\/schema\/person\/9604bbc17d32ce2823e8ffc3e3efb0f3"},"description":"Un a\u00f1o m\u00e1s, celebraremos la tradicional Regata del Solsticio de Invierno, organizada por la Escuela N\u00e1utica Medi\u00f1a.","breadcrumb":{"@id":"https:\/\/www.marinapalamos.com\/xx-regata-del-solsticio-de-invierno\/#breadcrumb"},"inLanguage":"ca","potentialAction":[{"@type":"ReadAction","target":["https:\/\/www.marinapalamos.com\/xx-regata-del-solsticio-de-invierno\/"]}]},{"@type":"ImageObject","inLanguage":"ca","@id":"https:\/\/www.marinapalamos.com\/xx-regata-del-solsticio-de-invierno\/#primaryimage","url":"https:\/\/www.marinapalamos.com\/wp-content\/uploads\/2024\/11\/BANDERA-BLAVA-BLOG-1.png","contentUrl":"https:\/\/www.marinapalamos.com\/wp-content\/uploads\/2024\/11\/BANDERA-BLAVA-BLOG-1.png","width":500,"height":300},{"@type":"BreadcrumbList","@id":"https:\/\/www.marinapalamos.com\/xx-regata-del-solsticio-de-invierno\/#breadcrumb","itemListElement":[{"@type":"ListItem","position":1,"name":"Inicio","item":"https:\/\/www.marinapalamos.com\/ca\/"},{"@type":"ListItem","position":2,"name":"XX Regata del Solstici d&#8217;Hivern"}]},{"@type":"WebSite","@id":"https:\/\/www.marinapalamos.com\/#website","url":"https:\/\/www.marinapalamos.com\/","name":"Marina Palam\u00f3s","description":"Marina Palam\u00f3s","potentialAction":[{"@type":"SearchAction","target":{"@type":"EntryPoint","urlTemplate":"https:\/\/www.marinapalamos.com\/?s={search_term_string}"},"query-input":{"@type":"PropertyValueSpecification","valueRequired":true,"valueName":"search_term_string"}}],"inLanguage":"ca"},{"@type":"Person","@id":"https:\/\/www.marinapalamos.com\/#\/schema\/person\/9604bbc17d32ce2823e8ffc3e3efb0f3","name":"Mauricio","image":{"@type":"ImageObject","inLanguage":"ca","@id":"https:\/\/secure.gravatar.com\/avatar\/66f31716a14ebbbf9d76c4d8a1e5e44ee4b8992044a9034b47ebd0c89cc8c57b?s=96&d=mm&r=g","url":"https:\/\/secure.gravatar.com\/avatar\/66f31716a14ebbbf9d76c4d8a1e5e44ee4b8992044a9034b47ebd0c89cc8c57b?s=96&d=mm&r=g","contentUrl":"https:\/\/secure.gravatar.com\/avatar\/66f31716a14ebbbf9d76c4d8a1e5e44ee4b8992044a9034b47ebd0c89cc8c57b?s=96&d=mm&r=g","caption":"Mauricio"},"url":"https:\/\/www.marinapalamos.com\/ca\/author\/mauricio\/"}]}},"_links":{"self":[{"href":"https:\/\/www.marinapalamos.com\/ca\/wp-json\/wp\/v2\/posts\/6262","targetHints":{"allow":["GET"]}}],"collection":[{"href":"https:\/\/www.marinapalamos.com\/ca\/wp-json\/wp\/v2\/posts"}],"about":[{"href":"https:\/\/www.marinapalamos.com\/ca\/wp-json\/wp\/v2\/types\/post"}],"author":[{"embeddable":true,"href":"https:\/\/www.marinapalamos.com\/ca\/wp-json\/wp\/v2\/users\/5"}],"replies":[{"embeddable":true,"href":"https:\/\/www.marinapalamos.com\/ca\/wp-json\/wp\/v2\/comments?post=6262"}],"version-history":[{"count":5,"href":"https:\/\/www.marinapalamos.com\/ca\/wp-json\/wp\/v2\/posts\/6262\/revisions"}],"predecessor-version":[{"id":6577,"href":"https:\/\/www.marinapalamos.com\/ca\/wp-json\/wp\/v2\/posts\/6262\/revisions\/6577"}],"wp:featuredmedia":[{"embeddable":true,"href":"https:\/\/www.marinapalamos.com\/ca\/wp-json\/wp\/v2\/media\/6268"}],"wp:attachment":[{"href":"https:\/\/www.marinapalamos.com\/ca\/wp-json\/wp\/v2\/media?parent=6262"}],"wp:term":[{"taxonomy":"category","embeddable":true,"href":"https:\/\/www.marinapalamos.com\/ca\/wp-json\/wp\/v2\/categories?post=6262"},{"taxonomy":"post_tag","embeddable":true,"href":"https:\/\/www.marinapalamos.com\/ca\/wp-json\/wp\/v2\/tags?post=6262"}],"curies":[{"name":"wp","href":"https:\/\/api.w.org\/{rel}","templated":true}]}}