{"id":6695,"date":"2025-01-16T10:20:52","date_gmt":"2025-01-16T10:20:52","guid":{"rendered":"https:\/\/www.marinapalamos.com\/?p=6695"},"modified":"2025-01-16T10:22:34","modified_gmt":"2025-01-16T10:22:34","slug":"compromis-amb-la-sostenibilitat-aigua-i-el-futur","status":"publish","type":"post","link":"https:\/\/www.marinapalamos.com\/ca\/compromis-amb-la-sostenibilitat-aigua-i-el-futur\/","title":{"rendered":"Comprom\u00eds amb la sostenibilitat: l&#8217;aigua i el futur"},"content":{"rendered":"<div class=\"fusion-fullwidth fullwidth-box fusion-builder-row-1 fusion-flex-container nonhundred-percent-fullwidth non-hundred-percent-height-scrolling\" style=\"--awb-border-radius-top-left:0px;--awb-border-radius-top-right:0px;--awb-border-radius-bottom-right:0px;--awb-border-radius-bottom-left:0px;--awb-flex-wrap:wrap;\" ><div class=\"fusion-builder-row fusion-row fusion-flex-align-items-flex-start fusion-flex-content-wrap\" style=\"max-width:1300px;margin-left: calc(-4% \/ 2 );margin-right: calc(-4% \/ 2 );\"><div class=\"fusion-layout-column fusion_builder_column fusion-builder-column-0 fusion_builder_column_1_1 1_1 fusion-flex-column\" style=\"--awb-bg-size:cover;--awb-width-large:100%;--awb-margin-top-large:0px;--awb-spacing-right-large:1.92%;--awb-margin-bottom-large:20px;--awb-spacing-left-large:1.92%;--awb-width-medium:100%;--awb-order-medium:0;--awb-spacing-right-medium:1.92%;--awb-spacing-left-medium:1.92%;--awb-width-small:100%;--awb-order-small:0;--awb-spacing-right-small:1.92%;--awb-spacing-left-small:1.92%;\"><div class=\"fusion-column-wrapper fusion-column-has-shadow fusion-flex-justify-content-flex-start fusion-content-layout-column\"><div class=\"fusion-text fusion-text-1\" style=\"--awb-text-transform:none;\"><p><strong>Lectura: 1 min<\/strong><\/p>\n<p>En els \u00faltims dos anys, hem aconseguit reduir el nostre consum d\u2019aigua en m\u00e9s d\u2019un 60%, tot aix\u00f2 mentre l\u2019activitat al port s\u2019ha incrementat.<\/p>\n<p>Aquest avan\u00e7 \u00e9s el reflex del nostre ferm comprom\u00eds amb la reducci\u00f3 de la petjada h\u00eddrica i la millora cont\u00ednua en les nostres operacions.<\/p>\n<p>Aquest any 2025 instal\u00b7larem una estaci\u00f3 dessalinitzadora amb capacitat per generar 1.000 l\/h, cosa que ens permetr\u00e0 assolir un \u00edndex d\u2019autosufici\u00e8ncia superior al 75%.<\/p>\n<p>A m\u00e9s, aquesta estaci\u00f3 dessalinitzadora estar\u00e0 alimentada al 100% amb energia renovable generada al port.<\/p>\n<p><img decoding=\"async\" class=\" wp-image-6700 aligncenter\" src=\"https:\/\/www.marinapalamos.com\/wp-content\/uploads\/2025\/01\/DESALADORA-IMAGEN-BLOG-1024x614.png\" alt=\"\" width=\"642\" height=\"385\" srcset=\"https:\/\/www.marinapalamos.com\/wp-content\/uploads\/2025\/01\/DESALADORA-IMAGEN-BLOG-200x120.png 200w, https:\/\/www.marinapalamos.com\/wp-content\/uploads\/2025\/01\/DESALADORA-IMAGEN-BLOG-300x180.png 300w, https:\/\/www.marinapalamos.com\/wp-content\/uploads\/2025\/01\/DESALADORA-IMAGEN-BLOG-400x240.png 400w, https:\/\/www.marinapalamos.com\/wp-content\/uploads\/2025\/01\/DESALADORA-IMAGEN-BLOG-600x360.png 600w, https:\/\/www.marinapalamos.com\/wp-content\/uploads\/2025\/01\/DESALADORA-IMAGEN-BLOG-768x461.png 768w, https:\/\/www.marinapalamos.com\/wp-content\/uploads\/2025\/01\/DESALADORA-IMAGEN-BLOG-800x480.png 800w, https:\/\/www.marinapalamos.com\/wp-content\/uploads\/2025\/01\/DESALADORA-IMAGEN-BLOG-1024x614.png 1024w, https:\/\/www.marinapalamos.com\/wp-content\/uploads\/2025\/01\/DESALADORA-IMAGEN-BLOG-1200x720.png 1200w, https:\/\/www.marinapalamos.com\/wp-content\/uploads\/2025\/01\/DESALADORA-IMAGEN-BLOG.png 1500w\" sizes=\"(max-width: 642px) 100vw, 642px\" \/><\/p>\n<p>Actualment estem realitzant l\u2019estudi hidrogeol\u00f2gic per avaluar la viabilitat d\u2019abastir l\u2019estaci\u00f3 dessalinitzadora a trav\u00e9s d\u2019una captaci\u00f3 vertical.<br \/>\nAquesta soluci\u00f3 ens proporcionaria una millor qualitat d\u2019aigua de captaci\u00f3, reduint l\u2019energia necess\u00e0ria en el proc\u00e9s de dessalinitzaci\u00f3.<\/p>\n<p>Seguim treballant per un futur m\u00e9s sostenible, eficient i respectu\u00f3s amb el medi ambient.<\/p>\n<\/div><\/div><\/div><div class=\"fusion-layout-column fusion_builder_column fusion-builder-column-1 fusion_builder_column_1_1 1_1 fusion-flex-column\" style=\"--awb-bg-size:cover;--awb-width-large:100%;--awb-margin-top-large:0px;--awb-spacing-right-large:1.92%;--awb-margin-bottom-large:20px;--awb-spacing-left-large:1.92%;--awb-width-medium:100%;--awb-order-medium:0;--awb-spacing-right-medium:1.92%;--awb-spacing-left-medium:1.92%;--awb-width-small:100%;--awb-order-small:0;--awb-spacing-right-small:1.92%;--awb-spacing-left-small:1.92%;\"><div class=\"fusion-column-wrapper fusion-column-has-shadow fusion-flex-justify-content-flex-start fusion-content-layout-column\"><\/div><\/div><\/div><\/div>\n","protected":false},"excerpt":{"rendered":"","protected":false},"author":5,"featured_media":6698,"comment_status":"open","ping_status":"closed","sticky":false,"template":"","format":"standard","meta":{"_acf_changed":false,"footnotes":""},"categories":[69],"tags":[],"class_list":["post-6695","post","type-post","status-publish","format-standard","has-post-thumbnail","hentry","category-blog-ca"],"acf":[],"yoast_head":"<!-- This site is optimized with the Yoast SEO plugin v27.5 - https:\/\/yoast.com\/product\/yoast-seo-wordpress\/ -->\n<title>Comprom\u00eds amb la sostenibilitat: l&#039;aigua i el futur - Marina Palam\u00f3s<\/title>\n<meta name=\"description\" content=\"Hemos reducido nuestro consumo de agua en m\u00e1s de un 60% implementado soluciones sostenibles como una nueva estaci\u00f3n desaladora 100% renovable\" \/>\n<meta name=\"robots\" content=\"index, follow, max-snippet:-1, max-image-preview:large, max-video-preview:-1\" \/>\n<link rel=\"canonical\" href=\"https:\/\/www.marinapalamos.com\/compromiso-con-la-sostenibilidad-agua-futuro\/\" \/>\n<meta property=\"og:locale\" content=\"ca_ES\" \/>\n<meta property=\"og:type\" content=\"article\" \/>\n<meta property=\"og:title\" content=\"Comprom\u00eds amb la sostenibilitat: l&#039;aigua i el futur - Marina Palam\u00f3s\" \/>\n<meta property=\"og:description\" content=\"Hemos reducido nuestro consumo de agua en m\u00e1s de un 60% implementado soluciones sostenibles como una nueva estaci\u00f3n desaladora 100% renovable\" \/>\n<meta property=\"og:url\" content=\"https:\/\/www.marinapalamos.com\/compromiso-con-la-sostenibilidad-agua-futuro\/\" \/>\n<meta property=\"og:site_name\" content=\"Marina Palam\u00f3s\" \/>\n<meta property=\"article:published_time\" content=\"2025-01-16T10:20:52+00:00\" \/>\n<meta property=\"article:modified_time\" content=\"2025-01-16T10:22:34+00:00\" \/>\n<meta property=\"og:image\" content=\"https:\/\/www.marinapalamos.com\/wp-content\/uploads\/2025\/01\/DESALADORA-BLOG.png\" \/>\n\t<meta property=\"og:image:width\" content=\"500\" \/>\n\t<meta property=\"og:image:height\" content=\"300\" \/>\n\t<meta property=\"og:image:type\" content=\"image\/png\" \/>\n<meta name=\"author\" content=\"Mauricio\" \/>\n<meta name=\"twitter:card\" content=\"summary_large_image\" \/>\n<meta name=\"twitter:label1\" content=\"Escrit per\" \/>\n\t<meta name=\"twitter:data1\" content=\"Mauricio\" \/>\n\t<meta name=\"twitter:label2\" content=\"Temps estimat de lectura\" \/>\n\t<meta name=\"twitter:data2\" content=\"2 minuts\" \/>\n<script type=\"application\/ld+json\" class=\"yoast-schema-graph\">{\"@context\":\"https:\\\/\\\/schema.org\",\"@graph\":[{\"@type\":\"Article\",\"@id\":\"https:\\\/\\\/www.marinapalamos.com\\\/compromiso-con-la-sostenibilidad-agua-futuro\\\/#article\",\"isPartOf\":{\"@id\":\"https:\\\/\\\/www.marinapalamos.com\\\/compromiso-con-la-sostenibilidad-agua-futuro\\\/\"},\"author\":{\"name\":\"Mauricio\",\"@id\":\"https:\\\/\\\/www.marinapalamos.com\\\/#\\\/schema\\\/person\\\/9604bbc17d32ce2823e8ffc3e3efb0f3\"},\"headline\":\"Comprom\u00eds amb la sostenibilitat: l&#8217;aigua i el futur\",\"datePublished\":\"2025-01-16T10:20:52+00:00\",\"dateModified\":\"2025-01-16T10:22:34+00:00\",\"mainEntityOfPage\":{\"@id\":\"https:\\\/\\\/www.marinapalamos.com\\\/compromiso-con-la-sostenibilidad-agua-futuro\\\/\"},\"wordCount\":725,\"commentCount\":0,\"image\":{\"@id\":\"https:\\\/\\\/www.marinapalamos.com\\\/compromiso-con-la-sostenibilidad-agua-futuro\\\/#primaryimage\"},\"thumbnailUrl\":\"https:\\\/\\\/www.marinapalamos.com\\\/wp-content\\\/uploads\\\/2025\\\/01\\\/DESALADORA-BLOG.png\",\"articleSection\":[\"Blog\"],\"inLanguage\":\"ca\",\"potentialAction\":[{\"@type\":\"CommentAction\",\"name\":\"Comment\",\"target\":[\"https:\\\/\\\/www.marinapalamos.com\\\/compromiso-con-la-sostenibilidad-agua-futuro\\\/#respond\"]}]},{\"@type\":\"WebPage\",\"@id\":\"https:\\\/\\\/www.marinapalamos.com\\\/compromiso-con-la-sostenibilidad-agua-futuro\\\/\",\"url\":\"https:\\\/\\\/www.marinapalamos.com\\\/compromiso-con-la-sostenibilidad-agua-futuro\\\/\",\"name\":\"Comprom\u00eds amb la sostenibilitat: l'aigua i el futur - Marina Palam\u00f3s\",\"isPartOf\":{\"@id\":\"https:\\\/\\\/www.marinapalamos.com\\\/#website\"},\"primaryImageOfPage\":{\"@id\":\"https:\\\/\\\/www.marinapalamos.com\\\/compromiso-con-la-sostenibilidad-agua-futuro\\\/#primaryimage\"},\"image\":{\"@id\":\"https:\\\/\\\/www.marinapalamos.com\\\/compromiso-con-la-sostenibilidad-agua-futuro\\\/#primaryimage\"},\"thumbnailUrl\":\"https:\\\/\\\/www.marinapalamos.com\\\/wp-content\\\/uploads\\\/2025\\\/01\\\/DESALADORA-BLOG.png\",\"datePublished\":\"2025-01-16T10:20:52+00:00\",\"dateModified\":\"2025-01-16T10:22:34+00:00\",\"author\":{\"@id\":\"https:\\\/\\\/www.marinapalamos.com\\\/#\\\/schema\\\/person\\\/9604bbc17d32ce2823e8ffc3e3efb0f3\"},\"description\":\"Hemos reducido nuestro consumo de agua en m\u00e1s de un 60% implementado soluciones sostenibles como una nueva estaci\u00f3n desaladora 100% renovable\",\"breadcrumb\":{\"@id\":\"https:\\\/\\\/www.marinapalamos.com\\\/compromiso-con-la-sostenibilidad-agua-futuro\\\/#breadcrumb\"},\"inLanguage\":\"ca\",\"potentialAction\":[{\"@type\":\"ReadAction\",\"target\":[\"https:\\\/\\\/www.marinapalamos.com\\\/compromiso-con-la-sostenibilidad-agua-futuro\\\/\"]}]},{\"@type\":\"ImageObject\",\"inLanguage\":\"ca\",\"@id\":\"https:\\\/\\\/www.marinapalamos.com\\\/compromiso-con-la-sostenibilidad-agua-futuro\\\/#primaryimage\",\"url\":\"https:\\\/\\\/www.marinapalamos.com\\\/wp-content\\\/uploads\\\/2025\\\/01\\\/DESALADORA-BLOG.png\",\"contentUrl\":\"https:\\\/\\\/www.marinapalamos.com\\\/wp-content\\\/uploads\\\/2025\\\/01\\\/DESALADORA-BLOG.png\",\"width\":500,\"height\":300},{\"@type\":\"BreadcrumbList\",\"@id\":\"https:\\\/\\\/www.marinapalamos.com\\\/compromiso-con-la-sostenibilidad-agua-futuro\\\/#breadcrumb\",\"itemListElement\":[{\"@type\":\"ListItem\",\"position\":1,\"name\":\"Inicio\",\"item\":\"https:\\\/\\\/www.marinapalamos.com\\\/ca\\\/\"},{\"@type\":\"ListItem\",\"position\":2,\"name\":\"Comprom\u00eds amb la sostenibilitat: l&#8217;aigua i el futur\"}]},{\"@type\":\"WebSite\",\"@id\":\"https:\\\/\\\/www.marinapalamos.com\\\/#website\",\"url\":\"https:\\\/\\\/www.marinapalamos.com\\\/\",\"name\":\"Marina Palam\u00f3s\",\"description\":\"Marina Palam\u00f3s\",\"potentialAction\":[{\"@type\":\"SearchAction\",\"target\":{\"@type\":\"EntryPoint\",\"urlTemplate\":\"https:\\\/\\\/www.marinapalamos.com\\\/?s={search_term_string}\"},\"query-input\":{\"@type\":\"PropertyValueSpecification\",\"valueRequired\":true,\"valueName\":\"search_term_string\"}}],\"inLanguage\":\"ca\"},{\"@type\":\"Person\",\"@id\":\"https:\\\/\\\/www.marinapalamos.com\\\/#\\\/schema\\\/person\\\/9604bbc17d32ce2823e8ffc3e3efb0f3\",\"name\":\"Mauricio\",\"image\":{\"@type\":\"ImageObject\",\"inLanguage\":\"ca\",\"@id\":\"https:\\\/\\\/secure.gravatar.com\\\/avatar\\\/66f31716a14ebbbf9d76c4d8a1e5e44ee4b8992044a9034b47ebd0c89cc8c57b?s=96&d=mm&r=g\",\"url\":\"https:\\\/\\\/secure.gravatar.com\\\/avatar\\\/66f31716a14ebbbf9d76c4d8a1e5e44ee4b8992044a9034b47ebd0c89cc8c57b?s=96&d=mm&r=g\",\"contentUrl\":\"https:\\\/\\\/secure.gravatar.com\\\/avatar\\\/66f31716a14ebbbf9d76c4d8a1e5e44ee4b8992044a9034b47ebd0c89cc8c57b?s=96&d=mm&r=g\",\"caption\":\"Mauricio\"},\"url\":\"https:\\\/\\\/www.marinapalamos.com\\\/ca\\\/author\\\/mauricio\\\/\"}]}<\/script>\n<!-- \/ Yoast SEO plugin. -->","yoast_head_json":{"title":"Comprom\u00eds amb la sostenibilitat: l'aigua i el futur - Marina Palam\u00f3s","description":"Hemos reducido nuestro consumo de agua en m\u00e1s de un 60% implementado soluciones sostenibles como una nueva estaci\u00f3n desaladora 100% renovable","robots":{"index":"index","follow":"follow","max-snippet":"max-snippet:-1","max-image-preview":"max-image-preview:large","max-video-preview":"max-video-preview:-1"},"canonical":"https:\/\/www.marinapalamos.com\/compromiso-con-la-sostenibilidad-agua-futuro\/","og_locale":"ca_ES","og_type":"article","og_title":"Comprom\u00eds amb la sostenibilitat: l'aigua i el futur - Marina Palam\u00f3s","og_description":"Hemos reducido nuestro consumo de agua en m\u00e1s de un 60% implementado soluciones sostenibles como una nueva estaci\u00f3n desaladora 100% renovable","og_url":"https:\/\/www.marinapalamos.com\/compromiso-con-la-sostenibilidad-agua-futuro\/","og_site_name":"Marina Palam\u00f3s","article_published_time":"2025-01-16T10:20:52+00:00","article_modified_time":"2025-01-16T10:22:34+00:00","og_image":[{"width":500,"height":300,"url":"https:\/\/www.marinapalamos.com\/wp-content\/uploads\/2025\/01\/DESALADORA-BLOG.png","type":"image\/png"}],"author":"Mauricio","twitter_card":"summary_large_image","twitter_misc":{"Escrit per":"Mauricio","Temps estimat de lectura":"2 minuts"},"schema":{"@context":"https:\/\/schema.org","@graph":[{"@type":"Article","@id":"https:\/\/www.marinapalamos.com\/compromiso-con-la-sostenibilidad-agua-futuro\/#article","isPartOf":{"@id":"https:\/\/www.marinapalamos.com\/compromiso-con-la-sostenibilidad-agua-futuro\/"},"author":{"name":"Mauricio","@id":"https:\/\/www.marinapalamos.com\/#\/schema\/person\/9604bbc17d32ce2823e8ffc3e3efb0f3"},"headline":"Comprom\u00eds amb la sostenibilitat: l&#8217;aigua i el futur","datePublished":"2025-01-16T10:20:52+00:00","dateModified":"2025-01-16T10:22:34+00:00","mainEntityOfPage":{"@id":"https:\/\/www.marinapalamos.com\/compromiso-con-la-sostenibilidad-agua-futuro\/"},"wordCount":725,"commentCount":0,"image":{"@id":"https:\/\/www.marinapalamos.com\/compromiso-con-la-sostenibilidad-agua-futuro\/#primaryimage"},"thumbnailUrl":"https:\/\/www.marinapalamos.com\/wp-content\/uploads\/2025\/01\/DESALADORA-BLOG.png","articleSection":["Blog"],"inLanguage":"ca","potentialAction":[{"@type":"CommentAction","name":"Comment","target":["https:\/\/www.marinapalamos.com\/compromiso-con-la-sostenibilidad-agua-futuro\/#respond"]}]},{"@type":"WebPage","@id":"https:\/\/www.marinapalamos.com\/compromiso-con-la-sostenibilidad-agua-futuro\/","url":"https:\/\/www.marinapalamos.com\/compromiso-con-la-sostenibilidad-agua-futuro\/","name":"Comprom\u00eds amb la sostenibilitat: l'aigua i el futur - Marina Palam\u00f3s","isPartOf":{"@id":"https:\/\/www.marinapalamos.com\/#website"},"primaryImageOfPage":{"@id":"https:\/\/www.marinapalamos.com\/compromiso-con-la-sostenibilidad-agua-futuro\/#primaryimage"},"image":{"@id":"https:\/\/www.marinapalamos.com\/compromiso-con-la-sostenibilidad-agua-futuro\/#primaryimage"},"thumbnailUrl":"https:\/\/www.marinapalamos.com\/wp-content\/uploads\/2025\/01\/DESALADORA-BLOG.png","datePublished":"2025-01-16T10:20:52+00:00","dateModified":"2025-01-16T10:22:34+00:00","author":{"@id":"https:\/\/www.marinapalamos.com\/#\/schema\/person\/9604bbc17d32ce2823e8ffc3e3efb0f3"},"description":"Hemos reducido nuestro consumo de agua en m\u00e1s de un 60% implementado soluciones sostenibles como una nueva estaci\u00f3n desaladora 100% renovable","breadcrumb":{"@id":"https:\/\/www.marinapalamos.com\/compromiso-con-la-sostenibilidad-agua-futuro\/#breadcrumb"},"inLanguage":"ca","potentialAction":[{"@type":"ReadAction","target":["https:\/\/www.marinapalamos.com\/compromiso-con-la-sostenibilidad-agua-futuro\/"]}]},{"@type":"ImageObject","inLanguage":"ca","@id":"https:\/\/www.marinapalamos.com\/compromiso-con-la-sostenibilidad-agua-futuro\/#primaryimage","url":"https:\/\/www.marinapalamos.com\/wp-content\/uploads\/2025\/01\/DESALADORA-BLOG.png","contentUrl":"https:\/\/www.marinapalamos.com\/wp-content\/uploads\/2025\/01\/DESALADORA-BLOG.png","width":500,"height":300},{"@type":"BreadcrumbList","@id":"https:\/\/www.marinapalamos.com\/compromiso-con-la-sostenibilidad-agua-futuro\/#breadcrumb","itemListElement":[{"@type":"ListItem","position":1,"name":"Inicio","item":"https:\/\/www.marinapalamos.com\/ca\/"},{"@type":"ListItem","position":2,"name":"Comprom\u00eds amb la sostenibilitat: l&#8217;aigua i el futur"}]},{"@type":"WebSite","@id":"https:\/\/www.marinapalamos.com\/#website","url":"https:\/\/www.marinapalamos.com\/","name":"Marina Palam\u00f3s","description":"Marina Palam\u00f3s","potentialAction":[{"@type":"SearchAction","target":{"@type":"EntryPoint","urlTemplate":"https:\/\/www.marinapalamos.com\/?s={search_term_string}"},"query-input":{"@type":"PropertyValueSpecification","valueRequired":true,"valueName":"search_term_string"}}],"inLanguage":"ca"},{"@type":"Person","@id":"https:\/\/www.marinapalamos.com\/#\/schema\/person\/9604bbc17d32ce2823e8ffc3e3efb0f3","name":"Mauricio","image":{"@type":"ImageObject","inLanguage":"ca","@id":"https:\/\/secure.gravatar.com\/avatar\/66f31716a14ebbbf9d76c4d8a1e5e44ee4b8992044a9034b47ebd0c89cc8c57b?s=96&d=mm&r=g","url":"https:\/\/secure.gravatar.com\/avatar\/66f31716a14ebbbf9d76c4d8a1e5e44ee4b8992044a9034b47ebd0c89cc8c57b?s=96&d=mm&r=g","contentUrl":"https:\/\/secure.gravatar.com\/avatar\/66f31716a14ebbbf9d76c4d8a1e5e44ee4b8992044a9034b47ebd0c89cc8c57b?s=96&d=mm&r=g","caption":"Mauricio"},"url":"https:\/\/www.marinapalamos.com\/ca\/author\/mauricio\/"}]}},"_links":{"self":[{"href":"https:\/\/www.marinapalamos.com\/ca\/wp-json\/wp\/v2\/posts\/6695","targetHints":{"allow":["GET"]}}],"collection":[{"href":"https:\/\/www.marinapalamos.com\/ca\/wp-json\/wp\/v2\/posts"}],"about":[{"href":"https:\/\/www.marinapalamos.com\/ca\/wp-json\/wp\/v2\/types\/post"}],"author":[{"embeddable":true,"href":"https:\/\/www.marinapalamos.com\/ca\/wp-json\/wp\/v2\/users\/5"}],"replies":[{"embeddable":true,"href":"https:\/\/www.marinapalamos.com\/ca\/wp-json\/wp\/v2\/comments?post=6695"}],"version-history":[{"count":3,"href":"https:\/\/www.marinapalamos.com\/ca\/wp-json\/wp\/v2\/posts\/6695\/revisions"}],"predecessor-version":[{"id":6727,"href":"https:\/\/www.marinapalamos.com\/ca\/wp-json\/wp\/v2\/posts\/6695\/revisions\/6727"}],"wp:featuredmedia":[{"embeddable":true,"href":"https:\/\/www.marinapalamos.com\/ca\/wp-json\/wp\/v2\/media\/6698"}],"wp:attachment":[{"href":"https:\/\/www.marinapalamos.com\/ca\/wp-json\/wp\/v2\/media?parent=6695"}],"wp:term":[{"taxonomy":"category","embeddable":true,"href":"https:\/\/www.marinapalamos.com\/ca\/wp-json\/wp\/v2\/categories?post=6695"},{"taxonomy":"post_tag","embeddable":true,"href":"https:\/\/www.marinapalamos.com\/ca\/wp-json\/wp\/v2\/tags?post=6695"}],"curies":[{"name":"wp","href":"https:\/\/api.w.org\/{rel}","templated":true}]}}