{"id":6974,"date":"2025-03-11T10:23:27","date_gmt":"2025-03-11T10:23:27","guid":{"rendered":"https:\/\/www.marinapalamos.com\/?p=6974"},"modified":"2025-03-21T11:33:11","modified_gmt":"2025-03-21T11:33:11","slug":"inauguracio-del-ascensor-panoramic","status":"publish","type":"post","link":"https:\/\/www.marinapalamos.com\/ca\/inauguracio-del-ascensor-panoramic\/","title":{"rendered":"Inauguraci\u00f3 del Ascensor Panor\u00e0mic"},"content":{"rendered":"<div class=\"fusion-fullwidth fullwidth-box fusion-builder-row-1 fusion-flex-container nonhundred-percent-fullwidth non-hundred-percent-height-scrolling\" style=\"--awb-border-radius-top-left:0px;--awb-border-radius-top-right:0px;--awb-border-radius-bottom-right:0px;--awb-border-radius-bottom-left:0px;--awb-flex-wrap:wrap;\" ><div class=\"fusion-builder-row fusion-row fusion-flex-align-items-flex-start fusion-flex-content-wrap\" style=\"max-width:1300px;margin-left: calc(-4% \/ 2 );margin-right: calc(-4% \/ 2 );\"><div class=\"fusion-layout-column fusion_builder_column fusion-builder-column-0 fusion_builder_column_1_1 1_1 fusion-flex-column\" style=\"--awb-bg-size:cover;--awb-width-large:100%;--awb-margin-top-large:0px;--awb-spacing-right-large:1.92%;--awb-margin-bottom-large:20px;--awb-spacing-left-large:1.92%;--awb-width-medium:100%;--awb-order-medium:0;--awb-spacing-right-medium:1.92%;--awb-spacing-left-medium:1.92%;--awb-width-small:100%;--awb-order-small:0;--awb-spacing-right-small:1.92%;--awb-spacing-left-small:1.92%;\"><div class=\"fusion-column-wrapper fusion-column-has-shadow fusion-flex-justify-content-flex-start fusion-content-layout-column\"><div class=\"fusion-text fusion-text-1\" style=\"--awb-text-transform:none;\"><p data-pm-slice=\"1 1 &#091;&#093;\">Lectura: 2.5 min<\/p>\n<p data-pm-slice=\"1 1 &#091;&#093;\">El passat dissabte 8 de mar\u00e7 va tenir lloc <strong>l\u2019acte d\u2019inauguraci\u00f3 i posada en servei del nou ascensor panor\u00e0mic de Palam\u00f3s<\/strong>, una infraestructura clau per millorar l\u2019accessibilitat entre el port i el centre hist\u00f2ric de la ciutat. Aquesta nova connexi\u00f3 facilitar\u00e0 el tr\u00e0nsit de residents i visitants, permetent un acc\u00e9s m\u00e9s c\u00f2mode i fluid entre ambdues zones, especialment per a persones amb mobilitat redu\u00efda, ciclistes i aquells que prefereixin evitar escales o pendents pronunciades.<\/p>\n<p>L\u2019esdeveniment va comptar amb la pres\u00e8ncia de destacades autoritats, encap\u00e7alades per la <strong>consellera de Territori, Habitatge i Transici\u00f3 Ecol\u00f2gica, l\u2019Hble. Sra. S\u00edlvia Paneque<\/strong>, qui va presidir l\u2019acte juntament amb <strong>l\u2019alcalde de Palam\u00f3s, el Sr. Llu\u00eds Puig<\/strong>. Tamb\u00e9 hi van participar el <strong>president i el conseller delegat de Marina Palam\u00f3s, el Sr. Luis Conde i el Sr. Germ\u00e1n Castej\u00f3n<\/strong>, respectivament. Aix\u00ed mateix, hi van assistir el <strong>secretari d\u2019Infraestructures i president de Ports de la Generalitat, el Sr. Manel Nadal<\/strong>, i el <strong>responsable de la zona portu\u00e0ria nord, el Sr. Joan Pere Darbra<\/strong>, subratllant aix\u00ed la import\u00e0ncia d\u2019aquesta nova infraestructura per a la ciutat i el seu entorn.<\/p>\n<p data-start=\"770\" data-end=\"1012\"><img decoding=\"async\" class=\" wp-image-6979 aligncenter\" src=\"https:\/\/www.marinapalamos.com\/wp-content\/uploads\/2025\/03\/ASCENSOR-IMAGEN-BLOG-1-1024x614.png\" alt=\"\" width=\"489\" height=\"293\" srcset=\"https:\/\/www.marinapalamos.com\/wp-content\/uploads\/2025\/03\/ASCENSOR-IMAGEN-BLOG-1-200x120.png 200w, https:\/\/www.marinapalamos.com\/wp-content\/uploads\/2025\/03\/ASCENSOR-IMAGEN-BLOG-1-300x180.png 300w, https:\/\/www.marinapalamos.com\/wp-content\/uploads\/2025\/03\/ASCENSOR-IMAGEN-BLOG-1-400x240.png 400w, https:\/\/www.marinapalamos.com\/wp-content\/uploads\/2025\/03\/ASCENSOR-IMAGEN-BLOG-1-600x360.png 600w, https:\/\/www.marinapalamos.com\/wp-content\/uploads\/2025\/03\/ASCENSOR-IMAGEN-BLOG-1-768x461.png 768w, https:\/\/www.marinapalamos.com\/wp-content\/uploads\/2025\/03\/ASCENSOR-IMAGEN-BLOG-1-800x480.png 800w, https:\/\/www.marinapalamos.com\/wp-content\/uploads\/2025\/03\/ASCENSOR-IMAGEN-BLOG-1-1024x614.png 1024w, https:\/\/www.marinapalamos.com\/wp-content\/uploads\/2025\/03\/ASCENSOR-IMAGEN-BLOG-1-1200x720.png 1200w, https:\/\/www.marinapalamos.com\/wp-content\/uploads\/2025\/03\/ASCENSOR-IMAGEN-BLOG-1.png 1500w\" sizes=\"(max-width: 489px) 100vw, 489px\" \/><\/p>\n<p data-pm-slice=\"1 1 &#091;&#093;\">Despr\u00e9s de la inauguraci\u00f3 oficial, l\u2019equip de direcci\u00f3 del port va organitzar una visita guiada per les instal\u00b7lacions, en qu\u00e8 es va explicar la <strong>visi\u00f3 estrat\u00e8gica de la gesti\u00f3 portu\u00e0ria<\/strong> i les principals accions que s\u2019estan impulsant en diferents \u00e0mbits clau. Entre aquestes, es van destacar els esfor\u00e7os en mat\u00e8ria de <strong>transici\u00f3 energ\u00e8tica<\/strong>, amb iniciatives per millorar l\u2019efici\u00e8ncia i <strong>l\u2019\u00fas d\u2019energies renovables<\/strong>, aix\u00ed com <strong>l\u2019optimitzaci\u00f3 en la gesti\u00f3 h\u00eddrica<\/strong> per a un \u00fas m\u00e9s sostenible del recurs. Tamb\u00e9 es va posar especial \u00e8mfasi en els projectes dedicats a la <strong>protecci\u00f3 i foment de la biodiversitat marina<\/strong>, un comprom\u00eds ferm de Marina Palam\u00f3s amb el medi ambient i la sostenibilitat.<\/p>\n<p data-pm-slice=\"1 1 &#091;&#093;\">Aquest ascensor, <strong>finan\u00e7at \u00edntegrament per Marina Palam\u00f3s dins del seu pla d\u2019integraci\u00f3 port-municipi<\/strong>, representa un pas m\u00e9s en la consolidaci\u00f3 d\u2019un port accessible i plenament integrat en la vida urbana. A m\u00e9s, aquesta actuaci\u00f3 s\u2019emmarca dins de la <strong>planificaci\u00f3 estrat\u00e8gica de Ports de Catalunya, recollida en el pla &#8220;Horitz\u00f3 2030&#8221;<\/strong>, que busca millorar la connectivitat i la sostenibilitat de les infraestructures portu\u00e0ries a tota la regi\u00f3.<\/p>\n<p data-pm-slice=\"1 1 &#091;&#093;\"><strong>L\u2019ascensor panor\u00e0mic \u00e9s d\u2019\u00fas p\u00fablic<\/strong> i el seu horari de funcionament est\u00e0 adaptat a les necessitats dels ciutadans i turistes. De <strong>setembre a maig, operar\u00e0 des de les 07:00 fins a les 22:00<\/strong>, mentre que en els mesos de m\u00e9s aflu\u00e8ncia, <strong>de juny a agost, el seu horari s\u2019ampliar\u00e0 fins a les 02:00 h<\/strong>, facilitant aix\u00ed el tr\u00e0nsit d\u2019aquells que gaudeixen del port i els seus voltants durant les nits d\u2019estiu.<\/p>\n<p>Amb aquesta nova infraestructura, Palam\u00f3s refor\u00e7a el seu comprom\u00eds amb l\u2019accessibilitat, la sostenibilitat i la millora de la qualitat de vida dels seus habitants i visitants, apostant per un model de desenvolupament que combina modernitat i respecte pel seu entorn natural i patrimonial.<\/p>\n<\/div><\/div><\/div><div class=\"fusion-layout-column fusion_builder_column fusion-builder-column-1 fusion_builder_column_1_1 1_1 fusion-flex-column\" style=\"--awb-bg-size:cover;--awb-width-large:100%;--awb-margin-top-large:0px;--awb-spacing-right-large:1.92%;--awb-margin-bottom-large:20px;--awb-spacing-left-large:1.92%;--awb-width-medium:100%;--awb-order-medium:0;--awb-spacing-right-medium:1.92%;--awb-spacing-left-medium:1.92%;--awb-width-small:100%;--awb-order-small:0;--awb-spacing-right-small:1.92%;--awb-spacing-left-small:1.92%;\"><div class=\"fusion-column-wrapper fusion-column-has-shadow fusion-flex-justify-content-flex-start fusion-content-layout-column\"><\/div><\/div><\/div><\/div>\n","protected":false},"excerpt":{"rendered":"","protected":false},"author":5,"featured_media":6977,"comment_status":"open","ping_status":"closed","sticky":false,"template":"","format":"standard","meta":{"_acf_changed":false,"footnotes":""},"categories":[69],"tags":[],"class_list":["post-6974","post","type-post","status-publish","format-standard","has-post-thumbnail","hentry","category-blog-ca"],"acf":[],"yoast_head":"<!-- This site is optimized with the Yoast SEO plugin v27.5 - https:\/\/yoast.com\/product\/yoast-seo-wordpress\/ -->\n<title>Inauguraci\u00f3 del Ascensor Panor\u00e0mic - Marina Palam\u00f3s<\/title>\n<meta name=\"description\" content=\"Nuevo ascensor panor\u00e1mico de Palam\u00f3s, una infraestructura clave para mejorar la accesibilidad entre el puerto y el centro hist\u00f3rico.\" \/>\n<meta name=\"robots\" content=\"index, follow, max-snippet:-1, max-image-preview:large, max-video-preview:-1\" \/>\n<link rel=\"canonical\" href=\"https:\/\/www.marinapalamos.com\/inauguracion-del-ascensor-panoramico\/\" \/>\n<meta property=\"og:locale\" content=\"ca_ES\" \/>\n<meta property=\"og:type\" content=\"article\" \/>\n<meta property=\"og:title\" content=\"Inauguraci\u00f3 del Ascensor Panor\u00e0mic - Marina Palam\u00f3s\" \/>\n<meta property=\"og:description\" content=\"Nuevo ascensor panor\u00e1mico de Palam\u00f3s, una infraestructura clave para mejorar la accesibilidad entre el puerto y el centro hist\u00f3rico.\" \/>\n<meta property=\"og:url\" content=\"https:\/\/www.marinapalamos.com\/inauguracion-del-ascensor-panoramico\/\" \/>\n<meta property=\"og:site_name\" content=\"Marina Palam\u00f3s\" \/>\n<meta property=\"article:published_time\" content=\"2025-03-11T10:23:27+00:00\" \/>\n<meta property=\"article:modified_time\" content=\"2025-03-21T11:33:11+00:00\" \/>\n<meta property=\"og:image\" content=\"https:\/\/www.marinapalamos.com\/wp-content\/uploads\/2025\/03\/ASCENSOR-BLOG-1.png\" \/>\n\t<meta property=\"og:image:width\" content=\"500\" \/>\n\t<meta property=\"og:image:height\" content=\"300\" \/>\n\t<meta property=\"og:image:type\" content=\"image\/png\" \/>\n<meta name=\"author\" content=\"Mauricio\" \/>\n<meta name=\"twitter:card\" content=\"summary_large_image\" \/>\n<meta name=\"twitter:label1\" content=\"Escrit per\" \/>\n\t<meta name=\"twitter:data1\" content=\"Mauricio\" \/>\n\t<meta name=\"twitter:label2\" content=\"Temps estimat de lectura\" \/>\n\t<meta name=\"twitter:data2\" content=\"3 minuts\" \/>\n<script type=\"application\/ld+json\" class=\"yoast-schema-graph\">{\"@context\":\"https:\\\/\\\/schema.org\",\"@graph\":[{\"@type\":\"Article\",\"@id\":\"https:\\\/\\\/www.marinapalamos.com\\\/inauguracion-del-ascensor-panoramico\\\/#article\",\"isPartOf\":{\"@id\":\"https:\\\/\\\/www.marinapalamos.com\\\/inauguracion-del-ascensor-panoramico\\\/\"},\"author\":{\"name\":\"Mauricio\",\"@id\":\"https:\\\/\\\/www.marinapalamos.com\\\/#\\\/schema\\\/person\\\/9604bbc17d32ce2823e8ffc3e3efb0f3\"},\"headline\":\"Inauguraci\u00f3 del Ascensor Panor\u00e0mic\",\"datePublished\":\"2025-03-11T10:23:27+00:00\",\"dateModified\":\"2025-03-21T11:33:11+00:00\",\"mainEntityOfPage\":{\"@id\":\"https:\\\/\\\/www.marinapalamos.com\\\/inauguracion-del-ascensor-panoramico\\\/\"},\"wordCount\":1038,\"commentCount\":0,\"image\":{\"@id\":\"https:\\\/\\\/www.marinapalamos.com\\\/inauguracion-del-ascensor-panoramico\\\/#primaryimage\"},\"thumbnailUrl\":\"https:\\\/\\\/www.marinapalamos.com\\\/wp-content\\\/uploads\\\/2025\\\/03\\\/ASCENSOR-BLOG-1.png\",\"articleSection\":[\"Blog\"],\"inLanguage\":\"ca\",\"potentialAction\":[{\"@type\":\"CommentAction\",\"name\":\"Comment\",\"target\":[\"https:\\\/\\\/www.marinapalamos.com\\\/inauguracion-del-ascensor-panoramico\\\/#respond\"]}]},{\"@type\":\"WebPage\",\"@id\":\"https:\\\/\\\/www.marinapalamos.com\\\/inauguracion-del-ascensor-panoramico\\\/\",\"url\":\"https:\\\/\\\/www.marinapalamos.com\\\/inauguracion-del-ascensor-panoramico\\\/\",\"name\":\"Inauguraci\u00f3 del Ascensor Panor\u00e0mic - Marina Palam\u00f3s\",\"isPartOf\":{\"@id\":\"https:\\\/\\\/www.marinapalamos.com\\\/#website\"},\"primaryImageOfPage\":{\"@id\":\"https:\\\/\\\/www.marinapalamos.com\\\/inauguracion-del-ascensor-panoramico\\\/#primaryimage\"},\"image\":{\"@id\":\"https:\\\/\\\/www.marinapalamos.com\\\/inauguracion-del-ascensor-panoramico\\\/#primaryimage\"},\"thumbnailUrl\":\"https:\\\/\\\/www.marinapalamos.com\\\/wp-content\\\/uploads\\\/2025\\\/03\\\/ASCENSOR-BLOG-1.png\",\"datePublished\":\"2025-03-11T10:23:27+00:00\",\"dateModified\":\"2025-03-21T11:33:11+00:00\",\"author\":{\"@id\":\"https:\\\/\\\/www.marinapalamos.com\\\/#\\\/schema\\\/person\\\/9604bbc17d32ce2823e8ffc3e3efb0f3\"},\"description\":\"Nuevo ascensor panor\u00e1mico de Palam\u00f3s, una infraestructura clave para mejorar la accesibilidad entre el puerto y el centro hist\u00f3rico.\",\"breadcrumb\":{\"@id\":\"https:\\\/\\\/www.marinapalamos.com\\\/inauguracion-del-ascensor-panoramico\\\/#breadcrumb\"},\"inLanguage\":\"ca\",\"potentialAction\":[{\"@type\":\"ReadAction\",\"target\":[\"https:\\\/\\\/www.marinapalamos.com\\\/inauguracion-del-ascensor-panoramico\\\/\"]}]},{\"@type\":\"ImageObject\",\"inLanguage\":\"ca\",\"@id\":\"https:\\\/\\\/www.marinapalamos.com\\\/inauguracion-del-ascensor-panoramico\\\/#primaryimage\",\"url\":\"https:\\\/\\\/www.marinapalamos.com\\\/wp-content\\\/uploads\\\/2025\\\/03\\\/ASCENSOR-BLOG-1.png\",\"contentUrl\":\"https:\\\/\\\/www.marinapalamos.com\\\/wp-content\\\/uploads\\\/2025\\\/03\\\/ASCENSOR-BLOG-1.png\",\"width\":500,\"height\":300},{\"@type\":\"BreadcrumbList\",\"@id\":\"https:\\\/\\\/www.marinapalamos.com\\\/inauguracion-del-ascensor-panoramico\\\/#breadcrumb\",\"itemListElement\":[{\"@type\":\"ListItem\",\"position\":1,\"name\":\"Inicio\",\"item\":\"https:\\\/\\\/www.marinapalamos.com\\\/ca\\\/\"},{\"@type\":\"ListItem\",\"position\":2,\"name\":\"Inauguraci\u00f3 del Ascensor Panor\u00e0mic\"}]},{\"@type\":\"WebSite\",\"@id\":\"https:\\\/\\\/www.marinapalamos.com\\\/#website\",\"url\":\"https:\\\/\\\/www.marinapalamos.com\\\/\",\"name\":\"Marina Palam\u00f3s\",\"description\":\"Marina Palam\u00f3s\",\"potentialAction\":[{\"@type\":\"SearchAction\",\"target\":{\"@type\":\"EntryPoint\",\"urlTemplate\":\"https:\\\/\\\/www.marinapalamos.com\\\/?s={search_term_string}\"},\"query-input\":{\"@type\":\"PropertyValueSpecification\",\"valueRequired\":true,\"valueName\":\"search_term_string\"}}],\"inLanguage\":\"ca\"},{\"@type\":\"Person\",\"@id\":\"https:\\\/\\\/www.marinapalamos.com\\\/#\\\/schema\\\/person\\\/9604bbc17d32ce2823e8ffc3e3efb0f3\",\"name\":\"Mauricio\",\"image\":{\"@type\":\"ImageObject\",\"inLanguage\":\"ca\",\"@id\":\"https:\\\/\\\/secure.gravatar.com\\\/avatar\\\/66f31716a14ebbbf9d76c4d8a1e5e44ee4b8992044a9034b47ebd0c89cc8c57b?s=96&d=mm&r=g\",\"url\":\"https:\\\/\\\/secure.gravatar.com\\\/avatar\\\/66f31716a14ebbbf9d76c4d8a1e5e44ee4b8992044a9034b47ebd0c89cc8c57b?s=96&d=mm&r=g\",\"contentUrl\":\"https:\\\/\\\/secure.gravatar.com\\\/avatar\\\/66f31716a14ebbbf9d76c4d8a1e5e44ee4b8992044a9034b47ebd0c89cc8c57b?s=96&d=mm&r=g\",\"caption\":\"Mauricio\"},\"url\":\"https:\\\/\\\/www.marinapalamos.com\\\/ca\\\/author\\\/mauricio\\\/\"}]}<\/script>\n<!-- \/ Yoast SEO plugin. -->","yoast_head_json":{"title":"Inauguraci\u00f3 del Ascensor Panor\u00e0mic - Marina Palam\u00f3s","description":"Nuevo ascensor panor\u00e1mico de Palam\u00f3s, una infraestructura clave para mejorar la accesibilidad entre el puerto y el centro hist\u00f3rico.","robots":{"index":"index","follow":"follow","max-snippet":"max-snippet:-1","max-image-preview":"max-image-preview:large","max-video-preview":"max-video-preview:-1"},"canonical":"https:\/\/www.marinapalamos.com\/inauguracion-del-ascensor-panoramico\/","og_locale":"ca_ES","og_type":"article","og_title":"Inauguraci\u00f3 del Ascensor Panor\u00e0mic - Marina Palam\u00f3s","og_description":"Nuevo ascensor panor\u00e1mico de Palam\u00f3s, una infraestructura clave para mejorar la accesibilidad entre el puerto y el centro hist\u00f3rico.","og_url":"https:\/\/www.marinapalamos.com\/inauguracion-del-ascensor-panoramico\/","og_site_name":"Marina Palam\u00f3s","article_published_time":"2025-03-11T10:23:27+00:00","article_modified_time":"2025-03-21T11:33:11+00:00","og_image":[{"width":500,"height":300,"url":"https:\/\/www.marinapalamos.com\/wp-content\/uploads\/2025\/03\/ASCENSOR-BLOG-1.png","type":"image\/png"}],"author":"Mauricio","twitter_card":"summary_large_image","twitter_misc":{"Escrit per":"Mauricio","Temps estimat de lectura":"3 minuts"},"schema":{"@context":"https:\/\/schema.org","@graph":[{"@type":"Article","@id":"https:\/\/www.marinapalamos.com\/inauguracion-del-ascensor-panoramico\/#article","isPartOf":{"@id":"https:\/\/www.marinapalamos.com\/inauguracion-del-ascensor-panoramico\/"},"author":{"name":"Mauricio","@id":"https:\/\/www.marinapalamos.com\/#\/schema\/person\/9604bbc17d32ce2823e8ffc3e3efb0f3"},"headline":"Inauguraci\u00f3 del Ascensor Panor\u00e0mic","datePublished":"2025-03-11T10:23:27+00:00","dateModified":"2025-03-21T11:33:11+00:00","mainEntityOfPage":{"@id":"https:\/\/www.marinapalamos.com\/inauguracion-del-ascensor-panoramico\/"},"wordCount":1038,"commentCount":0,"image":{"@id":"https:\/\/www.marinapalamos.com\/inauguracion-del-ascensor-panoramico\/#primaryimage"},"thumbnailUrl":"https:\/\/www.marinapalamos.com\/wp-content\/uploads\/2025\/03\/ASCENSOR-BLOG-1.png","articleSection":["Blog"],"inLanguage":"ca","potentialAction":[{"@type":"CommentAction","name":"Comment","target":["https:\/\/www.marinapalamos.com\/inauguracion-del-ascensor-panoramico\/#respond"]}]},{"@type":"WebPage","@id":"https:\/\/www.marinapalamos.com\/inauguracion-del-ascensor-panoramico\/","url":"https:\/\/www.marinapalamos.com\/inauguracion-del-ascensor-panoramico\/","name":"Inauguraci\u00f3 del Ascensor Panor\u00e0mic - Marina Palam\u00f3s","isPartOf":{"@id":"https:\/\/www.marinapalamos.com\/#website"},"primaryImageOfPage":{"@id":"https:\/\/www.marinapalamos.com\/inauguracion-del-ascensor-panoramico\/#primaryimage"},"image":{"@id":"https:\/\/www.marinapalamos.com\/inauguracion-del-ascensor-panoramico\/#primaryimage"},"thumbnailUrl":"https:\/\/www.marinapalamos.com\/wp-content\/uploads\/2025\/03\/ASCENSOR-BLOG-1.png","datePublished":"2025-03-11T10:23:27+00:00","dateModified":"2025-03-21T11:33:11+00:00","author":{"@id":"https:\/\/www.marinapalamos.com\/#\/schema\/person\/9604bbc17d32ce2823e8ffc3e3efb0f3"},"description":"Nuevo ascensor panor\u00e1mico de Palam\u00f3s, una infraestructura clave para mejorar la accesibilidad entre el puerto y el centro hist\u00f3rico.","breadcrumb":{"@id":"https:\/\/www.marinapalamos.com\/inauguracion-del-ascensor-panoramico\/#breadcrumb"},"inLanguage":"ca","potentialAction":[{"@type":"ReadAction","target":["https:\/\/www.marinapalamos.com\/inauguracion-del-ascensor-panoramico\/"]}]},{"@type":"ImageObject","inLanguage":"ca","@id":"https:\/\/www.marinapalamos.com\/inauguracion-del-ascensor-panoramico\/#primaryimage","url":"https:\/\/www.marinapalamos.com\/wp-content\/uploads\/2025\/03\/ASCENSOR-BLOG-1.png","contentUrl":"https:\/\/www.marinapalamos.com\/wp-content\/uploads\/2025\/03\/ASCENSOR-BLOG-1.png","width":500,"height":300},{"@type":"BreadcrumbList","@id":"https:\/\/www.marinapalamos.com\/inauguracion-del-ascensor-panoramico\/#breadcrumb","itemListElement":[{"@type":"ListItem","position":1,"name":"Inicio","item":"https:\/\/www.marinapalamos.com\/ca\/"},{"@type":"ListItem","position":2,"name":"Inauguraci\u00f3 del Ascensor Panor\u00e0mic"}]},{"@type":"WebSite","@id":"https:\/\/www.marinapalamos.com\/#website","url":"https:\/\/www.marinapalamos.com\/","name":"Marina Palam\u00f3s","description":"Marina Palam\u00f3s","potentialAction":[{"@type":"SearchAction","target":{"@type":"EntryPoint","urlTemplate":"https:\/\/www.marinapalamos.com\/?s={search_term_string}"},"query-input":{"@type":"PropertyValueSpecification","valueRequired":true,"valueName":"search_term_string"}}],"inLanguage":"ca"},{"@type":"Person","@id":"https:\/\/www.marinapalamos.com\/#\/schema\/person\/9604bbc17d32ce2823e8ffc3e3efb0f3","name":"Mauricio","image":{"@type":"ImageObject","inLanguage":"ca","@id":"https:\/\/secure.gravatar.com\/avatar\/66f31716a14ebbbf9d76c4d8a1e5e44ee4b8992044a9034b47ebd0c89cc8c57b?s=96&d=mm&r=g","url":"https:\/\/secure.gravatar.com\/avatar\/66f31716a14ebbbf9d76c4d8a1e5e44ee4b8992044a9034b47ebd0c89cc8c57b?s=96&d=mm&r=g","contentUrl":"https:\/\/secure.gravatar.com\/avatar\/66f31716a14ebbbf9d76c4d8a1e5e44ee4b8992044a9034b47ebd0c89cc8c57b?s=96&d=mm&r=g","caption":"Mauricio"},"url":"https:\/\/www.marinapalamos.com\/ca\/author\/mauricio\/"}]}},"_links":{"self":[{"href":"https:\/\/www.marinapalamos.com\/ca\/wp-json\/wp\/v2\/posts\/6974","targetHints":{"allow":["GET"]}}],"collection":[{"href":"https:\/\/www.marinapalamos.com\/ca\/wp-json\/wp\/v2\/posts"}],"about":[{"href":"https:\/\/www.marinapalamos.com\/ca\/wp-json\/wp\/v2\/types\/post"}],"author":[{"embeddable":true,"href":"https:\/\/www.marinapalamos.com\/ca\/wp-json\/wp\/v2\/users\/5"}],"replies":[{"embeddable":true,"href":"https:\/\/www.marinapalamos.com\/ca\/wp-json\/wp\/v2\/comments?post=6974"}],"version-history":[{"count":3,"href":"https:\/\/www.marinapalamos.com\/ca\/wp-json\/wp\/v2\/posts\/6974\/revisions"}],"predecessor-version":[{"id":7075,"href":"https:\/\/www.marinapalamos.com\/ca\/wp-json\/wp\/v2\/posts\/6974\/revisions\/7075"}],"wp:featuredmedia":[{"embeddable":true,"href":"https:\/\/www.marinapalamos.com\/ca\/wp-json\/wp\/v2\/media\/6977"}],"wp:attachment":[{"href":"https:\/\/www.marinapalamos.com\/ca\/wp-json\/wp\/v2\/media?parent=6974"}],"wp:term":[{"taxonomy":"category","embeddable":true,"href":"https:\/\/www.marinapalamos.com\/ca\/wp-json\/wp\/v2\/categories?post=6974"},{"taxonomy":"post_tag","embeddable":true,"href":"https:\/\/www.marinapalamos.com\/ca\/wp-json\/wp\/v2\/tags?post=6974"}],"curies":[{"name":"wp","href":"https:\/\/api.w.org\/{rel}","templated":true}]}}