{"id":7013,"date":"2025-03-14T09:33:45","date_gmt":"2025-03-14T09:33:45","guid":{"rendered":"https:\/\/www.marinapalamos.com\/?p=7013"},"modified":"2025-03-21T11:36:15","modified_gmt":"2025-03-21T11:36:15","slug":"nova-camera-en-temps-real-al-micro-escull-de-la-bocana","status":"publish","type":"post","link":"https:\/\/www.marinapalamos.com\/ca\/nova-camera-en-temps-real-al-micro-escull-de-la-bocana\/","title":{"rendered":"Nova c\u00e0mera en temps real al micro escull de la bocana"},"content":{"rendered":"<div class=\"fusion-fullwidth fullwidth-box fusion-builder-row-1 fusion-flex-container nonhundred-percent-fullwidth non-hundred-percent-height-scrolling\" style=\"--awb-border-radius-top-left:0px;--awb-border-radius-top-right:0px;--awb-border-radius-bottom-right:0px;--awb-border-radius-bottom-left:0px;--awb-flex-wrap:wrap;\" ><div class=\"fusion-builder-row fusion-row fusion-flex-align-items-flex-start fusion-flex-content-wrap\" style=\"max-width:1300px;margin-left: calc(-4% \/ 2 );margin-right: calc(-4% \/ 2 );\"><div class=\"fusion-layout-column fusion_builder_column fusion-builder-column-0 fusion_builder_column_1_1 1_1 fusion-flex-column\" style=\"--awb-bg-size:cover;--awb-width-large:100%;--awb-margin-top-large:0px;--awb-spacing-right-large:1.92%;--awb-margin-bottom-large:20px;--awb-spacing-left-large:1.92%;--awb-width-medium:100%;--awb-order-medium:0;--awb-spacing-right-medium:1.92%;--awb-spacing-left-medium:1.92%;--awb-width-small:100%;--awb-order-small:0;--awb-spacing-right-small:1.92%;--awb-spacing-left-small:1.92%;\"><div class=\"fusion-column-wrapper fusion-column-has-shadow fusion-flex-justify-content-flex-start fusion-content-layout-column\"><div class=\"fusion-text fusion-text-1\" style=\"--awb-text-transform:none;\"><p data-pm-slice=\"1 1 &#091;&#093;\">Lectura: 1.5min<\/p>\n<p data-pm-slice=\"1 1 &#091;&#093;\">A Marina Palam\u00f3s seguim avan\u00e7ant en el nostre <strong>comprom\u00eds amb la sostenibilitat i la innovaci\u00f3.<\/strong> Ara, gr\u00e0cies a la col\u00b7laboraci\u00f3 amb <strong>OceanEcoestructures i SARTI-UPC<\/strong>, hem instal\u00b7lat una c\u00e0mera en temps real que permet observar en directe el micro escull situat a la bocana del port. Aquesta iniciativa ofereix una finestra \u00fanica al fons mar\u00ed i permet seguir en detall el proc\u00e9s de regeneraci\u00f3 de la biodiversitat marina.<\/p>\n<h3 data-pm-slice=\"1 1 &#091;&#093;\">Innovaci\u00f3 per a la regeneraci\u00f3 de l&#8217;ecosistema mar\u00ed<\/h3>\n<p data-pm-slice=\"1 1 &#091;&#093;\">La c\u00e0mera instal\u00b7lada t\u00e9 com a objectiu principal monitoritzar el comportament del material innovador desenvolupat per SEASLAG, un projecte d&#8217;investigaci\u00f3 que explora noves solucions per a la regeneraci\u00f3 marina. A partir de subproductes de les ind\u00fastries sider\u00fargica i agroaliment\u00e0ria, SEASLAG treballa en la creaci\u00f3 d&#8217;estructures biomim\u00e8tiques que afavoreixin la repoblaci\u00f3 d&#8217;esp\u00e8cies marines en entorns degradats.<\/p>\n<p>Un dels aspectes m\u00e9s interessants d&#8217;aquesta investigaci\u00f3 \u00e9s la valoritzaci\u00f3 de residus industrials com l&#8217;esc\u00f2ria blanca, les closques de bivalves i les closques d&#8217;ou. Aquests materials, que en moltes ocasions acaben com a deixalles, troben una nova utilitat en el medi mar\u00ed, servint com a base per a la formaci\u00f3 de nous ecosistemes.<\/p>\n<p data-start=\"770\" data-end=\"1012\"><img decoding=\"async\" class=\" wp-image-7018 aligncenter\" src=\"https:\/\/www.marinapalamos.com\/wp-content\/uploads\/2025\/03\/WEBCAM-LBUs-IMAGEN-BLOG-1024x614.png\" alt=\"\" width=\"502\" height=\"301\" srcset=\"https:\/\/www.marinapalamos.com\/wp-content\/uploads\/2025\/03\/WEBCAM-LBUs-IMAGEN-BLOG-200x120.png 200w, https:\/\/www.marinapalamos.com\/wp-content\/uploads\/2025\/03\/WEBCAM-LBUs-IMAGEN-BLOG-300x180.png 300w, https:\/\/www.marinapalamos.com\/wp-content\/uploads\/2025\/03\/WEBCAM-LBUs-IMAGEN-BLOG-400x240.png 400w, https:\/\/www.marinapalamos.com\/wp-content\/uploads\/2025\/03\/WEBCAM-LBUs-IMAGEN-BLOG-600x360.png 600w, https:\/\/www.marinapalamos.com\/wp-content\/uploads\/2025\/03\/WEBCAM-LBUs-IMAGEN-BLOG-768x461.png 768w, https:\/\/www.marinapalamos.com\/wp-content\/uploads\/2025\/03\/WEBCAM-LBUs-IMAGEN-BLOG-800x480.png 800w, https:\/\/www.marinapalamos.com\/wp-content\/uploads\/2025\/03\/WEBCAM-LBUs-IMAGEN-BLOG-1024x614.png 1024w, https:\/\/www.marinapalamos.com\/wp-content\/uploads\/2025\/03\/WEBCAM-LBUs-IMAGEN-BLOG-1200x720.png 1200w, https:\/\/www.marinapalamos.com\/wp-content\/uploads\/2025\/03\/WEBCAM-LBUs-IMAGEN-BLOG.png 1500w\" sizes=\"(max-width: 502px) 100vw, 502px\" \/><\/p>\n<h3 data-pm-slice=\"1 1 &#091;&#093;\">Observaci\u00f3 i an\u00e0lisi de la biodiversitat<\/h3>\n<p>La instal\u00b7laci\u00f3 de la c\u00e0mera permet seguir en temps real la colonitzaci\u00f3 d&#8217;aquestes estructures per part de diverses esp\u00e8cies marines. Amb l&#8217;ajuda de models d&#8217;intel\u00b7lig\u00e8ncia artificial, es poden identificar i classificar les esp\u00e8cies que habiten el micro escull, optimitzant aix\u00ed l&#8217;an\u00e0lisi de la biodiversitat i proporcionant dades valuoses per a la investigaci\u00f3 cient\u00edfica.<\/p>\n<p>Aquest tipus de tecnologia no nom\u00e9s millora el nostre coneixement sobre la regeneraci\u00f3 marina, sin\u00f3 que tamb\u00e9 permet sensibilitzar la comunitat sobre la import\u00e0ncia de protegir els ecosistemes submarins.<\/p>\n<p><img decoding=\"async\" draggable=\"false\" role=\"img\" class=\"emoji\" alt=\"\ud83d\udd17\" src=\"https:\/\/s.w.org\/images\/core\/emoji\/15.0.3\/svg\/1f517.svg\"> <strong>Accedeix a la transmissi\u00f3 en directe i descobreix la vida al micro escull:<\/strong> <a href=\"https:\/\/www.youtube.com\/watch?v=LxInTsxK97g\">Veure la webcam<\/a><\/p>\n<p>A Marina Palam\u00f3s seguim apostant per la innovaci\u00f3 i la sostenibilitat, col\u00b7laborant amb projectes que busquen solucions reals per a la conservaci\u00f3 del medi mar\u00ed.<\/p>\n<\/div><\/div><\/div><div class=\"fusion-layout-column fusion_builder_column fusion-builder-column-1 fusion_builder_column_1_1 1_1 fusion-flex-column\" style=\"--awb-bg-size:cover;--awb-width-large:100%;--awb-margin-top-large:0px;--awb-spacing-right-large:1.92%;--awb-margin-bottom-large:20px;--awb-spacing-left-large:1.92%;--awb-width-medium:100%;--awb-order-medium:0;--awb-spacing-right-medium:1.92%;--awb-spacing-left-medium:1.92%;--awb-width-small:100%;--awb-order-small:0;--awb-spacing-right-small:1.92%;--awb-spacing-left-small:1.92%;\"><div class=\"fusion-column-wrapper fusion-column-has-shadow fusion-flex-justify-content-flex-start fusion-content-layout-column\"><\/div><\/div><\/div><\/div>\n","protected":false},"excerpt":{"rendered":"","protected":false},"author":5,"featured_media":7016,"comment_status":"open","ping_status":"closed","sticky":false,"template":"","format":"standard","meta":{"_acf_changed":false,"footnotes":""},"categories":[69],"tags":[],"class_list":["post-7013","post","type-post","status-publish","format-standard","has-post-thumbnail","hentry","category-blog-ca"],"acf":[],"yoast_head":"<!-- This site is optimized with the Yoast SEO plugin v27.5 - https:\/\/yoast.com\/product\/yoast-seo-wordpress\/ -->\n<title>Nova c\u00e0mera en temps real al micro escull de la bocana - Marina Palam\u00f3s<\/title>\n<meta name=\"description\" content=\"Observa en directo la regeneraci\u00f3n del ecosistema con la nueva webcam del microarrecife de Marina Palam\u00f3s.\" \/>\n<meta name=\"robots\" content=\"index, follow, max-snippet:-1, max-image-preview:large, max-video-preview:-1\" \/>\n<link rel=\"canonical\" href=\"https:\/\/www.marinapalamos.com\/nueva-camara-en-tiempo-real-en-el-microarrecife-de-la-bocana\/\" \/>\n<meta property=\"og:locale\" content=\"ca_ES\" \/>\n<meta property=\"og:type\" content=\"article\" \/>\n<meta property=\"og:title\" content=\"Nova c\u00e0mera en temps real al micro escull de la bocana - Marina Palam\u00f3s\" \/>\n<meta property=\"og:description\" content=\"Observa en directo la regeneraci\u00f3n del ecosistema con la nueva webcam del microarrecife de Marina Palam\u00f3s.\" \/>\n<meta property=\"og:url\" content=\"https:\/\/www.marinapalamos.com\/nueva-camara-en-tiempo-real-en-el-microarrecife-de-la-bocana\/\" \/>\n<meta property=\"og:site_name\" content=\"Marina Palam\u00f3s\" \/>\n<meta property=\"article:published_time\" content=\"2025-03-14T09:33:45+00:00\" \/>\n<meta property=\"article:modified_time\" content=\"2025-03-21T11:36:15+00:00\" \/>\n<meta property=\"og:image\" content=\"https:\/\/www.marinapalamos.com\/wp-content\/uploads\/2025\/03\/WEBCAM-LBUs-BLOG.png\" \/>\n\t<meta property=\"og:image:width\" content=\"500\" \/>\n\t<meta property=\"og:image:height\" content=\"300\" \/>\n\t<meta property=\"og:image:type\" content=\"image\/png\" \/>\n<meta name=\"author\" content=\"Mauricio\" \/>\n<meta name=\"twitter:card\" content=\"summary_large_image\" \/>\n<meta name=\"twitter:label1\" content=\"Escrit per\" \/>\n\t<meta name=\"twitter:data1\" content=\"Mauricio\" \/>\n\t<meta name=\"twitter:label2\" content=\"Temps estimat de lectura\" \/>\n\t<meta name=\"twitter:data2\" content=\"2 minuts\" \/>\n<script type=\"application\/ld+json\" class=\"yoast-schema-graph\">{\"@context\":\"https:\\\/\\\/schema.org\",\"@graph\":[{\"@type\":\"Article\",\"@id\":\"https:\\\/\\\/www.marinapalamos.com\\\/nueva-camara-en-tiempo-real-en-el-microarrecife-de-la-bocana\\\/#article\",\"isPartOf\":{\"@id\":\"https:\\\/\\\/www.marinapalamos.com\\\/nueva-camara-en-tiempo-real-en-el-microarrecife-de-la-bocana\\\/\"},\"author\":{\"name\":\"Mauricio\",\"@id\":\"https:\\\/\\\/www.marinapalamos.com\\\/#\\\/schema\\\/person\\\/9604bbc17d32ce2823e8ffc3e3efb0f3\"},\"headline\":\"Nova c\u00e0mera en temps real al micro escull de la bocana\",\"datePublished\":\"2025-03-14T09:33:45+00:00\",\"dateModified\":\"2025-03-21T11:36:15+00:00\",\"mainEntityOfPage\":{\"@id\":\"https:\\\/\\\/www.marinapalamos.com\\\/nueva-camara-en-tiempo-real-en-el-microarrecife-de-la-bocana\\\/\"},\"wordCount\":865,\"commentCount\":0,\"image\":{\"@id\":\"https:\\\/\\\/www.marinapalamos.com\\\/nueva-camara-en-tiempo-real-en-el-microarrecife-de-la-bocana\\\/#primaryimage\"},\"thumbnailUrl\":\"https:\\\/\\\/www.marinapalamos.com\\\/wp-content\\\/uploads\\\/2025\\\/03\\\/WEBCAM-LBUs-BLOG.png\",\"articleSection\":[\"Blog\"],\"inLanguage\":\"ca\",\"potentialAction\":[{\"@type\":\"CommentAction\",\"name\":\"Comment\",\"target\":[\"https:\\\/\\\/www.marinapalamos.com\\\/nueva-camara-en-tiempo-real-en-el-microarrecife-de-la-bocana\\\/#respond\"]}]},{\"@type\":\"WebPage\",\"@id\":\"https:\\\/\\\/www.marinapalamos.com\\\/nueva-camara-en-tiempo-real-en-el-microarrecife-de-la-bocana\\\/\",\"url\":\"https:\\\/\\\/www.marinapalamos.com\\\/nueva-camara-en-tiempo-real-en-el-microarrecife-de-la-bocana\\\/\",\"name\":\"Nova c\u00e0mera en temps real al micro escull de la bocana - Marina Palam\u00f3s\",\"isPartOf\":{\"@id\":\"https:\\\/\\\/www.marinapalamos.com\\\/#website\"},\"primaryImageOfPage\":{\"@id\":\"https:\\\/\\\/www.marinapalamos.com\\\/nueva-camara-en-tiempo-real-en-el-microarrecife-de-la-bocana\\\/#primaryimage\"},\"image\":{\"@id\":\"https:\\\/\\\/www.marinapalamos.com\\\/nueva-camara-en-tiempo-real-en-el-microarrecife-de-la-bocana\\\/#primaryimage\"},\"thumbnailUrl\":\"https:\\\/\\\/www.marinapalamos.com\\\/wp-content\\\/uploads\\\/2025\\\/03\\\/WEBCAM-LBUs-BLOG.png\",\"datePublished\":\"2025-03-14T09:33:45+00:00\",\"dateModified\":\"2025-03-21T11:36:15+00:00\",\"author\":{\"@id\":\"https:\\\/\\\/www.marinapalamos.com\\\/#\\\/schema\\\/person\\\/9604bbc17d32ce2823e8ffc3e3efb0f3\"},\"description\":\"Observa en directo la regeneraci\u00f3n del ecosistema con la nueva webcam del microarrecife de Marina Palam\u00f3s.\",\"breadcrumb\":{\"@id\":\"https:\\\/\\\/www.marinapalamos.com\\\/nueva-camara-en-tiempo-real-en-el-microarrecife-de-la-bocana\\\/#breadcrumb\"},\"inLanguage\":\"ca\",\"potentialAction\":[{\"@type\":\"ReadAction\",\"target\":[\"https:\\\/\\\/www.marinapalamos.com\\\/nueva-camara-en-tiempo-real-en-el-microarrecife-de-la-bocana\\\/\"]}]},{\"@type\":\"ImageObject\",\"inLanguage\":\"ca\",\"@id\":\"https:\\\/\\\/www.marinapalamos.com\\\/nueva-camara-en-tiempo-real-en-el-microarrecife-de-la-bocana\\\/#primaryimage\",\"url\":\"https:\\\/\\\/www.marinapalamos.com\\\/wp-content\\\/uploads\\\/2025\\\/03\\\/WEBCAM-LBUs-BLOG.png\",\"contentUrl\":\"https:\\\/\\\/www.marinapalamos.com\\\/wp-content\\\/uploads\\\/2025\\\/03\\\/WEBCAM-LBUs-BLOG.png\",\"width\":500,\"height\":300},{\"@type\":\"BreadcrumbList\",\"@id\":\"https:\\\/\\\/www.marinapalamos.com\\\/nueva-camara-en-tiempo-real-en-el-microarrecife-de-la-bocana\\\/#breadcrumb\",\"itemListElement\":[{\"@type\":\"ListItem\",\"position\":1,\"name\":\"Inicio\",\"item\":\"https:\\\/\\\/www.marinapalamos.com\\\/ca\\\/\"},{\"@type\":\"ListItem\",\"position\":2,\"name\":\"Nova c\u00e0mera en temps real al micro escull de la bocana\"}]},{\"@type\":\"WebSite\",\"@id\":\"https:\\\/\\\/www.marinapalamos.com\\\/#website\",\"url\":\"https:\\\/\\\/www.marinapalamos.com\\\/\",\"name\":\"Marina Palam\u00f3s\",\"description\":\"Marina Palam\u00f3s\",\"potentialAction\":[{\"@type\":\"SearchAction\",\"target\":{\"@type\":\"EntryPoint\",\"urlTemplate\":\"https:\\\/\\\/www.marinapalamos.com\\\/?s={search_term_string}\"},\"query-input\":{\"@type\":\"PropertyValueSpecification\",\"valueRequired\":true,\"valueName\":\"search_term_string\"}}],\"inLanguage\":\"ca\"},{\"@type\":\"Person\",\"@id\":\"https:\\\/\\\/www.marinapalamos.com\\\/#\\\/schema\\\/person\\\/9604bbc17d32ce2823e8ffc3e3efb0f3\",\"name\":\"Mauricio\",\"image\":{\"@type\":\"ImageObject\",\"inLanguage\":\"ca\",\"@id\":\"https:\\\/\\\/secure.gravatar.com\\\/avatar\\\/66f31716a14ebbbf9d76c4d8a1e5e44ee4b8992044a9034b47ebd0c89cc8c57b?s=96&d=mm&r=g\",\"url\":\"https:\\\/\\\/secure.gravatar.com\\\/avatar\\\/66f31716a14ebbbf9d76c4d8a1e5e44ee4b8992044a9034b47ebd0c89cc8c57b?s=96&d=mm&r=g\",\"contentUrl\":\"https:\\\/\\\/secure.gravatar.com\\\/avatar\\\/66f31716a14ebbbf9d76c4d8a1e5e44ee4b8992044a9034b47ebd0c89cc8c57b?s=96&d=mm&r=g\",\"caption\":\"Mauricio\"},\"url\":\"https:\\\/\\\/www.marinapalamos.com\\\/ca\\\/author\\\/mauricio\\\/\"}]}<\/script>\n<!-- \/ Yoast SEO plugin. -->","yoast_head_json":{"title":"Nova c\u00e0mera en temps real al micro escull de la bocana - Marina Palam\u00f3s","description":"Observa en directo la regeneraci\u00f3n del ecosistema con la nueva webcam del microarrecife de Marina Palam\u00f3s.","robots":{"index":"index","follow":"follow","max-snippet":"max-snippet:-1","max-image-preview":"max-image-preview:large","max-video-preview":"max-video-preview:-1"},"canonical":"https:\/\/www.marinapalamos.com\/nueva-camara-en-tiempo-real-en-el-microarrecife-de-la-bocana\/","og_locale":"ca_ES","og_type":"article","og_title":"Nova c\u00e0mera en temps real al micro escull de la bocana - Marina Palam\u00f3s","og_description":"Observa en directo la regeneraci\u00f3n del ecosistema con la nueva webcam del microarrecife de Marina Palam\u00f3s.","og_url":"https:\/\/www.marinapalamos.com\/nueva-camara-en-tiempo-real-en-el-microarrecife-de-la-bocana\/","og_site_name":"Marina Palam\u00f3s","article_published_time":"2025-03-14T09:33:45+00:00","article_modified_time":"2025-03-21T11:36:15+00:00","og_image":[{"width":500,"height":300,"url":"https:\/\/www.marinapalamos.com\/wp-content\/uploads\/2025\/03\/WEBCAM-LBUs-BLOG.png","type":"image\/png"}],"author":"Mauricio","twitter_card":"summary_large_image","twitter_misc":{"Escrit per":"Mauricio","Temps estimat de lectura":"2 minuts"},"schema":{"@context":"https:\/\/schema.org","@graph":[{"@type":"Article","@id":"https:\/\/www.marinapalamos.com\/nueva-camara-en-tiempo-real-en-el-microarrecife-de-la-bocana\/#article","isPartOf":{"@id":"https:\/\/www.marinapalamos.com\/nueva-camara-en-tiempo-real-en-el-microarrecife-de-la-bocana\/"},"author":{"name":"Mauricio","@id":"https:\/\/www.marinapalamos.com\/#\/schema\/person\/9604bbc17d32ce2823e8ffc3e3efb0f3"},"headline":"Nova c\u00e0mera en temps real al micro escull de la bocana","datePublished":"2025-03-14T09:33:45+00:00","dateModified":"2025-03-21T11:36:15+00:00","mainEntityOfPage":{"@id":"https:\/\/www.marinapalamos.com\/nueva-camara-en-tiempo-real-en-el-microarrecife-de-la-bocana\/"},"wordCount":865,"commentCount":0,"image":{"@id":"https:\/\/www.marinapalamos.com\/nueva-camara-en-tiempo-real-en-el-microarrecife-de-la-bocana\/#primaryimage"},"thumbnailUrl":"https:\/\/www.marinapalamos.com\/wp-content\/uploads\/2025\/03\/WEBCAM-LBUs-BLOG.png","articleSection":["Blog"],"inLanguage":"ca","potentialAction":[{"@type":"CommentAction","name":"Comment","target":["https:\/\/www.marinapalamos.com\/nueva-camara-en-tiempo-real-en-el-microarrecife-de-la-bocana\/#respond"]}]},{"@type":"WebPage","@id":"https:\/\/www.marinapalamos.com\/nueva-camara-en-tiempo-real-en-el-microarrecife-de-la-bocana\/","url":"https:\/\/www.marinapalamos.com\/nueva-camara-en-tiempo-real-en-el-microarrecife-de-la-bocana\/","name":"Nova c\u00e0mera en temps real al micro escull de la bocana - Marina Palam\u00f3s","isPartOf":{"@id":"https:\/\/www.marinapalamos.com\/#website"},"primaryImageOfPage":{"@id":"https:\/\/www.marinapalamos.com\/nueva-camara-en-tiempo-real-en-el-microarrecife-de-la-bocana\/#primaryimage"},"image":{"@id":"https:\/\/www.marinapalamos.com\/nueva-camara-en-tiempo-real-en-el-microarrecife-de-la-bocana\/#primaryimage"},"thumbnailUrl":"https:\/\/www.marinapalamos.com\/wp-content\/uploads\/2025\/03\/WEBCAM-LBUs-BLOG.png","datePublished":"2025-03-14T09:33:45+00:00","dateModified":"2025-03-21T11:36:15+00:00","author":{"@id":"https:\/\/www.marinapalamos.com\/#\/schema\/person\/9604bbc17d32ce2823e8ffc3e3efb0f3"},"description":"Observa en directo la regeneraci\u00f3n del ecosistema con la nueva webcam del microarrecife de Marina Palam\u00f3s.","breadcrumb":{"@id":"https:\/\/www.marinapalamos.com\/nueva-camara-en-tiempo-real-en-el-microarrecife-de-la-bocana\/#breadcrumb"},"inLanguage":"ca","potentialAction":[{"@type":"ReadAction","target":["https:\/\/www.marinapalamos.com\/nueva-camara-en-tiempo-real-en-el-microarrecife-de-la-bocana\/"]}]},{"@type":"ImageObject","inLanguage":"ca","@id":"https:\/\/www.marinapalamos.com\/nueva-camara-en-tiempo-real-en-el-microarrecife-de-la-bocana\/#primaryimage","url":"https:\/\/www.marinapalamos.com\/wp-content\/uploads\/2025\/03\/WEBCAM-LBUs-BLOG.png","contentUrl":"https:\/\/www.marinapalamos.com\/wp-content\/uploads\/2025\/03\/WEBCAM-LBUs-BLOG.png","width":500,"height":300},{"@type":"BreadcrumbList","@id":"https:\/\/www.marinapalamos.com\/nueva-camara-en-tiempo-real-en-el-microarrecife-de-la-bocana\/#breadcrumb","itemListElement":[{"@type":"ListItem","position":1,"name":"Inicio","item":"https:\/\/www.marinapalamos.com\/ca\/"},{"@type":"ListItem","position":2,"name":"Nova c\u00e0mera en temps real al micro escull de la bocana"}]},{"@type":"WebSite","@id":"https:\/\/www.marinapalamos.com\/#website","url":"https:\/\/www.marinapalamos.com\/","name":"Marina Palam\u00f3s","description":"Marina Palam\u00f3s","potentialAction":[{"@type":"SearchAction","target":{"@type":"EntryPoint","urlTemplate":"https:\/\/www.marinapalamos.com\/?s={search_term_string}"},"query-input":{"@type":"PropertyValueSpecification","valueRequired":true,"valueName":"search_term_string"}}],"inLanguage":"ca"},{"@type":"Person","@id":"https:\/\/www.marinapalamos.com\/#\/schema\/person\/9604bbc17d32ce2823e8ffc3e3efb0f3","name":"Mauricio","image":{"@type":"ImageObject","inLanguage":"ca","@id":"https:\/\/secure.gravatar.com\/avatar\/66f31716a14ebbbf9d76c4d8a1e5e44ee4b8992044a9034b47ebd0c89cc8c57b?s=96&d=mm&r=g","url":"https:\/\/secure.gravatar.com\/avatar\/66f31716a14ebbbf9d76c4d8a1e5e44ee4b8992044a9034b47ebd0c89cc8c57b?s=96&d=mm&r=g","contentUrl":"https:\/\/secure.gravatar.com\/avatar\/66f31716a14ebbbf9d76c4d8a1e5e44ee4b8992044a9034b47ebd0c89cc8c57b?s=96&d=mm&r=g","caption":"Mauricio"},"url":"https:\/\/www.marinapalamos.com\/ca\/author\/mauricio\/"}]}},"_links":{"self":[{"href":"https:\/\/www.marinapalamos.com\/ca\/wp-json\/wp\/v2\/posts\/7013","targetHints":{"allow":["GET"]}}],"collection":[{"href":"https:\/\/www.marinapalamos.com\/ca\/wp-json\/wp\/v2\/posts"}],"about":[{"href":"https:\/\/www.marinapalamos.com\/ca\/wp-json\/wp\/v2\/types\/post"}],"author":[{"embeddable":true,"href":"https:\/\/www.marinapalamos.com\/ca\/wp-json\/wp\/v2\/users\/5"}],"replies":[{"embeddable":true,"href":"https:\/\/www.marinapalamos.com\/ca\/wp-json\/wp\/v2\/comments?post=7013"}],"version-history":[{"count":3,"href":"https:\/\/www.marinapalamos.com\/ca\/wp-json\/wp\/v2\/posts\/7013\/revisions"}],"predecessor-version":[{"id":7076,"href":"https:\/\/www.marinapalamos.com\/ca\/wp-json\/wp\/v2\/posts\/7013\/revisions\/7076"}],"wp:featuredmedia":[{"embeddable":true,"href":"https:\/\/www.marinapalamos.com\/ca\/wp-json\/wp\/v2\/media\/7016"}],"wp:attachment":[{"href":"https:\/\/www.marinapalamos.com\/ca\/wp-json\/wp\/v2\/media?parent=7013"}],"wp:term":[{"taxonomy":"category","embeddable":true,"href":"https:\/\/www.marinapalamos.com\/ca\/wp-json\/wp\/v2\/categories?post=7013"},{"taxonomy":"post_tag","embeddable":true,"href":"https:\/\/www.marinapalamos.com\/ca\/wp-json\/wp\/v2\/tags?post=7013"}],"curies":[{"name":"wp","href":"https:\/\/api.w.org\/{rel}","templated":true}]}}