{"id":7089,"date":"2025-03-25T16:50:41","date_gmt":"2025-03-25T16:50:41","guid":{"rendered":"https:\/\/www.marinapalamos.com\/?p=7089"},"modified":"2025-03-25T16:50:50","modified_gmt":"2025-03-25T16:50:50","slug":"regata-interclubs-costa-brava-2025-una-edicio-inoblidable-de-vela-i-esportivitat-%e2%9b%b5%f0%9f%8c%8a","status":"publish","type":"post","link":"https:\/\/www.marinapalamos.com\/ca\/regata-interclubs-costa-brava-2025-una-edicio-inoblidable-de-vela-i-esportivitat-%e2%9b%b5%f0%9f%8c%8a\/","title":{"rendered":"Regata Interclubs Costa Brava 2025: Una edici\u00f3 inoblidable de vela i esportivitat \u26f5\ud83c\udf0a"},"content":{"rendered":"<div class=\"fusion-fullwidth fullwidth-box fusion-builder-row-1 fusion-flex-container nonhundred-percent-fullwidth non-hundred-percent-height-scrolling\" style=\"--awb-border-radius-top-left:0px;--awb-border-radius-top-right:0px;--awb-border-radius-bottom-right:0px;--awb-border-radius-bottom-left:0px;--awb-flex-wrap:wrap;\" ><div class=\"fusion-builder-row fusion-row fusion-flex-align-items-flex-start fusion-flex-content-wrap\" style=\"max-width:1300px;margin-left: calc(-4% \/ 2 );margin-right: calc(-4% \/ 2 );\"><div class=\"fusion-layout-column fusion_builder_column fusion-builder-column-0 fusion_builder_column_1_1 1_1 fusion-flex-column\" style=\"--awb-bg-size:cover;--awb-width-large:100%;--awb-margin-top-large:0px;--awb-spacing-right-large:1.92%;--awb-margin-bottom-large:20px;--awb-spacing-left-large:1.92%;--awb-width-medium:100%;--awb-order-medium:0;--awb-spacing-right-medium:1.92%;--awb-spacing-left-medium:1.92%;--awb-width-small:100%;--awb-order-small:0;--awb-spacing-right-small:1.92%;--awb-spacing-left-small:1.92%;\"><div class=\"fusion-column-wrapper fusion-column-has-shadow fusion-flex-justify-content-flex-start fusion-content-layout-column\"><div class=\"fusion-text fusion-text-1\" style=\"--awb-text-transform:none;\"><p data-pm-slice=\"1 1 &#091;&#093;\">Lectura: 2 min<\/p>\n<p><strong>La Regata Interclubs Costa Brava 2025<\/strong> ha arribat a la seva fi, deixant-nos grans moments de competici\u00f3, esfor\u00e7 i passi\u00f3 per la vela. Aquesta edici\u00f3 ha reunit navegants d\u2019arreu en una de les cites m\u00e9s esperades del calendari n\u00e0utic, consolidant-se com una competici\u00f3 clau per als amants del mar i la navegaci\u00f3.<\/p>\n<p><strong>Una regata que uneix esport i passi\u00f3 pel mar<\/strong><br \/>\nAl llarg de diverses jornades, les embarcacions han recorregut diferents trams de la Costa Brava, posant a prova les seves habilitats en condicions variades de vent i mar. Les aig\u00fces cristal\u00b7lines i els paisatges espectaculars d\u2019aquesta zona han servit d\u2019escenari per a una regata plena d\u2019emoci\u00f3, estrat\u00e8gia i companyonia.<\/p>\n<p>Des de <strong>Marina Palam\u00f3s<\/strong>, hem tingut el privilegi de ser part d\u2019aquest gran esdeveniment, donant suport als participants i vivint de prop la intensitat de cada prova. La regata no nom\u00e9s ha estat una competici\u00f3, sin\u00f3 tamb\u00e9 una oportunitat per compartir experi\u00e8ncies, millorar t\u00e8cniques i, sobretot, gaudir de la vela en el seu estat m\u00e9s pur.<\/p>\n<p data-start=\"770\" data-end=\"1012\"><img decoding=\"async\" class=\" wp-image-7094 aligncenter\" src=\"https:\/\/www.marinapalamos.com\/wp-content\/uploads\/2025\/03\/REGATA-INTERCLUBS-IMAGEN-BLOG-1024x614.png\" alt=\"\" width=\"634\" height=\"380\" srcset=\"https:\/\/www.marinapalamos.com\/wp-content\/uploads\/2025\/03\/REGATA-INTERCLUBS-IMAGEN-BLOG-200x120.png 200w, https:\/\/www.marinapalamos.com\/wp-content\/uploads\/2025\/03\/REGATA-INTERCLUBS-IMAGEN-BLOG-300x180.png 300w, https:\/\/www.marinapalamos.com\/wp-content\/uploads\/2025\/03\/REGATA-INTERCLUBS-IMAGEN-BLOG-400x240.png 400w, https:\/\/www.marinapalamos.com\/wp-content\/uploads\/2025\/03\/REGATA-INTERCLUBS-IMAGEN-BLOG-600x360.png 600w, https:\/\/www.marinapalamos.com\/wp-content\/uploads\/2025\/03\/REGATA-INTERCLUBS-IMAGEN-BLOG-768x461.png 768w, https:\/\/www.marinapalamos.com\/wp-content\/uploads\/2025\/03\/REGATA-INTERCLUBS-IMAGEN-BLOG-800x480.png 800w, https:\/\/www.marinapalamos.com\/wp-content\/uploads\/2025\/03\/REGATA-INTERCLUBS-IMAGEN-BLOG-1024x614.png 1024w, https:\/\/www.marinapalamos.com\/wp-content\/uploads\/2025\/03\/REGATA-INTERCLUBS-IMAGEN-BLOG-1200x720.png 1200w, https:\/\/www.marinapalamos.com\/wp-content\/uploads\/2025\/03\/REGATA-INTERCLUBS-IMAGEN-BLOG.png 1500w\" sizes=\"(max-width: 634px) 100vw, 634px\" \/><\/p>\n<p>Cada etapa de la regata ha posat a prova les habilitats de les tripulacions, amb condicions meteorol\u00f2giques canviants que han fet encara m\u00e9s emocionant la competici\u00f3. L\u2019habilitat per llegir el vent, prendre les millors decisions t\u00e0ctiques i coordinar-se a bord ha estat clau per aconseguir els millors resultats.<\/p>\n<p>Felicitats a tots els participants per la seva entrega i, especialment, als guanyadors d\u2019aquesta edici\u00f3! El seu esfor\u00e7 i dedicaci\u00f3 han fet d\u2019aquesta una competici\u00f3 d\u2019alt nivell, demostrant una vegada m\u00e9s la gran qualitat de la vela al nostre territori.<\/p>\n<p>Gr\u00e0cies a tots per fer-ho possible!<br \/>\nVolem agrair a l\u2019organitzaci\u00f3, als clubs participants i a tots els col\u00b7laboradors que han fet possible aquesta gran regata. Sense dubte, ha estat una experi\u00e8ncia inoblidable que reafirma la import\u00e0ncia de la vela a la nostra costa i que ens deixa amb ganes de la pr\u00f2xima edici\u00f3.<\/p>\n<p>Des de Marina Palam\u00f3s, seguirem donant suport a aquest tipus d\u2019esdeveniments que promouen la n\u00e0utica i el respecte pel mar. Ens veiem en la propera regata! \u2693\u2728<\/p>\n<\/div><\/div><\/div><div class=\"fusion-layout-column fusion_builder_column fusion-builder-column-1 fusion_builder_column_1_1 1_1 fusion-flex-column\" style=\"--awb-bg-size:cover;--awb-width-large:100%;--awb-margin-top-large:0px;--awb-spacing-right-large:1.92%;--awb-margin-bottom-large:20px;--awb-spacing-left-large:1.92%;--awb-width-medium:100%;--awb-order-medium:0;--awb-spacing-right-medium:1.92%;--awb-spacing-left-medium:1.92%;--awb-width-small:100%;--awb-order-small:0;--awb-spacing-right-small:1.92%;--awb-spacing-left-small:1.92%;\"><div class=\"fusion-column-wrapper fusion-column-has-shadow fusion-flex-justify-content-flex-start fusion-content-layout-column\"><\/div><\/div><\/div><\/div>\n","protected":false},"excerpt":{"rendered":"","protected":false},"author":5,"featured_media":7092,"comment_status":"open","ping_status":"closed","sticky":false,"template":"","format":"standard","meta":{"_acf_changed":false,"footnotes":""},"categories":[69],"tags":[],"class_list":["post-7089","post","type-post","status-publish","format-standard","has-post-thumbnail","hentry","category-blog-ca"],"acf":[],"yoast_head":"<!-- This site is optimized with the Yoast SEO plugin v27.5 - https:\/\/yoast.com\/product\/yoast-seo-wordpress\/ -->\n<title>Regata Interclubs Costa Brava 2025: Una edici\u00f3 inoblidable de vela i esportivitat \u26f5\ud83c\udf0a - Marina Palam\u00f3s<\/title>\n<meta name=\"description\" content=\"La Regata Interclubs Costa Brava 2025 ha llegado a su fin, dej\u00e1ndonos grandes momentos de competici\u00f3n, esfuerzo y pasi\u00f3n por la vela.\" \/>\n<meta name=\"robots\" content=\"index, follow, max-snippet:-1, max-image-preview:large, max-video-preview:-1\" \/>\n<link rel=\"canonical\" href=\"https:\/\/www.marinapalamos.com\/regata-interclubs-costa-brava-2025-una-edicion-inolvidable-de-vela-y-deportividad-\u26f5\ud83c\udf0a\/\" \/>\n<meta property=\"og:locale\" content=\"ca_ES\" \/>\n<meta property=\"og:type\" content=\"article\" \/>\n<meta property=\"og:title\" content=\"Regata Interclubs Costa Brava 2025: Una edici\u00f3 inoblidable de vela i esportivitat \u26f5\ud83c\udf0a - Marina Palam\u00f3s\" \/>\n<meta property=\"og:description\" content=\"La Regata Interclubs Costa Brava 2025 ha llegado a su fin, dej\u00e1ndonos grandes momentos de competici\u00f3n, esfuerzo y pasi\u00f3n por la vela.\" \/>\n<meta property=\"og:url\" content=\"https:\/\/www.marinapalamos.com\/regata-interclubs-costa-brava-2025-una-edicion-inolvidable-de-vela-y-deportividad-\u26f5\ud83c\udf0a\/\" \/>\n<meta property=\"og:site_name\" content=\"Marina Palam\u00f3s\" \/>\n<meta property=\"article:published_time\" content=\"2025-03-25T16:50:41+00:00\" \/>\n<meta property=\"article:modified_time\" content=\"2025-03-25T16:50:50+00:00\" \/>\n<meta property=\"og:image\" content=\"https:\/\/www.marinapalamos.com\/wp-content\/uploads\/2025\/03\/REGATA-INTERCLUBS-BLOG.png\" \/>\n\t<meta property=\"og:image:width\" content=\"500\" \/>\n\t<meta property=\"og:image:height\" content=\"300\" \/>\n\t<meta property=\"og:image:type\" content=\"image\/png\" \/>\n<meta name=\"author\" content=\"Mauricio\" \/>\n<meta name=\"twitter:card\" content=\"summary_large_image\" \/>\n<meta name=\"twitter:label1\" content=\"Escrit per\" \/>\n\t<meta name=\"twitter:data1\" content=\"Mauricio\" \/>\n\t<meta name=\"twitter:label2\" content=\"Temps estimat de lectura\" \/>\n\t<meta name=\"twitter:data2\" content=\"2 minuts\" \/>\n<script type=\"application\/ld+json\" class=\"yoast-schema-graph\">{\"@context\":\"https:\\\/\\\/schema.org\",\"@graph\":[{\"@type\":\"Article\",\"@id\":\"https:\\\/\\\/www.marinapalamos.com\\\/regata-interclubs-costa-brava-2025-una-edicion-inolvidable-de-vela-y-deportividad-%e2%9b%b5%f0%9f%8c%8a\\\/#article\",\"isPartOf\":{\"@id\":\"https:\\\/\\\/www.marinapalamos.com\\\/regata-interclubs-costa-brava-2025-una-edicion-inolvidable-de-vela-y-deportividad-%e2%9b%b5%f0%9f%8c%8a\\\/\"},\"author\":{\"name\":\"Mauricio\",\"@id\":\"https:\\\/\\\/www.marinapalamos.com\\\/#\\\/schema\\\/person\\\/9604bbc17d32ce2823e8ffc3e3efb0f3\"},\"headline\":\"Regata Interclubs Costa Brava 2025: Una edici\u00f3 inoblidable de vela i esportivitat \u26f5\ud83c\udf0a\",\"datePublished\":\"2025-03-25T16:50:41+00:00\",\"dateModified\":\"2025-03-25T16:50:50+00:00\",\"mainEntityOfPage\":{\"@id\":\"https:\\\/\\\/www.marinapalamos.com\\\/regata-interclubs-costa-brava-2025-una-edicion-inolvidable-de-vela-y-deportividad-%e2%9b%b5%f0%9f%8c%8a\\\/\"},\"wordCount\":935,\"commentCount\":0,\"image\":{\"@id\":\"https:\\\/\\\/www.marinapalamos.com\\\/regata-interclubs-costa-brava-2025-una-edicion-inolvidable-de-vela-y-deportividad-%e2%9b%b5%f0%9f%8c%8a\\\/#primaryimage\"},\"thumbnailUrl\":\"https:\\\/\\\/www.marinapalamos.com\\\/wp-content\\\/uploads\\\/2025\\\/03\\\/REGATA-INTERCLUBS-BLOG.png\",\"articleSection\":[\"Blog\"],\"inLanguage\":\"ca\",\"potentialAction\":[{\"@type\":\"CommentAction\",\"name\":\"Comment\",\"target\":[\"https:\\\/\\\/www.marinapalamos.com\\\/regata-interclubs-costa-brava-2025-una-edicion-inolvidable-de-vela-y-deportividad-%e2%9b%b5%f0%9f%8c%8a\\\/#respond\"]}]},{\"@type\":\"WebPage\",\"@id\":\"https:\\\/\\\/www.marinapalamos.com\\\/regata-interclubs-costa-brava-2025-una-edicion-inolvidable-de-vela-y-deportividad-%e2%9b%b5%f0%9f%8c%8a\\\/\",\"url\":\"https:\\\/\\\/www.marinapalamos.com\\\/regata-interclubs-costa-brava-2025-una-edicion-inolvidable-de-vela-y-deportividad-%e2%9b%b5%f0%9f%8c%8a\\\/\",\"name\":\"Regata Interclubs Costa Brava 2025: Una edici\u00f3 inoblidable de vela i esportivitat \u26f5\ud83c\udf0a - Marina Palam\u00f3s\",\"isPartOf\":{\"@id\":\"https:\\\/\\\/www.marinapalamos.com\\\/#website\"},\"primaryImageOfPage\":{\"@id\":\"https:\\\/\\\/www.marinapalamos.com\\\/regata-interclubs-costa-brava-2025-una-edicion-inolvidable-de-vela-y-deportividad-%e2%9b%b5%f0%9f%8c%8a\\\/#primaryimage\"},\"image\":{\"@id\":\"https:\\\/\\\/www.marinapalamos.com\\\/regata-interclubs-costa-brava-2025-una-edicion-inolvidable-de-vela-y-deportividad-%e2%9b%b5%f0%9f%8c%8a\\\/#primaryimage\"},\"thumbnailUrl\":\"https:\\\/\\\/www.marinapalamos.com\\\/wp-content\\\/uploads\\\/2025\\\/03\\\/REGATA-INTERCLUBS-BLOG.png\",\"datePublished\":\"2025-03-25T16:50:41+00:00\",\"dateModified\":\"2025-03-25T16:50:50+00:00\",\"author\":{\"@id\":\"https:\\\/\\\/www.marinapalamos.com\\\/#\\\/schema\\\/person\\\/9604bbc17d32ce2823e8ffc3e3efb0f3\"},\"description\":\"La Regata Interclubs Costa Brava 2025 ha llegado a su fin, dej\u00e1ndonos grandes momentos de competici\u00f3n, esfuerzo y pasi\u00f3n por la vela.\",\"breadcrumb\":{\"@id\":\"https:\\\/\\\/www.marinapalamos.com\\\/regata-interclubs-costa-brava-2025-una-edicion-inolvidable-de-vela-y-deportividad-%e2%9b%b5%f0%9f%8c%8a\\\/#breadcrumb\"},\"inLanguage\":\"ca\",\"potentialAction\":[{\"@type\":\"ReadAction\",\"target\":[\"https:\\\/\\\/www.marinapalamos.com\\\/regata-interclubs-costa-brava-2025-una-edicion-inolvidable-de-vela-y-deportividad-%e2%9b%b5%f0%9f%8c%8a\\\/\"]}]},{\"@type\":\"ImageObject\",\"inLanguage\":\"ca\",\"@id\":\"https:\\\/\\\/www.marinapalamos.com\\\/regata-interclubs-costa-brava-2025-una-edicion-inolvidable-de-vela-y-deportividad-%e2%9b%b5%f0%9f%8c%8a\\\/#primaryimage\",\"url\":\"https:\\\/\\\/www.marinapalamos.com\\\/wp-content\\\/uploads\\\/2025\\\/03\\\/REGATA-INTERCLUBS-BLOG.png\",\"contentUrl\":\"https:\\\/\\\/www.marinapalamos.com\\\/wp-content\\\/uploads\\\/2025\\\/03\\\/REGATA-INTERCLUBS-BLOG.png\",\"width\":500,\"height\":300},{\"@type\":\"BreadcrumbList\",\"@id\":\"https:\\\/\\\/www.marinapalamos.com\\\/regata-interclubs-costa-brava-2025-una-edicion-inolvidable-de-vela-y-deportividad-%e2%9b%b5%f0%9f%8c%8a\\\/#breadcrumb\",\"itemListElement\":[{\"@type\":\"ListItem\",\"position\":1,\"name\":\"Inicio\",\"item\":\"https:\\\/\\\/www.marinapalamos.com\\\/ca\\\/\"},{\"@type\":\"ListItem\",\"position\":2,\"name\":\"Regata Interclubs Costa Brava 2025: Una edici\u00f3 inoblidable de vela i esportivitat \u26f5\ud83c\udf0a\"}]},{\"@type\":\"WebSite\",\"@id\":\"https:\\\/\\\/www.marinapalamos.com\\\/#website\",\"url\":\"https:\\\/\\\/www.marinapalamos.com\\\/\",\"name\":\"Marina Palam\u00f3s\",\"description\":\"Marina Palam\u00f3s\",\"potentialAction\":[{\"@type\":\"SearchAction\",\"target\":{\"@type\":\"EntryPoint\",\"urlTemplate\":\"https:\\\/\\\/www.marinapalamos.com\\\/?s={search_term_string}\"},\"query-input\":{\"@type\":\"PropertyValueSpecification\",\"valueRequired\":true,\"valueName\":\"search_term_string\"}}],\"inLanguage\":\"ca\"},{\"@type\":\"Person\",\"@id\":\"https:\\\/\\\/www.marinapalamos.com\\\/#\\\/schema\\\/person\\\/9604bbc17d32ce2823e8ffc3e3efb0f3\",\"name\":\"Mauricio\",\"image\":{\"@type\":\"ImageObject\",\"inLanguage\":\"ca\",\"@id\":\"https:\\\/\\\/secure.gravatar.com\\\/avatar\\\/66f31716a14ebbbf9d76c4d8a1e5e44ee4b8992044a9034b47ebd0c89cc8c57b?s=96&d=mm&r=g\",\"url\":\"https:\\\/\\\/secure.gravatar.com\\\/avatar\\\/66f31716a14ebbbf9d76c4d8a1e5e44ee4b8992044a9034b47ebd0c89cc8c57b?s=96&d=mm&r=g\",\"contentUrl\":\"https:\\\/\\\/secure.gravatar.com\\\/avatar\\\/66f31716a14ebbbf9d76c4d8a1e5e44ee4b8992044a9034b47ebd0c89cc8c57b?s=96&d=mm&r=g\",\"caption\":\"Mauricio\"},\"url\":\"https:\\\/\\\/www.marinapalamos.com\\\/ca\\\/author\\\/mauricio\\\/\"}]}<\/script>\n<!-- \/ Yoast SEO plugin. -->","yoast_head_json":{"title":"Regata Interclubs Costa Brava 2025: Una edici\u00f3 inoblidable de vela i esportivitat \u26f5\ud83c\udf0a - Marina Palam\u00f3s","description":"La Regata Interclubs Costa Brava 2025 ha llegado a su fin, dej\u00e1ndonos grandes momentos de competici\u00f3n, esfuerzo y pasi\u00f3n por la vela.","robots":{"index":"index","follow":"follow","max-snippet":"max-snippet:-1","max-image-preview":"max-image-preview:large","max-video-preview":"max-video-preview:-1"},"canonical":"https:\/\/www.marinapalamos.com\/regata-interclubs-costa-brava-2025-una-edicion-inolvidable-de-vela-y-deportividad-\u26f5\ud83c\udf0a\/","og_locale":"ca_ES","og_type":"article","og_title":"Regata Interclubs Costa Brava 2025: Una edici\u00f3 inoblidable de vela i esportivitat \u26f5\ud83c\udf0a - Marina Palam\u00f3s","og_description":"La Regata Interclubs Costa Brava 2025 ha llegado a su fin, dej\u00e1ndonos grandes momentos de competici\u00f3n, esfuerzo y pasi\u00f3n por la vela.","og_url":"https:\/\/www.marinapalamos.com\/regata-interclubs-costa-brava-2025-una-edicion-inolvidable-de-vela-y-deportividad-\u26f5\ud83c\udf0a\/","og_site_name":"Marina Palam\u00f3s","article_published_time":"2025-03-25T16:50:41+00:00","article_modified_time":"2025-03-25T16:50:50+00:00","og_image":[{"width":500,"height":300,"url":"https:\/\/www.marinapalamos.com\/wp-content\/uploads\/2025\/03\/REGATA-INTERCLUBS-BLOG.png","type":"image\/png"}],"author":"Mauricio","twitter_card":"summary_large_image","twitter_misc":{"Escrit per":"Mauricio","Temps estimat de lectura":"2 minuts"},"schema":{"@context":"https:\/\/schema.org","@graph":[{"@type":"Article","@id":"https:\/\/www.marinapalamos.com\/regata-interclubs-costa-brava-2025-una-edicion-inolvidable-de-vela-y-deportividad-%e2%9b%b5%f0%9f%8c%8a\/#article","isPartOf":{"@id":"https:\/\/www.marinapalamos.com\/regata-interclubs-costa-brava-2025-una-edicion-inolvidable-de-vela-y-deportividad-%e2%9b%b5%f0%9f%8c%8a\/"},"author":{"name":"Mauricio","@id":"https:\/\/www.marinapalamos.com\/#\/schema\/person\/9604bbc17d32ce2823e8ffc3e3efb0f3"},"headline":"Regata Interclubs Costa Brava 2025: Una edici\u00f3 inoblidable de vela i esportivitat \u26f5\ud83c\udf0a","datePublished":"2025-03-25T16:50:41+00:00","dateModified":"2025-03-25T16:50:50+00:00","mainEntityOfPage":{"@id":"https:\/\/www.marinapalamos.com\/regata-interclubs-costa-brava-2025-una-edicion-inolvidable-de-vela-y-deportividad-%e2%9b%b5%f0%9f%8c%8a\/"},"wordCount":935,"commentCount":0,"image":{"@id":"https:\/\/www.marinapalamos.com\/regata-interclubs-costa-brava-2025-una-edicion-inolvidable-de-vela-y-deportividad-%e2%9b%b5%f0%9f%8c%8a\/#primaryimage"},"thumbnailUrl":"https:\/\/www.marinapalamos.com\/wp-content\/uploads\/2025\/03\/REGATA-INTERCLUBS-BLOG.png","articleSection":["Blog"],"inLanguage":"ca","potentialAction":[{"@type":"CommentAction","name":"Comment","target":["https:\/\/www.marinapalamos.com\/regata-interclubs-costa-brava-2025-una-edicion-inolvidable-de-vela-y-deportividad-%e2%9b%b5%f0%9f%8c%8a\/#respond"]}]},{"@type":"WebPage","@id":"https:\/\/www.marinapalamos.com\/regata-interclubs-costa-brava-2025-una-edicion-inolvidable-de-vela-y-deportividad-%e2%9b%b5%f0%9f%8c%8a\/","url":"https:\/\/www.marinapalamos.com\/regata-interclubs-costa-brava-2025-una-edicion-inolvidable-de-vela-y-deportividad-%e2%9b%b5%f0%9f%8c%8a\/","name":"Regata Interclubs Costa Brava 2025: Una edici\u00f3 inoblidable de vela i esportivitat \u26f5\ud83c\udf0a - Marina Palam\u00f3s","isPartOf":{"@id":"https:\/\/www.marinapalamos.com\/#website"},"primaryImageOfPage":{"@id":"https:\/\/www.marinapalamos.com\/regata-interclubs-costa-brava-2025-una-edicion-inolvidable-de-vela-y-deportividad-%e2%9b%b5%f0%9f%8c%8a\/#primaryimage"},"image":{"@id":"https:\/\/www.marinapalamos.com\/regata-interclubs-costa-brava-2025-una-edicion-inolvidable-de-vela-y-deportividad-%e2%9b%b5%f0%9f%8c%8a\/#primaryimage"},"thumbnailUrl":"https:\/\/www.marinapalamos.com\/wp-content\/uploads\/2025\/03\/REGATA-INTERCLUBS-BLOG.png","datePublished":"2025-03-25T16:50:41+00:00","dateModified":"2025-03-25T16:50:50+00:00","author":{"@id":"https:\/\/www.marinapalamos.com\/#\/schema\/person\/9604bbc17d32ce2823e8ffc3e3efb0f3"},"description":"La Regata Interclubs Costa Brava 2025 ha llegado a su fin, dej\u00e1ndonos grandes momentos de competici\u00f3n, esfuerzo y pasi\u00f3n por la vela.","breadcrumb":{"@id":"https:\/\/www.marinapalamos.com\/regata-interclubs-costa-brava-2025-una-edicion-inolvidable-de-vela-y-deportividad-%e2%9b%b5%f0%9f%8c%8a\/#breadcrumb"},"inLanguage":"ca","potentialAction":[{"@type":"ReadAction","target":["https:\/\/www.marinapalamos.com\/regata-interclubs-costa-brava-2025-una-edicion-inolvidable-de-vela-y-deportividad-%e2%9b%b5%f0%9f%8c%8a\/"]}]},{"@type":"ImageObject","inLanguage":"ca","@id":"https:\/\/www.marinapalamos.com\/regata-interclubs-costa-brava-2025-una-edicion-inolvidable-de-vela-y-deportividad-%e2%9b%b5%f0%9f%8c%8a\/#primaryimage","url":"https:\/\/www.marinapalamos.com\/wp-content\/uploads\/2025\/03\/REGATA-INTERCLUBS-BLOG.png","contentUrl":"https:\/\/www.marinapalamos.com\/wp-content\/uploads\/2025\/03\/REGATA-INTERCLUBS-BLOG.png","width":500,"height":300},{"@type":"BreadcrumbList","@id":"https:\/\/www.marinapalamos.com\/regata-interclubs-costa-brava-2025-una-edicion-inolvidable-de-vela-y-deportividad-%e2%9b%b5%f0%9f%8c%8a\/#breadcrumb","itemListElement":[{"@type":"ListItem","position":1,"name":"Inicio","item":"https:\/\/www.marinapalamos.com\/ca\/"},{"@type":"ListItem","position":2,"name":"Regata Interclubs Costa Brava 2025: Una edici\u00f3 inoblidable de vela i esportivitat \u26f5\ud83c\udf0a"}]},{"@type":"WebSite","@id":"https:\/\/www.marinapalamos.com\/#website","url":"https:\/\/www.marinapalamos.com\/","name":"Marina Palam\u00f3s","description":"Marina Palam\u00f3s","potentialAction":[{"@type":"SearchAction","target":{"@type":"EntryPoint","urlTemplate":"https:\/\/www.marinapalamos.com\/?s={search_term_string}"},"query-input":{"@type":"PropertyValueSpecification","valueRequired":true,"valueName":"search_term_string"}}],"inLanguage":"ca"},{"@type":"Person","@id":"https:\/\/www.marinapalamos.com\/#\/schema\/person\/9604bbc17d32ce2823e8ffc3e3efb0f3","name":"Mauricio","image":{"@type":"ImageObject","inLanguage":"ca","@id":"https:\/\/secure.gravatar.com\/avatar\/66f31716a14ebbbf9d76c4d8a1e5e44ee4b8992044a9034b47ebd0c89cc8c57b?s=96&d=mm&r=g","url":"https:\/\/secure.gravatar.com\/avatar\/66f31716a14ebbbf9d76c4d8a1e5e44ee4b8992044a9034b47ebd0c89cc8c57b?s=96&d=mm&r=g","contentUrl":"https:\/\/secure.gravatar.com\/avatar\/66f31716a14ebbbf9d76c4d8a1e5e44ee4b8992044a9034b47ebd0c89cc8c57b?s=96&d=mm&r=g","caption":"Mauricio"},"url":"https:\/\/www.marinapalamos.com\/ca\/author\/mauricio\/"}]}},"_links":{"self":[{"href":"https:\/\/www.marinapalamos.com\/ca\/wp-json\/wp\/v2\/posts\/7089","targetHints":{"allow":["GET"]}}],"collection":[{"href":"https:\/\/www.marinapalamos.com\/ca\/wp-json\/wp\/v2\/posts"}],"about":[{"href":"https:\/\/www.marinapalamos.com\/ca\/wp-json\/wp\/v2\/types\/post"}],"author":[{"embeddable":true,"href":"https:\/\/www.marinapalamos.com\/ca\/wp-json\/wp\/v2\/users\/5"}],"replies":[{"embeddable":true,"href":"https:\/\/www.marinapalamos.com\/ca\/wp-json\/wp\/v2\/comments?post=7089"}],"version-history":[{"count":3,"href":"https:\/\/www.marinapalamos.com\/ca\/wp-json\/wp\/v2\/posts\/7089\/revisions"}],"predecessor-version":[{"id":7103,"href":"https:\/\/www.marinapalamos.com\/ca\/wp-json\/wp\/v2\/posts\/7089\/revisions\/7103"}],"wp:featuredmedia":[{"embeddable":true,"href":"https:\/\/www.marinapalamos.com\/ca\/wp-json\/wp\/v2\/media\/7092"}],"wp:attachment":[{"href":"https:\/\/www.marinapalamos.com\/ca\/wp-json\/wp\/v2\/media?parent=7089"}],"wp:term":[{"taxonomy":"category","embeddable":true,"href":"https:\/\/www.marinapalamos.com\/ca\/wp-json\/wp\/v2\/categories?post=7089"},{"taxonomy":"post_tag","embeddable":true,"href":"https:\/\/www.marinapalamos.com\/ca\/wp-json\/wp\/v2\/tags?post=7089"}],"curies":[{"name":"wp","href":"https:\/\/api.w.org\/{rel}","templated":true}]}}