{"id":7254,"date":"2025-05-27T07:37:50","date_gmt":"2025-05-27T07:37:50","guid":{"rendered":"https:\/\/www.marinapalamos.com\/?p=7254"},"modified":"2025-05-27T07:37:59","modified_gmt":"2025-05-27T07:37:59","slug":"marina-palamos-brilla-despres-duna-jornada-de-neteja-inoblidable","status":"publish","type":"post","link":"https:\/\/www.marinapalamos.com\/ca\/marina-palamos-brilla-despres-duna-jornada-de-neteja-inoblidable\/","title":{"rendered":"Marina Palam\u00f3s brilla despr\u00e9s d\u2019una jornada de neteja inoblidable"},"content":{"rendered":"<div class=\"fusion-fullwidth fullwidth-box fusion-builder-row-1 fusion-flex-container nonhundred-percent-fullwidth non-hundred-percent-height-scrolling\" style=\"--awb-border-radius-top-left:0px;--awb-border-radius-top-right:0px;--awb-border-radius-bottom-right:0px;--awb-border-radius-bottom-left:0px;--awb-flex-wrap:wrap;\" ><div class=\"fusion-builder-row fusion-row fusion-flex-align-items-flex-start fusion-flex-content-wrap\" style=\"max-width:1300px;margin-left: calc(-4% \/ 2 );margin-right: calc(-4% \/ 2 );\"><div class=\"fusion-layout-column fusion_builder_column fusion-builder-column-0 fusion_builder_column_1_1 1_1 fusion-flex-column\" style=\"--awb-bg-size:cover;--awb-width-large:100%;--awb-margin-top-large:0px;--awb-spacing-right-large:1.92%;--awb-margin-bottom-large:20px;--awb-spacing-left-large:1.92%;--awb-width-medium:100%;--awb-order-medium:0;--awb-spacing-right-medium:1.92%;--awb-spacing-left-medium:1.92%;--awb-width-small:100%;--awb-order-small:0;--awb-spacing-right-small:1.92%;--awb-spacing-left-small:1.92%;\"><div class=\"fusion-column-wrapper fusion-column-has-shadow fusion-flex-justify-content-flex-start fusion-content-layout-column\"><div class=\"fusion-text fusion-text-1\" style=\"--awb-text-transform:none;\"><p data-pm-slice=\"1 1 &#091;&#093;\">Lectura: 2 min<\/p>\n<p><span style=\"font-weight: 400;\">El passat <\/span><b>17 de maig<\/b><span style=\"font-weight: 400;\"> es va celebrar amb gran \u00e8xit la <\/span><b>XIV edici\u00f3 de la Neteja de Fons<\/b><span style=\"font-weight: 400;\"> al <\/span><b>Port Marina Palam\u00f3s<\/b><span style=\"font-weight: 400;\"> i la <\/span><b>Cala Morro del Vedell<\/b><span style=\"font-weight: 400;\">, una jornada que consolida el comprom\u00eds de la nostra comunitat portu\u00e0ria amb la protecci\u00f3 del medi mar\u00ed.<\/span><\/p>\n<p><span style=\"font-weight: 400;\">Organitzada pel centre de busseig <\/span><b>H2O Diving center <\/b><span style=\"font-weight: 400;\">juntament amb <\/span><b>OCEAN4YOU<\/b><span style=\"font-weight: 400;\">, aquesta iniciativa mediambiental va comptar amb el nostre suport actiu i tamb\u00e9 el d&#8217;<\/span><b>Ajuntament de Palam\u00f3s <\/b><span style=\"font-weight: 400;\">i l&#8217;empresa <\/span><b>Loginplast<\/b><span style=\"font-weight: 400;\">. A m\u00e9s, volem destacar la participaci\u00f3 essencial d&#8217;<\/span><b>Amics Illes Formigues<\/b><span style=\"font-weight: 400;\"> i <\/span><b>DIVE CENTER PALAM\u00d3S<\/b><span style=\"font-weight: 400;\">, que es van unir com a col\u00b7laboradors i van fer una aportaci\u00f3 destacada per a l&#8217;\u00e8xit de l&#8217;esdeveniment..<\/span><\/p>\n<p><img decoding=\"async\" class=\" wp-image-7256 aligncenter\" src=\"https:\/\/www.marinapalamos.com\/wp-content\/uploads\/2025\/05\/NETEJA-FONS-2025-IMAGEN-BLOG-1024x614.png\" alt=\"\" width=\"796\" height=\"477\" srcset=\"https:\/\/www.marinapalamos.com\/wp-content\/uploads\/2025\/05\/NETEJA-FONS-2025-IMAGEN-BLOG-200x120.png 200w, https:\/\/www.marinapalamos.com\/wp-content\/uploads\/2025\/05\/NETEJA-FONS-2025-IMAGEN-BLOG-300x180.png 300w, https:\/\/www.marinapalamos.com\/wp-content\/uploads\/2025\/05\/NETEJA-FONS-2025-IMAGEN-BLOG-400x240.png 400w, https:\/\/www.marinapalamos.com\/wp-content\/uploads\/2025\/05\/NETEJA-FONS-2025-IMAGEN-BLOG-600x360.png 600w, https:\/\/www.marinapalamos.com\/wp-content\/uploads\/2025\/05\/NETEJA-FONS-2025-IMAGEN-BLOG-768x461.png 768w, https:\/\/www.marinapalamos.com\/wp-content\/uploads\/2025\/05\/NETEJA-FONS-2025-IMAGEN-BLOG-800x480.png 800w, https:\/\/www.marinapalamos.com\/wp-content\/uploads\/2025\/05\/NETEJA-FONS-2025-IMAGEN-BLOG-1024x614.png 1024w, https:\/\/www.marinapalamos.com\/wp-content\/uploads\/2025\/05\/NETEJA-FONS-2025-IMAGEN-BLOG-1200x720.png 1200w, https:\/\/www.marinapalamos.com\/wp-content\/uploads\/2025\/05\/NETEJA-FONS-2025-IMAGEN-BLOG.png 1500w\" sizes=\"(max-width: 796px) 100vw, 796px\" \/><\/p>\n<p><span style=\"font-weight: 400;\">Durant el mat\u00ed, desenes de voluntaris i bussejadors es van unir per netejar el fons mar\u00ed, retirant pl\u00e0stics, metalls i altres residus que no pertanyen al nostre ecosistema. Gr\u00e0cies a la seva implicaci\u00f3, hem tornat a contribuir de manera real a la salut del nostre litoral, fomentant la consci\u00e8ncia ecol\u00f2gica i el respecte pel mar.<\/span><\/p>\n<p><span style=\"font-weight: 400;\">Des de <\/span><b>Marina Palam\u00f3s<\/b><span style=\"font-weight: 400;\">, volem donar les gr\u00e0cies a totes les persones participants, col\u00b7laboradores i entitats implicades. Sense la vostra dedicaci\u00f3, il\u00b7lusi\u00f3 i esfor\u00e7, accions com aquesta no serien possibles.<\/span><\/p>\n<p><span style=\"font-weight: 400;\">Ja estem treballant en la propera edici\u00f3! Perqu\u00e8 cuidar del mar \u00e9s responsabilitat de tots, i junts, fem la difer\u00e8ncia.<\/span><\/p>\n<\/div><\/div><\/div><div class=\"fusion-layout-column fusion_builder_column fusion-builder-column-1 fusion_builder_column_1_1 1_1 fusion-flex-column\" style=\"--awb-bg-size:cover;--awb-width-large:100%;--awb-margin-top-large:0px;--awb-spacing-right-large:1.92%;--awb-margin-bottom-large:20px;--awb-spacing-left-large:1.92%;--awb-width-medium:100%;--awb-order-medium:0;--awb-spacing-right-medium:1.92%;--awb-spacing-left-medium:1.92%;--awb-width-small:100%;--awb-order-small:0;--awb-spacing-right-small:1.92%;--awb-spacing-left-small:1.92%;\"><div class=\"fusion-column-wrapper fusion-column-has-shadow fusion-flex-justify-content-flex-start fusion-content-layout-column\"><\/div><\/div><\/div><\/div>\n","protected":false},"excerpt":{"rendered":"","protected":false},"author":5,"featured_media":7260,"comment_status":"open","ping_status":"closed","sticky":false,"template":"","format":"standard","meta":{"_acf_changed":false,"footnotes":""},"categories":[69],"tags":[],"class_list":["post-7254","post","type-post","status-publish","format-standard","has-post-thumbnail","hentry","category-blog-ca"],"acf":[],"yoast_head":"<!-- This site is optimized with the Yoast SEO plugin v27.5 - https:\/\/yoast.com\/product\/yoast-seo-wordpress\/ -->\n<title>Marina Palam\u00f3s brilla despr\u00e9s d\u2019una jornada de neteja inoblidable - Marina Palam\u00f3s<\/title>\n<meta name=\"description\" content=\"El 17 de maig vam celebrar la XIV Neteja de Fons a Marina Palam\u00f3s. Protegim el fons mar\u00ed i fomentem la consci\u00e8ncia ecol\u00f2gica.\" \/>\n<meta name=\"robots\" content=\"index, follow, max-snippet:-1, max-image-preview:large, max-video-preview:-1\" \/>\n<link rel=\"canonical\" href=\"https:\/\/www.marinapalamos.com\/marina-palamos-brilla-tras-una-jornada-de-limpieza-inolvidable\/\" \/>\n<meta property=\"og:locale\" content=\"ca_ES\" \/>\n<meta property=\"og:type\" content=\"article\" \/>\n<meta property=\"og:title\" content=\"Marina Palam\u00f3s brilla despr\u00e9s d\u2019una jornada de neteja inoblidable - Marina Palam\u00f3s\" \/>\n<meta property=\"og:description\" content=\"El 17 de maig vam celebrar la XIV Neteja de Fons a Marina Palam\u00f3s. Protegim el fons mar\u00ed i fomentem la consci\u00e8ncia ecol\u00f2gica.\" \/>\n<meta property=\"og:url\" content=\"https:\/\/www.marinapalamos.com\/marina-palamos-brilla-tras-una-jornada-de-limpieza-inolvidable\/\" \/>\n<meta property=\"og:site_name\" content=\"Marina Palam\u00f3s\" \/>\n<meta property=\"article:published_time\" content=\"2025-05-27T07:37:50+00:00\" \/>\n<meta property=\"article:modified_time\" content=\"2025-05-27T07:37:59+00:00\" \/>\n<meta property=\"og:image\" content=\"https:\/\/www.marinapalamos.com\/wp-content\/uploads\/2025\/05\/NETEJA-FONS-2025-PORTADA.png\" \/>\n\t<meta property=\"og:image:width\" content=\"500\" \/>\n\t<meta property=\"og:image:height\" content=\"300\" \/>\n\t<meta property=\"og:image:type\" content=\"image\/png\" \/>\n<meta name=\"author\" content=\"Mauricio\" \/>\n<meta name=\"twitter:card\" content=\"summary_large_image\" \/>\n<meta name=\"twitter:label1\" content=\"Escrit per\" \/>\n\t<meta name=\"twitter:data1\" content=\"Mauricio\" \/>\n\t<meta name=\"twitter:label2\" content=\"Temps estimat de lectura\" \/>\n\t<meta name=\"twitter:data2\" content=\"2 minuts\" \/>\n<script type=\"application\/ld+json\" class=\"yoast-schema-graph\">{\"@context\":\"https:\\\/\\\/schema.org\",\"@graph\":[{\"@type\":\"Article\",\"@id\":\"https:\\\/\\\/www.marinapalamos.com\\\/marina-palamos-brilla-tras-una-jornada-de-limpieza-inolvidable\\\/#article\",\"isPartOf\":{\"@id\":\"https:\\\/\\\/www.marinapalamos.com\\\/marina-palamos-brilla-tras-una-jornada-de-limpieza-inolvidable\\\/\"},\"author\":{\"name\":\"Mauricio\",\"@id\":\"https:\\\/\\\/www.marinapalamos.com\\\/#\\\/schema\\\/person\\\/9604bbc17d32ce2823e8ffc3e3efb0f3\"},\"headline\":\"Marina Palam\u00f3s brilla despr\u00e9s d\u2019una jornada de neteja inoblidable\",\"datePublished\":\"2025-05-27T07:37:50+00:00\",\"dateModified\":\"2025-05-27T07:37:59+00:00\",\"mainEntityOfPage\":{\"@id\":\"https:\\\/\\\/www.marinapalamos.com\\\/marina-palamos-brilla-tras-una-jornada-de-limpieza-inolvidable\\\/\"},\"wordCount\":828,\"commentCount\":0,\"image\":{\"@id\":\"https:\\\/\\\/www.marinapalamos.com\\\/marina-palamos-brilla-tras-una-jornada-de-limpieza-inolvidable\\\/#primaryimage\"},\"thumbnailUrl\":\"https:\\\/\\\/www.marinapalamos.com\\\/wp-content\\\/uploads\\\/2025\\\/05\\\/NETEJA-FONS-2025-PORTADA.png\",\"articleSection\":[\"Blog\"],\"inLanguage\":\"ca\",\"potentialAction\":[{\"@type\":\"CommentAction\",\"name\":\"Comment\",\"target\":[\"https:\\\/\\\/www.marinapalamos.com\\\/marina-palamos-brilla-tras-una-jornada-de-limpieza-inolvidable\\\/#respond\"]}]},{\"@type\":\"WebPage\",\"@id\":\"https:\\\/\\\/www.marinapalamos.com\\\/marina-palamos-brilla-tras-una-jornada-de-limpieza-inolvidable\\\/\",\"url\":\"https:\\\/\\\/www.marinapalamos.com\\\/marina-palamos-brilla-tras-una-jornada-de-limpieza-inolvidable\\\/\",\"name\":\"Marina Palam\u00f3s brilla despr\u00e9s d\u2019una jornada de neteja inoblidable - Marina Palam\u00f3s\",\"isPartOf\":{\"@id\":\"https:\\\/\\\/www.marinapalamos.com\\\/#website\"},\"primaryImageOfPage\":{\"@id\":\"https:\\\/\\\/www.marinapalamos.com\\\/marina-palamos-brilla-tras-una-jornada-de-limpieza-inolvidable\\\/#primaryimage\"},\"image\":{\"@id\":\"https:\\\/\\\/www.marinapalamos.com\\\/marina-palamos-brilla-tras-una-jornada-de-limpieza-inolvidable\\\/#primaryimage\"},\"thumbnailUrl\":\"https:\\\/\\\/www.marinapalamos.com\\\/wp-content\\\/uploads\\\/2025\\\/05\\\/NETEJA-FONS-2025-PORTADA.png\",\"datePublished\":\"2025-05-27T07:37:50+00:00\",\"dateModified\":\"2025-05-27T07:37:59+00:00\",\"author\":{\"@id\":\"https:\\\/\\\/www.marinapalamos.com\\\/#\\\/schema\\\/person\\\/9604bbc17d32ce2823e8ffc3e3efb0f3\"},\"description\":\"El 17 de maig vam celebrar la XIV Neteja de Fons a Marina Palam\u00f3s. Protegim el fons mar\u00ed i fomentem la consci\u00e8ncia ecol\u00f2gica.\",\"breadcrumb\":{\"@id\":\"https:\\\/\\\/www.marinapalamos.com\\\/marina-palamos-brilla-tras-una-jornada-de-limpieza-inolvidable\\\/#breadcrumb\"},\"inLanguage\":\"ca\",\"potentialAction\":[{\"@type\":\"ReadAction\",\"target\":[\"https:\\\/\\\/www.marinapalamos.com\\\/marina-palamos-brilla-tras-una-jornada-de-limpieza-inolvidable\\\/\"]}]},{\"@type\":\"ImageObject\",\"inLanguage\":\"ca\",\"@id\":\"https:\\\/\\\/www.marinapalamos.com\\\/marina-palamos-brilla-tras-una-jornada-de-limpieza-inolvidable\\\/#primaryimage\",\"url\":\"https:\\\/\\\/www.marinapalamos.com\\\/wp-content\\\/uploads\\\/2025\\\/05\\\/NETEJA-FONS-2025-PORTADA.png\",\"contentUrl\":\"https:\\\/\\\/www.marinapalamos.com\\\/wp-content\\\/uploads\\\/2025\\\/05\\\/NETEJA-FONS-2025-PORTADA.png\",\"width\":500,\"height\":300},{\"@type\":\"BreadcrumbList\",\"@id\":\"https:\\\/\\\/www.marinapalamos.com\\\/marina-palamos-brilla-tras-una-jornada-de-limpieza-inolvidable\\\/#breadcrumb\",\"itemListElement\":[{\"@type\":\"ListItem\",\"position\":1,\"name\":\"Inicio\",\"item\":\"https:\\\/\\\/www.marinapalamos.com\\\/ca\\\/\"},{\"@type\":\"ListItem\",\"position\":2,\"name\":\"Marina Palam\u00f3s brilla despr\u00e9s d\u2019una jornada de neteja inoblidable\"}]},{\"@type\":\"WebSite\",\"@id\":\"https:\\\/\\\/www.marinapalamos.com\\\/#website\",\"url\":\"https:\\\/\\\/www.marinapalamos.com\\\/\",\"name\":\"Marina Palam\u00f3s\",\"description\":\"Marina Palam\u00f3s\",\"potentialAction\":[{\"@type\":\"SearchAction\",\"target\":{\"@type\":\"EntryPoint\",\"urlTemplate\":\"https:\\\/\\\/www.marinapalamos.com\\\/?s={search_term_string}\"},\"query-input\":{\"@type\":\"PropertyValueSpecification\",\"valueRequired\":true,\"valueName\":\"search_term_string\"}}],\"inLanguage\":\"ca\"},{\"@type\":\"Person\",\"@id\":\"https:\\\/\\\/www.marinapalamos.com\\\/#\\\/schema\\\/person\\\/9604bbc17d32ce2823e8ffc3e3efb0f3\",\"name\":\"Mauricio\",\"image\":{\"@type\":\"ImageObject\",\"inLanguage\":\"ca\",\"@id\":\"https:\\\/\\\/secure.gravatar.com\\\/avatar\\\/66f31716a14ebbbf9d76c4d8a1e5e44ee4b8992044a9034b47ebd0c89cc8c57b?s=96&d=mm&r=g\",\"url\":\"https:\\\/\\\/secure.gravatar.com\\\/avatar\\\/66f31716a14ebbbf9d76c4d8a1e5e44ee4b8992044a9034b47ebd0c89cc8c57b?s=96&d=mm&r=g\",\"contentUrl\":\"https:\\\/\\\/secure.gravatar.com\\\/avatar\\\/66f31716a14ebbbf9d76c4d8a1e5e44ee4b8992044a9034b47ebd0c89cc8c57b?s=96&d=mm&r=g\",\"caption\":\"Mauricio\"},\"url\":\"https:\\\/\\\/www.marinapalamos.com\\\/ca\\\/author\\\/mauricio\\\/\"}]}<\/script>\n<!-- \/ Yoast SEO plugin. -->","yoast_head_json":{"title":"Marina Palam\u00f3s brilla despr\u00e9s d\u2019una jornada de neteja inoblidable - Marina Palam\u00f3s","description":"El 17 de maig vam celebrar la XIV Neteja de Fons a Marina Palam\u00f3s. Protegim el fons mar\u00ed i fomentem la consci\u00e8ncia ecol\u00f2gica.","robots":{"index":"index","follow":"follow","max-snippet":"max-snippet:-1","max-image-preview":"max-image-preview:large","max-video-preview":"max-video-preview:-1"},"canonical":"https:\/\/www.marinapalamos.com\/marina-palamos-brilla-tras-una-jornada-de-limpieza-inolvidable\/","og_locale":"ca_ES","og_type":"article","og_title":"Marina Palam\u00f3s brilla despr\u00e9s d\u2019una jornada de neteja inoblidable - Marina Palam\u00f3s","og_description":"El 17 de maig vam celebrar la XIV Neteja de Fons a Marina Palam\u00f3s. Protegim el fons mar\u00ed i fomentem la consci\u00e8ncia ecol\u00f2gica.","og_url":"https:\/\/www.marinapalamos.com\/marina-palamos-brilla-tras-una-jornada-de-limpieza-inolvidable\/","og_site_name":"Marina Palam\u00f3s","article_published_time":"2025-05-27T07:37:50+00:00","article_modified_time":"2025-05-27T07:37:59+00:00","og_image":[{"width":500,"height":300,"url":"https:\/\/www.marinapalamos.com\/wp-content\/uploads\/2025\/05\/NETEJA-FONS-2025-PORTADA.png","type":"image\/png"}],"author":"Mauricio","twitter_card":"summary_large_image","twitter_misc":{"Escrit per":"Mauricio","Temps estimat de lectura":"2 minuts"},"schema":{"@context":"https:\/\/schema.org","@graph":[{"@type":"Article","@id":"https:\/\/www.marinapalamos.com\/marina-palamos-brilla-tras-una-jornada-de-limpieza-inolvidable\/#article","isPartOf":{"@id":"https:\/\/www.marinapalamos.com\/marina-palamos-brilla-tras-una-jornada-de-limpieza-inolvidable\/"},"author":{"name":"Mauricio","@id":"https:\/\/www.marinapalamos.com\/#\/schema\/person\/9604bbc17d32ce2823e8ffc3e3efb0f3"},"headline":"Marina Palam\u00f3s brilla despr\u00e9s d\u2019una jornada de neteja inoblidable","datePublished":"2025-05-27T07:37:50+00:00","dateModified":"2025-05-27T07:37:59+00:00","mainEntityOfPage":{"@id":"https:\/\/www.marinapalamos.com\/marina-palamos-brilla-tras-una-jornada-de-limpieza-inolvidable\/"},"wordCount":828,"commentCount":0,"image":{"@id":"https:\/\/www.marinapalamos.com\/marina-palamos-brilla-tras-una-jornada-de-limpieza-inolvidable\/#primaryimage"},"thumbnailUrl":"https:\/\/www.marinapalamos.com\/wp-content\/uploads\/2025\/05\/NETEJA-FONS-2025-PORTADA.png","articleSection":["Blog"],"inLanguage":"ca","potentialAction":[{"@type":"CommentAction","name":"Comment","target":["https:\/\/www.marinapalamos.com\/marina-palamos-brilla-tras-una-jornada-de-limpieza-inolvidable\/#respond"]}]},{"@type":"WebPage","@id":"https:\/\/www.marinapalamos.com\/marina-palamos-brilla-tras-una-jornada-de-limpieza-inolvidable\/","url":"https:\/\/www.marinapalamos.com\/marina-palamos-brilla-tras-una-jornada-de-limpieza-inolvidable\/","name":"Marina Palam\u00f3s brilla despr\u00e9s d\u2019una jornada de neteja inoblidable - Marina Palam\u00f3s","isPartOf":{"@id":"https:\/\/www.marinapalamos.com\/#website"},"primaryImageOfPage":{"@id":"https:\/\/www.marinapalamos.com\/marina-palamos-brilla-tras-una-jornada-de-limpieza-inolvidable\/#primaryimage"},"image":{"@id":"https:\/\/www.marinapalamos.com\/marina-palamos-brilla-tras-una-jornada-de-limpieza-inolvidable\/#primaryimage"},"thumbnailUrl":"https:\/\/www.marinapalamos.com\/wp-content\/uploads\/2025\/05\/NETEJA-FONS-2025-PORTADA.png","datePublished":"2025-05-27T07:37:50+00:00","dateModified":"2025-05-27T07:37:59+00:00","author":{"@id":"https:\/\/www.marinapalamos.com\/#\/schema\/person\/9604bbc17d32ce2823e8ffc3e3efb0f3"},"description":"El 17 de maig vam celebrar la XIV Neteja de Fons a Marina Palam\u00f3s. Protegim el fons mar\u00ed i fomentem la consci\u00e8ncia ecol\u00f2gica.","breadcrumb":{"@id":"https:\/\/www.marinapalamos.com\/marina-palamos-brilla-tras-una-jornada-de-limpieza-inolvidable\/#breadcrumb"},"inLanguage":"ca","potentialAction":[{"@type":"ReadAction","target":["https:\/\/www.marinapalamos.com\/marina-palamos-brilla-tras-una-jornada-de-limpieza-inolvidable\/"]}]},{"@type":"ImageObject","inLanguage":"ca","@id":"https:\/\/www.marinapalamos.com\/marina-palamos-brilla-tras-una-jornada-de-limpieza-inolvidable\/#primaryimage","url":"https:\/\/www.marinapalamos.com\/wp-content\/uploads\/2025\/05\/NETEJA-FONS-2025-PORTADA.png","contentUrl":"https:\/\/www.marinapalamos.com\/wp-content\/uploads\/2025\/05\/NETEJA-FONS-2025-PORTADA.png","width":500,"height":300},{"@type":"BreadcrumbList","@id":"https:\/\/www.marinapalamos.com\/marina-palamos-brilla-tras-una-jornada-de-limpieza-inolvidable\/#breadcrumb","itemListElement":[{"@type":"ListItem","position":1,"name":"Inicio","item":"https:\/\/www.marinapalamos.com\/ca\/"},{"@type":"ListItem","position":2,"name":"Marina Palam\u00f3s brilla despr\u00e9s d\u2019una jornada de neteja inoblidable"}]},{"@type":"WebSite","@id":"https:\/\/www.marinapalamos.com\/#website","url":"https:\/\/www.marinapalamos.com\/","name":"Marina Palam\u00f3s","description":"Marina Palam\u00f3s","potentialAction":[{"@type":"SearchAction","target":{"@type":"EntryPoint","urlTemplate":"https:\/\/www.marinapalamos.com\/?s={search_term_string}"},"query-input":{"@type":"PropertyValueSpecification","valueRequired":true,"valueName":"search_term_string"}}],"inLanguage":"ca"},{"@type":"Person","@id":"https:\/\/www.marinapalamos.com\/#\/schema\/person\/9604bbc17d32ce2823e8ffc3e3efb0f3","name":"Mauricio","image":{"@type":"ImageObject","inLanguage":"ca","@id":"https:\/\/secure.gravatar.com\/avatar\/66f31716a14ebbbf9d76c4d8a1e5e44ee4b8992044a9034b47ebd0c89cc8c57b?s=96&d=mm&r=g","url":"https:\/\/secure.gravatar.com\/avatar\/66f31716a14ebbbf9d76c4d8a1e5e44ee4b8992044a9034b47ebd0c89cc8c57b?s=96&d=mm&r=g","contentUrl":"https:\/\/secure.gravatar.com\/avatar\/66f31716a14ebbbf9d76c4d8a1e5e44ee4b8992044a9034b47ebd0c89cc8c57b?s=96&d=mm&r=g","caption":"Mauricio"},"url":"https:\/\/www.marinapalamos.com\/ca\/author\/mauricio\/"}]}},"_links":{"self":[{"href":"https:\/\/www.marinapalamos.com\/ca\/wp-json\/wp\/v2\/posts\/7254","targetHints":{"allow":["GET"]}}],"collection":[{"href":"https:\/\/www.marinapalamos.com\/ca\/wp-json\/wp\/v2\/posts"}],"about":[{"href":"https:\/\/www.marinapalamos.com\/ca\/wp-json\/wp\/v2\/types\/post"}],"author":[{"embeddable":true,"href":"https:\/\/www.marinapalamos.com\/ca\/wp-json\/wp\/v2\/users\/5"}],"replies":[{"embeddable":true,"href":"https:\/\/www.marinapalamos.com\/ca\/wp-json\/wp\/v2\/comments?post=7254"}],"version-history":[{"count":2,"href":"https:\/\/www.marinapalamos.com\/ca\/wp-json\/wp\/v2\/posts\/7254\/revisions"}],"predecessor-version":[{"id":7265,"href":"https:\/\/www.marinapalamos.com\/ca\/wp-json\/wp\/v2\/posts\/7254\/revisions\/7265"}],"wp:featuredmedia":[{"embeddable":true,"href":"https:\/\/www.marinapalamos.com\/ca\/wp-json\/wp\/v2\/media\/7260"}],"wp:attachment":[{"href":"https:\/\/www.marinapalamos.com\/ca\/wp-json\/wp\/v2\/media?parent=7254"}],"wp:term":[{"taxonomy":"category","embeddable":true,"href":"https:\/\/www.marinapalamos.com\/ca\/wp-json\/wp\/v2\/categories?post=7254"},{"taxonomy":"post_tag","embeddable":true,"href":"https:\/\/www.marinapalamos.com\/ca\/wp-json\/wp\/v2\/tags?post=7254"}],"curies":[{"name":"wp","href":"https:\/\/api.w.org\/{rel}","templated":true}]}}