{"id":7286,"date":"2025-06-13T07:30:38","date_gmt":"2025-06-13T07:30:38","guid":{"rendered":"https:\/\/www.marinapalamos.com\/?p=7286"},"modified":"2025-06-13T07:30:45","modified_gmt":"2025-06-13T07:30:45","slug":"marina-palamos-94-de-autoconsumo-electrico","status":"publish","type":"post","link":"https:\/\/www.marinapalamos.com\/ca\/marina-palamos-94-de-autoconsumo-electrico\/","title":{"rendered":"Marina Palam\u00f3s assoleix un 94% d\u2019autoconsum el\u00e8ctric al maig"},"content":{"rendered":"<div class=\"fusion-fullwidth fullwidth-box fusion-builder-row-1 fusion-flex-container nonhundred-percent-fullwidth non-hundred-percent-height-scrolling\" style=\"--awb-border-radius-top-left:0px;--awb-border-radius-top-right:0px;--awb-border-radius-bottom-right:0px;--awb-border-radius-bottom-left:0px;--awb-flex-wrap:wrap;\" ><div class=\"fusion-builder-row fusion-row fusion-flex-align-items-flex-start fusion-flex-content-wrap\" style=\"max-width:1300px;margin-left: calc(-4% \/ 2 );margin-right: calc(-4% \/ 2 );\"><div class=\"fusion-layout-column fusion_builder_column fusion-builder-column-0 fusion_builder_column_1_1 1_1 fusion-flex-column\" style=\"--awb-bg-size:cover;--awb-width-large:100%;--awb-margin-top-large:0px;--awb-spacing-right-large:1.92%;--awb-margin-bottom-large:20px;--awb-spacing-left-large:1.92%;--awb-width-medium:100%;--awb-order-medium:0;--awb-spacing-right-medium:1.92%;--awb-spacing-left-medium:1.92%;--awb-width-small:100%;--awb-order-small:0;--awb-spacing-right-small:1.92%;--awb-spacing-left-small:1.92%;\"><div class=\"fusion-column-wrapper fusion-column-has-shadow fusion-flex-justify-content-flex-start fusion-content-layout-column\"><div class=\"fusion-text fusion-text-1\" style=\"--awb-text-transform:none;\"><p data-pm-slice=\"1 1 &#091;&#093;\">Lectura: 2 min<\/p>\n<p data-start=\"162\" data-end=\"407\"><strong>\u00c9s possible que un port s\u2019acosti a l\u2019autosufici\u00e8ncia energ\u00e8tica?<\/strong> A Marina Palam\u00f3s ho estem demostrant. Durant el mes de maig hem assolit un <strong data-start=\"302\" data-end=\"331\">94% d\u2019autoconsum el\u00e8ctric<\/strong>, consolidant un pas ferm cap a un model portuari m\u00e9s sostenible i eficient.<\/p>\n<p data-start=\"409\" data-end=\"752\">Aquesta fita \u00e9s el resultat del nostre comprom\u00eds amb les energies renovables i de la incorporaci\u00f3 de tecnologies avan\u00e7ades de generaci\u00f3 i emmagatzematge energ\u00e8tic. La nostra instal\u00b7laci\u00f3 solar fotovoltaica, combinada amb un sistema de bateries d\u2019i\u00f3-liti, ens permet cobrir gaireb\u00e9 la totalitat de les necessitats energ\u00e8tiques di\u00e0ries del port.<\/p>\n<p data-start=\"409\" data-end=\"752\">La setmana passada vam rebre la visita dels equips t\u00e8cnics d\u2019<strong data-start=\"1077\" data-end=\"1094\">Ampere Energy<\/strong> i <strong data-start=\"1097\" data-end=\"1135\">Green Electric Energies Renovables<\/strong>, amb qui vam revisar conjuntament el rendiment de la instal\u00b7laci\u00f3 i vam validar els excel\u00b7lents resultats assolits.<\/p>\n<p><img decoding=\"async\" class=\" wp-image-7291 aligncenter\" src=\"https:\/\/www.marinapalamos.com\/wp-content\/uploads\/2025\/06\/BATERIAS-94-IMAGEN-BLOG-1024x614.png\" alt=\"\" width=\"749\" height=\"449\" srcset=\"https:\/\/www.marinapalamos.com\/wp-content\/uploads\/2025\/06\/BATERIAS-94-IMAGEN-BLOG-200x120.png 200w, https:\/\/www.marinapalamos.com\/wp-content\/uploads\/2025\/06\/BATERIAS-94-IMAGEN-BLOG-300x180.png 300w, https:\/\/www.marinapalamos.com\/wp-content\/uploads\/2025\/06\/BATERIAS-94-IMAGEN-BLOG-400x240.png 400w, https:\/\/www.marinapalamos.com\/wp-content\/uploads\/2025\/06\/BATERIAS-94-IMAGEN-BLOG-600x360.png 600w, https:\/\/www.marinapalamos.com\/wp-content\/uploads\/2025\/06\/BATERIAS-94-IMAGEN-BLOG-768x461.png 768w, https:\/\/www.marinapalamos.com\/wp-content\/uploads\/2025\/06\/BATERIAS-94-IMAGEN-BLOG-800x480.png 800w, https:\/\/www.marinapalamos.com\/wp-content\/uploads\/2025\/06\/BATERIAS-94-IMAGEN-BLOG-1024x614.png 1024w, https:\/\/www.marinapalamos.com\/wp-content\/uploads\/2025\/06\/BATERIAS-94-IMAGEN-BLOG-1200x720.png 1200w, https:\/\/www.marinapalamos.com\/wp-content\/uploads\/2025\/06\/BATERIAS-94-IMAGEN-BLOG.png 1500w\" sizes=\"(max-width: 749px) 100vw, 749px\" \/><\/p>\n<h3 data-start=\"754\" data-end=\"794\">Dades destacades de la instal\u00b7laci\u00f3:<\/h3>\n<ul data-start=\"796\" data-end=\"1014\">\n<li data-start=\"796\" data-end=\"855\">\n<p data-start=\"798\" data-end=\"855\">\u2600\ufe0f <strong data-start=\"801\" data-end=\"846\">Pot\u00e8ncia de generaci\u00f3 solar fotovoltaica:<\/strong> 300\u202fkW<\/p>\n<\/li>\n<li data-start=\"856\" data-end=\"903\">\n<p data-start=\"858\" data-end=\"903\">\ud83d\udd0b <strong data-start=\"861\" data-end=\"893\">Tecnologia d\u2019emmagatzematge:<\/strong> I\u00f3-liti<\/p>\n<\/li>\n<li data-start=\"904\" data-end=\"950\">\n<p data-start=\"906\" data-end=\"950\">\ud83d\udd0b <strong data-start=\"909\" data-end=\"940\">Capacitat d\u2019emmagatzematge:<\/strong> 480\u202fkWh<\/p>\n<\/li>\n<li data-start=\"951\" data-end=\"1014\">\n<p data-start=\"953\" data-end=\"1014\">\u26a1 <strong data-start=\"955\" data-end=\"1005\">Pot\u00e8ncia nominal del sistema d\u2019emmagatzematge:<\/strong> 100\u202fkW<\/p>\n<\/li>\n<\/ul>\n<h3 data-start=\"1253\" data-end=\"1289\">El nostre comprom\u00eds amb el futur<\/h3>\n<p data-start=\"1291\" data-end=\"1574\">A Marina Palam\u00f3s continuem treballant per reduir la nostra petjada ambiental i convertir-nos en un referent d\u2019innovaci\u00f3 sostenible dins l\u2019\u00e0mbit portuari. Aquest assoliment no \u00e9s un punt final, sin\u00f3 un pas m\u00e9s dins una estrat\u00e8gia cont\u00ednua de millora ambiental i efici\u00e8ncia energ\u00e8tica.<\/p>\n<p data-start=\"1576\" data-end=\"1691\">Seguirem impulsant iniciatives que ens acostin cada dia m\u00e9s a un port net, autosuficient i respectu\u00f3s amb l\u2019entorn.<\/p>\n<\/div><\/div><\/div><div class=\"fusion-layout-column fusion_builder_column fusion-builder-column-1 fusion_builder_column_1_1 1_1 fusion-flex-column\" style=\"--awb-bg-size:cover;--awb-width-large:100%;--awb-margin-top-large:0px;--awb-spacing-right-large:1.92%;--awb-margin-bottom-large:20px;--awb-spacing-left-large:1.92%;--awb-width-medium:100%;--awb-order-medium:0;--awb-spacing-right-medium:1.92%;--awb-spacing-left-medium:1.92%;--awb-width-small:100%;--awb-order-small:0;--awb-spacing-right-small:1.92%;--awb-spacing-left-small:1.92%;\"><div class=\"fusion-column-wrapper fusion-column-has-shadow fusion-flex-justify-content-flex-start fusion-content-layout-column\"><\/div><\/div><\/div><\/div>\n","protected":false},"excerpt":{"rendered":"","protected":false},"author":5,"featured_media":7289,"comment_status":"open","ping_status":"closed","sticky":false,"template":"","format":"standard","meta":{"_acf_changed":false,"footnotes":""},"categories":[69],"tags":[],"class_list":["post-7286","post","type-post","status-publish","format-standard","has-post-thumbnail","hentry","category-blog-ca"],"acf":[],"yoast_head":"<!-- This site is optimized with the Yoast SEO plugin v27.5 - https:\/\/yoast.com\/product\/yoast-seo-wordpress\/ -->\n<title>Marina Palam\u00f3s assoleix un 94% d\u2019autoconsum el\u00e8ctric al maig - Marina Palam\u00f3s<\/title>\n<meta name=\"description\" content=\"Al maig, Marina Palam\u00f3s ha assolit un 94% d\u2019autoconsum el\u00e8ctric gr\u00e0cies al seu sistema fotovoltaic i de bateries.\" \/>\n<meta name=\"robots\" content=\"index, follow, max-snippet:-1, max-image-preview:large, max-video-preview:-1\" \/>\n<link rel=\"canonical\" href=\"https:\/\/www.marinapalamos.com\/marina-palamos-94-de-autoconsumo-electrico\/\" \/>\n<meta property=\"og:locale\" content=\"ca_ES\" \/>\n<meta property=\"og:type\" content=\"article\" \/>\n<meta property=\"og:title\" content=\"Marina Palam\u00f3s assoleix un 94% d\u2019autoconsum el\u00e8ctric al maig - Marina Palam\u00f3s\" \/>\n<meta property=\"og:description\" content=\"Al maig, Marina Palam\u00f3s ha assolit un 94% d\u2019autoconsum el\u00e8ctric gr\u00e0cies al seu sistema fotovoltaic i de bateries.\" \/>\n<meta property=\"og:url\" content=\"https:\/\/www.marinapalamos.com\/marina-palamos-94-de-autoconsumo-electrico\/\" \/>\n<meta property=\"og:site_name\" content=\"Marina Palam\u00f3s\" \/>\n<meta property=\"article:published_time\" content=\"2025-06-13T07:30:38+00:00\" \/>\n<meta property=\"article:modified_time\" content=\"2025-06-13T07:30:45+00:00\" \/>\n<meta property=\"og:image\" content=\"https:\/\/www.marinapalamos.com\/wp-content\/uploads\/2025\/06\/BATERIAS-94-PORTADA.png\" \/>\n\t<meta property=\"og:image:width\" content=\"500\" \/>\n\t<meta property=\"og:image:height\" content=\"300\" \/>\n\t<meta property=\"og:image:type\" content=\"image\/png\" \/>\n<meta name=\"author\" content=\"Mauricio\" \/>\n<meta name=\"twitter:card\" content=\"summary_large_image\" \/>\n<meta name=\"twitter:label1\" content=\"Escrit per\" \/>\n\t<meta name=\"twitter:data1\" content=\"Mauricio\" \/>\n\t<meta name=\"twitter:label2\" content=\"Temps estimat de lectura\" \/>\n\t<meta name=\"twitter:data2\" content=\"2 minuts\" \/>\n<script type=\"application\/ld+json\" class=\"yoast-schema-graph\">{\"@context\":\"https:\\\/\\\/schema.org\",\"@graph\":[{\"@type\":\"Article\",\"@id\":\"https:\\\/\\\/www.marinapalamos.com\\\/marina-palamos-94-de-autoconsumo-electrico\\\/#article\",\"isPartOf\":{\"@id\":\"https:\\\/\\\/www.marinapalamos.com\\\/marina-palamos-94-de-autoconsumo-electrico\\\/\"},\"author\":{\"name\":\"Mauricio\",\"@id\":\"https:\\\/\\\/www.marinapalamos.com\\\/#\\\/schema\\\/person\\\/9604bbc17d32ce2823e8ffc3e3efb0f3\"},\"headline\":\"Marina Palam\u00f3s assoleix un 94% d\u2019autoconsum el\u00e8ctric al maig\",\"datePublished\":\"2025-06-13T07:30:38+00:00\",\"dateModified\":\"2025-06-13T07:30:45+00:00\",\"mainEntityOfPage\":{\"@id\":\"https:\\\/\\\/www.marinapalamos.com\\\/marina-palamos-94-de-autoconsumo-electrico\\\/\"},\"wordCount\":841,\"commentCount\":0,\"image\":{\"@id\":\"https:\\\/\\\/www.marinapalamos.com\\\/marina-palamos-94-de-autoconsumo-electrico\\\/#primaryimage\"},\"thumbnailUrl\":\"https:\\\/\\\/www.marinapalamos.com\\\/wp-content\\\/uploads\\\/2025\\\/06\\\/BATERIAS-94-PORTADA.png\",\"articleSection\":[\"Blog\"],\"inLanguage\":\"ca\",\"potentialAction\":[{\"@type\":\"CommentAction\",\"name\":\"Comment\",\"target\":[\"https:\\\/\\\/www.marinapalamos.com\\\/marina-palamos-94-de-autoconsumo-electrico\\\/#respond\"]}]},{\"@type\":\"WebPage\",\"@id\":\"https:\\\/\\\/www.marinapalamos.com\\\/marina-palamos-94-de-autoconsumo-electrico\\\/\",\"url\":\"https:\\\/\\\/www.marinapalamos.com\\\/marina-palamos-94-de-autoconsumo-electrico\\\/\",\"name\":\"Marina Palam\u00f3s assoleix un 94% d\u2019autoconsum el\u00e8ctric al maig - Marina Palam\u00f3s\",\"isPartOf\":{\"@id\":\"https:\\\/\\\/www.marinapalamos.com\\\/#website\"},\"primaryImageOfPage\":{\"@id\":\"https:\\\/\\\/www.marinapalamos.com\\\/marina-palamos-94-de-autoconsumo-electrico\\\/#primaryimage\"},\"image\":{\"@id\":\"https:\\\/\\\/www.marinapalamos.com\\\/marina-palamos-94-de-autoconsumo-electrico\\\/#primaryimage\"},\"thumbnailUrl\":\"https:\\\/\\\/www.marinapalamos.com\\\/wp-content\\\/uploads\\\/2025\\\/06\\\/BATERIAS-94-PORTADA.png\",\"datePublished\":\"2025-06-13T07:30:38+00:00\",\"dateModified\":\"2025-06-13T07:30:45+00:00\",\"author\":{\"@id\":\"https:\\\/\\\/www.marinapalamos.com\\\/#\\\/schema\\\/person\\\/9604bbc17d32ce2823e8ffc3e3efb0f3\"},\"description\":\"Al maig, Marina Palam\u00f3s ha assolit un 94% d\u2019autoconsum el\u00e8ctric gr\u00e0cies al seu sistema fotovoltaic i de bateries.\",\"breadcrumb\":{\"@id\":\"https:\\\/\\\/www.marinapalamos.com\\\/marina-palamos-94-de-autoconsumo-electrico\\\/#breadcrumb\"},\"inLanguage\":\"ca\",\"potentialAction\":[{\"@type\":\"ReadAction\",\"target\":[\"https:\\\/\\\/www.marinapalamos.com\\\/marina-palamos-94-de-autoconsumo-electrico\\\/\"]}]},{\"@type\":\"ImageObject\",\"inLanguage\":\"ca\",\"@id\":\"https:\\\/\\\/www.marinapalamos.com\\\/marina-palamos-94-de-autoconsumo-electrico\\\/#primaryimage\",\"url\":\"https:\\\/\\\/www.marinapalamos.com\\\/wp-content\\\/uploads\\\/2025\\\/06\\\/BATERIAS-94-PORTADA.png\",\"contentUrl\":\"https:\\\/\\\/www.marinapalamos.com\\\/wp-content\\\/uploads\\\/2025\\\/06\\\/BATERIAS-94-PORTADA.png\",\"width\":500,\"height\":300},{\"@type\":\"BreadcrumbList\",\"@id\":\"https:\\\/\\\/www.marinapalamos.com\\\/marina-palamos-94-de-autoconsumo-electrico\\\/#breadcrumb\",\"itemListElement\":[{\"@type\":\"ListItem\",\"position\":1,\"name\":\"Inicio\",\"item\":\"https:\\\/\\\/www.marinapalamos.com\\\/ca\\\/\"},{\"@type\":\"ListItem\",\"position\":2,\"name\":\"Marina Palam\u00f3s assoleix un 94% d\u2019autoconsum el\u00e8ctric al maig\"}]},{\"@type\":\"WebSite\",\"@id\":\"https:\\\/\\\/www.marinapalamos.com\\\/#website\",\"url\":\"https:\\\/\\\/www.marinapalamos.com\\\/\",\"name\":\"Marina Palam\u00f3s\",\"description\":\"Marina Palam\u00f3s\",\"potentialAction\":[{\"@type\":\"SearchAction\",\"target\":{\"@type\":\"EntryPoint\",\"urlTemplate\":\"https:\\\/\\\/www.marinapalamos.com\\\/?s={search_term_string}\"},\"query-input\":{\"@type\":\"PropertyValueSpecification\",\"valueRequired\":true,\"valueName\":\"search_term_string\"}}],\"inLanguage\":\"ca\"},{\"@type\":\"Person\",\"@id\":\"https:\\\/\\\/www.marinapalamos.com\\\/#\\\/schema\\\/person\\\/9604bbc17d32ce2823e8ffc3e3efb0f3\",\"name\":\"Mauricio\",\"image\":{\"@type\":\"ImageObject\",\"inLanguage\":\"ca\",\"@id\":\"https:\\\/\\\/secure.gravatar.com\\\/avatar\\\/66f31716a14ebbbf9d76c4d8a1e5e44ee4b8992044a9034b47ebd0c89cc8c57b?s=96&d=mm&r=g\",\"url\":\"https:\\\/\\\/secure.gravatar.com\\\/avatar\\\/66f31716a14ebbbf9d76c4d8a1e5e44ee4b8992044a9034b47ebd0c89cc8c57b?s=96&d=mm&r=g\",\"contentUrl\":\"https:\\\/\\\/secure.gravatar.com\\\/avatar\\\/66f31716a14ebbbf9d76c4d8a1e5e44ee4b8992044a9034b47ebd0c89cc8c57b?s=96&d=mm&r=g\",\"caption\":\"Mauricio\"},\"url\":\"https:\\\/\\\/www.marinapalamos.com\\\/ca\\\/author\\\/mauricio\\\/\"}]}<\/script>\n<!-- \/ Yoast SEO plugin. -->","yoast_head_json":{"title":"Marina Palam\u00f3s assoleix un 94% d\u2019autoconsum el\u00e8ctric al maig - Marina Palam\u00f3s","description":"Al maig, Marina Palam\u00f3s ha assolit un 94% d\u2019autoconsum el\u00e8ctric gr\u00e0cies al seu sistema fotovoltaic i de bateries.","robots":{"index":"index","follow":"follow","max-snippet":"max-snippet:-1","max-image-preview":"max-image-preview:large","max-video-preview":"max-video-preview:-1"},"canonical":"https:\/\/www.marinapalamos.com\/marina-palamos-94-de-autoconsumo-electrico\/","og_locale":"ca_ES","og_type":"article","og_title":"Marina Palam\u00f3s assoleix un 94% d\u2019autoconsum el\u00e8ctric al maig - Marina Palam\u00f3s","og_description":"Al maig, Marina Palam\u00f3s ha assolit un 94% d\u2019autoconsum el\u00e8ctric gr\u00e0cies al seu sistema fotovoltaic i de bateries.","og_url":"https:\/\/www.marinapalamos.com\/marina-palamos-94-de-autoconsumo-electrico\/","og_site_name":"Marina Palam\u00f3s","article_published_time":"2025-06-13T07:30:38+00:00","article_modified_time":"2025-06-13T07:30:45+00:00","og_image":[{"width":500,"height":300,"url":"https:\/\/www.marinapalamos.com\/wp-content\/uploads\/2025\/06\/BATERIAS-94-PORTADA.png","type":"image\/png"}],"author":"Mauricio","twitter_card":"summary_large_image","twitter_misc":{"Escrit per":"Mauricio","Temps estimat de lectura":"2 minuts"},"schema":{"@context":"https:\/\/schema.org","@graph":[{"@type":"Article","@id":"https:\/\/www.marinapalamos.com\/marina-palamos-94-de-autoconsumo-electrico\/#article","isPartOf":{"@id":"https:\/\/www.marinapalamos.com\/marina-palamos-94-de-autoconsumo-electrico\/"},"author":{"name":"Mauricio","@id":"https:\/\/www.marinapalamos.com\/#\/schema\/person\/9604bbc17d32ce2823e8ffc3e3efb0f3"},"headline":"Marina Palam\u00f3s assoleix un 94% d\u2019autoconsum el\u00e8ctric al maig","datePublished":"2025-06-13T07:30:38+00:00","dateModified":"2025-06-13T07:30:45+00:00","mainEntityOfPage":{"@id":"https:\/\/www.marinapalamos.com\/marina-palamos-94-de-autoconsumo-electrico\/"},"wordCount":841,"commentCount":0,"image":{"@id":"https:\/\/www.marinapalamos.com\/marina-palamos-94-de-autoconsumo-electrico\/#primaryimage"},"thumbnailUrl":"https:\/\/www.marinapalamos.com\/wp-content\/uploads\/2025\/06\/BATERIAS-94-PORTADA.png","articleSection":["Blog"],"inLanguage":"ca","potentialAction":[{"@type":"CommentAction","name":"Comment","target":["https:\/\/www.marinapalamos.com\/marina-palamos-94-de-autoconsumo-electrico\/#respond"]}]},{"@type":"WebPage","@id":"https:\/\/www.marinapalamos.com\/marina-palamos-94-de-autoconsumo-electrico\/","url":"https:\/\/www.marinapalamos.com\/marina-palamos-94-de-autoconsumo-electrico\/","name":"Marina Palam\u00f3s assoleix un 94% d\u2019autoconsum el\u00e8ctric al maig - Marina Palam\u00f3s","isPartOf":{"@id":"https:\/\/www.marinapalamos.com\/#website"},"primaryImageOfPage":{"@id":"https:\/\/www.marinapalamos.com\/marina-palamos-94-de-autoconsumo-electrico\/#primaryimage"},"image":{"@id":"https:\/\/www.marinapalamos.com\/marina-palamos-94-de-autoconsumo-electrico\/#primaryimage"},"thumbnailUrl":"https:\/\/www.marinapalamos.com\/wp-content\/uploads\/2025\/06\/BATERIAS-94-PORTADA.png","datePublished":"2025-06-13T07:30:38+00:00","dateModified":"2025-06-13T07:30:45+00:00","author":{"@id":"https:\/\/www.marinapalamos.com\/#\/schema\/person\/9604bbc17d32ce2823e8ffc3e3efb0f3"},"description":"Al maig, Marina Palam\u00f3s ha assolit un 94% d\u2019autoconsum el\u00e8ctric gr\u00e0cies al seu sistema fotovoltaic i de bateries.","breadcrumb":{"@id":"https:\/\/www.marinapalamos.com\/marina-palamos-94-de-autoconsumo-electrico\/#breadcrumb"},"inLanguage":"ca","potentialAction":[{"@type":"ReadAction","target":["https:\/\/www.marinapalamos.com\/marina-palamos-94-de-autoconsumo-electrico\/"]}]},{"@type":"ImageObject","inLanguage":"ca","@id":"https:\/\/www.marinapalamos.com\/marina-palamos-94-de-autoconsumo-electrico\/#primaryimage","url":"https:\/\/www.marinapalamos.com\/wp-content\/uploads\/2025\/06\/BATERIAS-94-PORTADA.png","contentUrl":"https:\/\/www.marinapalamos.com\/wp-content\/uploads\/2025\/06\/BATERIAS-94-PORTADA.png","width":500,"height":300},{"@type":"BreadcrumbList","@id":"https:\/\/www.marinapalamos.com\/marina-palamos-94-de-autoconsumo-electrico\/#breadcrumb","itemListElement":[{"@type":"ListItem","position":1,"name":"Inicio","item":"https:\/\/www.marinapalamos.com\/ca\/"},{"@type":"ListItem","position":2,"name":"Marina Palam\u00f3s assoleix un 94% d\u2019autoconsum el\u00e8ctric al maig"}]},{"@type":"WebSite","@id":"https:\/\/www.marinapalamos.com\/#website","url":"https:\/\/www.marinapalamos.com\/","name":"Marina Palam\u00f3s","description":"Marina Palam\u00f3s","potentialAction":[{"@type":"SearchAction","target":{"@type":"EntryPoint","urlTemplate":"https:\/\/www.marinapalamos.com\/?s={search_term_string}"},"query-input":{"@type":"PropertyValueSpecification","valueRequired":true,"valueName":"search_term_string"}}],"inLanguage":"ca"},{"@type":"Person","@id":"https:\/\/www.marinapalamos.com\/#\/schema\/person\/9604bbc17d32ce2823e8ffc3e3efb0f3","name":"Mauricio","image":{"@type":"ImageObject","inLanguage":"ca","@id":"https:\/\/secure.gravatar.com\/avatar\/66f31716a14ebbbf9d76c4d8a1e5e44ee4b8992044a9034b47ebd0c89cc8c57b?s=96&d=mm&r=g","url":"https:\/\/secure.gravatar.com\/avatar\/66f31716a14ebbbf9d76c4d8a1e5e44ee4b8992044a9034b47ebd0c89cc8c57b?s=96&d=mm&r=g","contentUrl":"https:\/\/secure.gravatar.com\/avatar\/66f31716a14ebbbf9d76c4d8a1e5e44ee4b8992044a9034b47ebd0c89cc8c57b?s=96&d=mm&r=g","caption":"Mauricio"},"url":"https:\/\/www.marinapalamos.com\/ca\/author\/mauricio\/"}]}},"_links":{"self":[{"href":"https:\/\/www.marinapalamos.com\/ca\/wp-json\/wp\/v2\/posts\/7286","targetHints":{"allow":["GET"]}}],"collection":[{"href":"https:\/\/www.marinapalamos.com\/ca\/wp-json\/wp\/v2\/posts"}],"about":[{"href":"https:\/\/www.marinapalamos.com\/ca\/wp-json\/wp\/v2\/types\/post"}],"author":[{"embeddable":true,"href":"https:\/\/www.marinapalamos.com\/ca\/wp-json\/wp\/v2\/users\/5"}],"replies":[{"embeddable":true,"href":"https:\/\/www.marinapalamos.com\/ca\/wp-json\/wp\/v2\/comments?post=7286"}],"version-history":[{"count":3,"href":"https:\/\/www.marinapalamos.com\/ca\/wp-json\/wp\/v2\/posts\/7286\/revisions"}],"predecessor-version":[{"id":7300,"href":"https:\/\/www.marinapalamos.com\/ca\/wp-json\/wp\/v2\/posts\/7286\/revisions\/7300"}],"wp:featuredmedia":[{"embeddable":true,"href":"https:\/\/www.marinapalamos.com\/ca\/wp-json\/wp\/v2\/media\/7289"}],"wp:attachment":[{"href":"https:\/\/www.marinapalamos.com\/ca\/wp-json\/wp\/v2\/media?parent=7286"}],"wp:term":[{"taxonomy":"category","embeddable":true,"href":"https:\/\/www.marinapalamos.com\/ca\/wp-json\/wp\/v2\/categories?post=7286"},{"taxonomy":"post_tag","embeddable":true,"href":"https:\/\/www.marinapalamos.com\/ca\/wp-json\/wp\/v2\/tags?post=7286"}],"curies":[{"name":"wp","href":"https:\/\/api.w.org\/{rel}","templated":true}]}}