{"id":7428,"date":"2025-07-23T13:57:12","date_gmt":"2025-07-23T13:57:12","guid":{"rendered":"https:\/\/www.marinapalamos.com\/?p=7428"},"modified":"2025-07-23T13:57:22","modified_gmt":"2025-07-23T13:57:22","slug":"les-nits-blanques-celebra-20-anys-de-musica-i-solidaritat-a-marina-palamos","status":"publish","type":"post","link":"https:\/\/www.marinapalamos.com\/ca\/les-nits-blanques-celebra-20-anys-de-musica-i-solidaritat-a-marina-palamos\/","title":{"rendered":"Les &#8220;Nits Blanques&#8221; celebra 20 anys de m\u00fasica i solidaritat a Marina Palam\u00f3s"},"content":{"rendered":"<div class=\"fusion-fullwidth fullwidth-box fusion-builder-row-1 fusion-flex-container nonhundred-percent-fullwidth non-hundred-percent-height-scrolling\" style=\"--awb-border-radius-top-left:0px;--awb-border-radius-top-right:0px;--awb-border-radius-bottom-right:0px;--awb-border-radius-bottom-left:0px;--awb-flex-wrap:wrap;\" ><div class=\"fusion-builder-row fusion-row fusion-flex-align-items-flex-start fusion-flex-content-wrap\" style=\"max-width:1300px;margin-left: calc(-4% \/ 2 );margin-right: calc(-4% \/ 2 );\"><div class=\"fusion-layout-column fusion_builder_column fusion-builder-column-0 fusion_builder_column_1_1 1_1 fusion-flex-column\" style=\"--awb-bg-size:cover;--awb-width-large:100%;--awb-margin-top-large:0px;--awb-spacing-right-large:1.92%;--awb-margin-bottom-large:20px;--awb-spacing-left-large:1.92%;--awb-width-medium:100%;--awb-order-medium:0;--awb-spacing-right-medium:1.92%;--awb-spacing-left-medium:1.92%;--awb-width-small:100%;--awb-order-small:0;--awb-spacing-right-small:1.92%;--awb-spacing-left-small:1.92%;\"><div class=\"fusion-column-wrapper fusion-column-has-shadow fusion-flex-justify-content-flex-start fusion-content-layout-column\"><div class=\"fusion-text fusion-text-1\" style=\"--awb-text-transform:none;\"><p data-pm-slice=\"1 1 &#091;&#093;\">Lectura: 1 min<\/p>\n<p data-start=\"84\" data-end=\"264\">El pr\u00f2xim <strong>2 d\u2019agost<\/strong>, Marina Palam\u00f3s es vesteix de blanc per celebrar el <strong>20\u00e8 aniversari de les Nits Blanques<\/strong>, una cita molt especial que s\u2019ha convertit en tot un cl\u00e0ssic de l\u2019estiu.<\/p>\n<p data-start=\"266\" data-end=\"454\">Enguany, la nit comptar\u00e0 amb <strong>sopars solidaris a partir de les 20 h<\/strong> als restaurants de la marina i un concert en directe a les 22 h, amb una actuaci\u00f3 sorpresa que segur que ens far\u00e0 ballar!<\/p>\n<p data-start=\"456\" data-end=\"607\">La vetllada combinar\u00e0 m\u00fasica, gastronomia i un ambient immillorable, tot en benefici de dues causes solid\u00e0ries: la <strong>Fundaci\u00f3 VOZES i la Fundaci\u00f3 K\u0101lida.<\/strong><\/p>\n<p data-start=\"609\" data-end=\"909\"><strong>VOZES \u00e9s una entitat m\u00fasico-social<\/strong> que treballa per a la inclusi\u00f3 social de la inf\u00e0ncia i la joventut mitjan\u00e7ant l\u2019ensenyament i la pr\u00e0ctica col\u00b7lectiva de la m\u00fasica. <strong>K\u0101lida \u00e9s una fundaci\u00f3 que promou un model de suport oncol\u00f2gic integral<\/strong> i gratu\u00eft, centrat en la persona i el seu benestar emocional.<\/p>\n<p data-start=\"911\" data-end=\"1069\">Participar a les Nits Blanques \u00e9s molt m\u00e9s que gaudir d\u2019una nit especial: \u00e9s formar part d\u2019una iniciativa que <strong>uneix cultura i solidaritat des de fa vint anys.<\/strong><\/p>\n<p data-start=\"1071\" data-end=\"1251\"><strong>\u2728 Recorda vestir de blanc i reservar el teu sopar amb antelaci\u00f3.<\/strong><br data-start=\"1135\" data-end=\"1138\" \/>Tota la informaci\u00f3 per fer la reserva est\u00e0 disponible a l\u2019enlla\u00e7 del nostre perfil d\u2019Instagram <strong><a href=\"https:\/\/www.instagram.com\/portmarinapalamos\/\">@portmarinapalamos<\/a><\/strong><\/p>\n<p data-start=\"1426\" data-end=\"1555\"><img decoding=\"async\" class=\" wp-image-7433 aligncenter\" src=\"https:\/\/www.marinapalamos.com\/wp-content\/uploads\/2025\/07\/NITS-BLANQUES-2025-IMAGEN-BLOG-1024x614.png\" alt=\"\" width=\"692\" height=\"415\" srcset=\"https:\/\/www.marinapalamos.com\/wp-content\/uploads\/2025\/07\/NITS-BLANQUES-2025-IMAGEN-BLOG-200x120.png 200w, https:\/\/www.marinapalamos.com\/wp-content\/uploads\/2025\/07\/NITS-BLANQUES-2025-IMAGEN-BLOG-300x180.png 300w, https:\/\/www.marinapalamos.com\/wp-content\/uploads\/2025\/07\/NITS-BLANQUES-2025-IMAGEN-BLOG-400x240.png 400w, https:\/\/www.marinapalamos.com\/wp-content\/uploads\/2025\/07\/NITS-BLANQUES-2025-IMAGEN-BLOG-600x360.png 600w, https:\/\/www.marinapalamos.com\/wp-content\/uploads\/2025\/07\/NITS-BLANQUES-2025-IMAGEN-BLOG-768x461.png 768w, https:\/\/www.marinapalamos.com\/wp-content\/uploads\/2025\/07\/NITS-BLANQUES-2025-IMAGEN-BLOG-800x480.png 800w, https:\/\/www.marinapalamos.com\/wp-content\/uploads\/2025\/07\/NITS-BLANQUES-2025-IMAGEN-BLOG-1024x614.png 1024w, https:\/\/www.marinapalamos.com\/wp-content\/uploads\/2025\/07\/NITS-BLANQUES-2025-IMAGEN-BLOG-1200x720.png 1200w, https:\/\/www.marinapalamos.com\/wp-content\/uploads\/2025\/07\/NITS-BLANQUES-2025-IMAGEN-BLOG.png 1500w\" sizes=\"(max-width: 692px) 100vw, 692px\" \/><\/p>\n<p data-start=\"1103\" data-end=\"1194\">\ud83d\udc99 Gr\u00e0cies a totes les persones que fan possible aquest esdeveniment cada any.<\/p>\n<\/div><\/div><\/div><div class=\"fusion-layout-column fusion_builder_column fusion-builder-column-1 fusion_builder_column_1_1 1_1 fusion-flex-column\" style=\"--awb-bg-size:cover;--awb-width-large:100%;--awb-margin-top-large:0px;--awb-spacing-right-large:1.92%;--awb-margin-bottom-large:20px;--awb-spacing-left-large:1.92%;--awb-width-medium:100%;--awb-order-medium:0;--awb-spacing-right-medium:1.92%;--awb-spacing-left-medium:1.92%;--awb-width-small:100%;--awb-order-small:0;--awb-spacing-right-small:1.92%;--awb-spacing-left-small:1.92%;\"><div class=\"fusion-column-wrapper fusion-column-has-shadow fusion-flex-justify-content-flex-start fusion-content-layout-column\"><\/div><\/div><\/div><\/div>\n","protected":false},"excerpt":{"rendered":"","protected":false},"author":5,"featured_media":7431,"comment_status":"open","ping_status":"closed","sticky":false,"template":"","format":"standard","meta":{"_acf_changed":false,"footnotes":""},"categories":[69],"tags":[],"class_list":["post-7428","post","type-post","status-publish","format-standard","has-post-thumbnail","hentry","category-blog-ca"],"acf":[],"yoast_head":"<!-- This site is optimized with the Yoast SEO plugin v27.5 - https:\/\/yoast.com\/product\/yoast-seo-wordpress\/ -->\n<title>Les &quot;Nits Blanques&quot; celebra 20 anys de m\u00fasica i solidaritat a Marina Palam\u00f3s - Marina Palam\u00f3s<\/title>\n<meta name=\"description\" content=\"Descobreix per qu\u00e8 el 2 d\u2019agost Marina Palam\u00f3s brillar\u00e0 de blanc. M\u00fasica, sopars solidaris i una nit m\u00e0gica que no et voldr\u00e0s perdre.\" \/>\n<meta name=\"robots\" content=\"index, follow, max-snippet:-1, max-image-preview:large, max-video-preview:-1\" \/>\n<link rel=\"canonical\" href=\"https:\/\/www.marinapalamos.com\/las-nits-blanques-celebra-20-anos-de-musica-solidaridad-y-verano-en-marina-palamos\/\" \/>\n<meta property=\"og:locale\" content=\"ca_ES\" \/>\n<meta property=\"og:type\" content=\"article\" \/>\n<meta property=\"og:title\" content=\"Les &quot;Nits Blanques&quot; celebra 20 anys de m\u00fasica i solidaritat a Marina Palam\u00f3s - Marina Palam\u00f3s\" \/>\n<meta property=\"og:description\" content=\"Descobreix per qu\u00e8 el 2 d\u2019agost Marina Palam\u00f3s brillar\u00e0 de blanc. M\u00fasica, sopars solidaris i una nit m\u00e0gica que no et voldr\u00e0s perdre.\" \/>\n<meta property=\"og:url\" content=\"https:\/\/www.marinapalamos.com\/las-nits-blanques-celebra-20-anos-de-musica-solidaridad-y-verano-en-marina-palamos\/\" \/>\n<meta property=\"og:site_name\" content=\"Marina Palam\u00f3s\" \/>\n<meta property=\"article:published_time\" content=\"2025-07-23T13:57:12+00:00\" \/>\n<meta property=\"article:modified_time\" content=\"2025-07-23T13:57:22+00:00\" \/>\n<meta property=\"og:image\" content=\"https:\/\/www.marinapalamos.com\/wp-content\/uploads\/2025\/07\/NITS-BLANQUES-2025-PORTADA.png\" \/>\n\t<meta property=\"og:image:width\" content=\"500\" \/>\n\t<meta property=\"og:image:height\" content=\"300\" \/>\n\t<meta property=\"og:image:type\" content=\"image\/png\" \/>\n<meta name=\"author\" content=\"Mauricio\" \/>\n<meta name=\"twitter:card\" content=\"summary_large_image\" \/>\n<meta name=\"twitter:label1\" content=\"Escrit per\" \/>\n\t<meta name=\"twitter:data1\" content=\"Mauricio\" \/>\n\t<meta name=\"twitter:label2\" content=\"Temps estimat de lectura\" \/>\n\t<meta name=\"twitter:data2\" content=\"2 minuts\" \/>\n<script type=\"application\/ld+json\" class=\"yoast-schema-graph\">{\"@context\":\"https:\\\/\\\/schema.org\",\"@graph\":[{\"@type\":\"Article\",\"@id\":\"https:\\\/\\\/www.marinapalamos.com\\\/las-nits-blanques-celebra-20-anos-de-musica-solidaridad-y-verano-en-marina-palamos\\\/#article\",\"isPartOf\":{\"@id\":\"https:\\\/\\\/www.marinapalamos.com\\\/las-nits-blanques-celebra-20-anos-de-musica-solidaridad-y-verano-en-marina-palamos\\\/\"},\"author\":{\"name\":\"Mauricio\",\"@id\":\"https:\\\/\\\/www.marinapalamos.com\\\/#\\\/schema\\\/person\\\/9604bbc17d32ce2823e8ffc3e3efb0f3\"},\"headline\":\"Les &#8220;Nits Blanques&#8221; celebra 20 anys de m\u00fasica i solidaritat a Marina Palam\u00f3s\",\"datePublished\":\"2025-07-23T13:57:12+00:00\",\"dateModified\":\"2025-07-23T13:57:22+00:00\",\"mainEntityOfPage\":{\"@id\":\"https:\\\/\\\/www.marinapalamos.com\\\/las-nits-blanques-celebra-20-anos-de-musica-solidaridad-y-verano-en-marina-palamos\\\/\"},\"wordCount\":825,\"commentCount\":0,\"image\":{\"@id\":\"https:\\\/\\\/www.marinapalamos.com\\\/las-nits-blanques-celebra-20-anos-de-musica-solidaridad-y-verano-en-marina-palamos\\\/#primaryimage\"},\"thumbnailUrl\":\"https:\\\/\\\/www.marinapalamos.com\\\/wp-content\\\/uploads\\\/2025\\\/07\\\/NITS-BLANQUES-2025-PORTADA.png\",\"articleSection\":[\"Blog\"],\"inLanguage\":\"ca\",\"potentialAction\":[{\"@type\":\"CommentAction\",\"name\":\"Comment\",\"target\":[\"https:\\\/\\\/www.marinapalamos.com\\\/las-nits-blanques-celebra-20-anos-de-musica-solidaridad-y-verano-en-marina-palamos\\\/#respond\"]}]},{\"@type\":\"WebPage\",\"@id\":\"https:\\\/\\\/www.marinapalamos.com\\\/las-nits-blanques-celebra-20-anos-de-musica-solidaridad-y-verano-en-marina-palamos\\\/\",\"url\":\"https:\\\/\\\/www.marinapalamos.com\\\/las-nits-blanques-celebra-20-anos-de-musica-solidaridad-y-verano-en-marina-palamos\\\/\",\"name\":\"Les \\\"Nits Blanques\\\" celebra 20 anys de m\u00fasica i solidaritat a Marina Palam\u00f3s - Marina Palam\u00f3s\",\"isPartOf\":{\"@id\":\"https:\\\/\\\/www.marinapalamos.com\\\/#website\"},\"primaryImageOfPage\":{\"@id\":\"https:\\\/\\\/www.marinapalamos.com\\\/las-nits-blanques-celebra-20-anos-de-musica-solidaridad-y-verano-en-marina-palamos\\\/#primaryimage\"},\"image\":{\"@id\":\"https:\\\/\\\/www.marinapalamos.com\\\/las-nits-blanques-celebra-20-anos-de-musica-solidaridad-y-verano-en-marina-palamos\\\/#primaryimage\"},\"thumbnailUrl\":\"https:\\\/\\\/www.marinapalamos.com\\\/wp-content\\\/uploads\\\/2025\\\/07\\\/NITS-BLANQUES-2025-PORTADA.png\",\"datePublished\":\"2025-07-23T13:57:12+00:00\",\"dateModified\":\"2025-07-23T13:57:22+00:00\",\"author\":{\"@id\":\"https:\\\/\\\/www.marinapalamos.com\\\/#\\\/schema\\\/person\\\/9604bbc17d32ce2823e8ffc3e3efb0f3\"},\"description\":\"Descobreix per qu\u00e8 el 2 d\u2019agost Marina Palam\u00f3s brillar\u00e0 de blanc. M\u00fasica, sopars solidaris i una nit m\u00e0gica que no et voldr\u00e0s perdre.\",\"breadcrumb\":{\"@id\":\"https:\\\/\\\/www.marinapalamos.com\\\/las-nits-blanques-celebra-20-anos-de-musica-solidaridad-y-verano-en-marina-palamos\\\/#breadcrumb\"},\"inLanguage\":\"ca\",\"potentialAction\":[{\"@type\":\"ReadAction\",\"target\":[\"https:\\\/\\\/www.marinapalamos.com\\\/las-nits-blanques-celebra-20-anos-de-musica-solidaridad-y-verano-en-marina-palamos\\\/\"]}]},{\"@type\":\"ImageObject\",\"inLanguage\":\"ca\",\"@id\":\"https:\\\/\\\/www.marinapalamos.com\\\/las-nits-blanques-celebra-20-anos-de-musica-solidaridad-y-verano-en-marina-palamos\\\/#primaryimage\",\"url\":\"https:\\\/\\\/www.marinapalamos.com\\\/wp-content\\\/uploads\\\/2025\\\/07\\\/NITS-BLANQUES-2025-PORTADA.png\",\"contentUrl\":\"https:\\\/\\\/www.marinapalamos.com\\\/wp-content\\\/uploads\\\/2025\\\/07\\\/NITS-BLANQUES-2025-PORTADA.png\",\"width\":500,\"height\":300},{\"@type\":\"BreadcrumbList\",\"@id\":\"https:\\\/\\\/www.marinapalamos.com\\\/las-nits-blanques-celebra-20-anos-de-musica-solidaridad-y-verano-en-marina-palamos\\\/#breadcrumb\",\"itemListElement\":[{\"@type\":\"ListItem\",\"position\":1,\"name\":\"Inicio\",\"item\":\"https:\\\/\\\/www.marinapalamos.com\\\/ca\\\/\"},{\"@type\":\"ListItem\",\"position\":2,\"name\":\"Les \u00abNits Blanques\u00bb celebra 20 anys de m\u00fasica i solidaritat a Marina Palam\u00f3s\"}]},{\"@type\":\"WebSite\",\"@id\":\"https:\\\/\\\/www.marinapalamos.com\\\/#website\",\"url\":\"https:\\\/\\\/www.marinapalamos.com\\\/\",\"name\":\"Marina Palam\u00f3s\",\"description\":\"Marina Palam\u00f3s\",\"potentialAction\":[{\"@type\":\"SearchAction\",\"target\":{\"@type\":\"EntryPoint\",\"urlTemplate\":\"https:\\\/\\\/www.marinapalamos.com\\\/?s={search_term_string}\"},\"query-input\":{\"@type\":\"PropertyValueSpecification\",\"valueRequired\":true,\"valueName\":\"search_term_string\"}}],\"inLanguage\":\"ca\"},{\"@type\":\"Person\",\"@id\":\"https:\\\/\\\/www.marinapalamos.com\\\/#\\\/schema\\\/person\\\/9604bbc17d32ce2823e8ffc3e3efb0f3\",\"name\":\"Mauricio\",\"image\":{\"@type\":\"ImageObject\",\"inLanguage\":\"ca\",\"@id\":\"https:\\\/\\\/secure.gravatar.com\\\/avatar\\\/66f31716a14ebbbf9d76c4d8a1e5e44ee4b8992044a9034b47ebd0c89cc8c57b?s=96&d=mm&r=g\",\"url\":\"https:\\\/\\\/secure.gravatar.com\\\/avatar\\\/66f31716a14ebbbf9d76c4d8a1e5e44ee4b8992044a9034b47ebd0c89cc8c57b?s=96&d=mm&r=g\",\"contentUrl\":\"https:\\\/\\\/secure.gravatar.com\\\/avatar\\\/66f31716a14ebbbf9d76c4d8a1e5e44ee4b8992044a9034b47ebd0c89cc8c57b?s=96&d=mm&r=g\",\"caption\":\"Mauricio\"},\"url\":\"https:\\\/\\\/www.marinapalamos.com\\\/ca\\\/author\\\/mauricio\\\/\"}]}<\/script>\n<!-- \/ Yoast SEO plugin. -->","yoast_head_json":{"title":"Les \"Nits Blanques\" celebra 20 anys de m\u00fasica i solidaritat a Marina Palam\u00f3s - Marina Palam\u00f3s","description":"Descobreix per qu\u00e8 el 2 d\u2019agost Marina Palam\u00f3s brillar\u00e0 de blanc. M\u00fasica, sopars solidaris i una nit m\u00e0gica que no et voldr\u00e0s perdre.","robots":{"index":"index","follow":"follow","max-snippet":"max-snippet:-1","max-image-preview":"max-image-preview:large","max-video-preview":"max-video-preview:-1"},"canonical":"https:\/\/www.marinapalamos.com\/las-nits-blanques-celebra-20-anos-de-musica-solidaridad-y-verano-en-marina-palamos\/","og_locale":"ca_ES","og_type":"article","og_title":"Les \"Nits Blanques\" celebra 20 anys de m\u00fasica i solidaritat a Marina Palam\u00f3s - Marina Palam\u00f3s","og_description":"Descobreix per qu\u00e8 el 2 d\u2019agost Marina Palam\u00f3s brillar\u00e0 de blanc. M\u00fasica, sopars solidaris i una nit m\u00e0gica que no et voldr\u00e0s perdre.","og_url":"https:\/\/www.marinapalamos.com\/las-nits-blanques-celebra-20-anos-de-musica-solidaridad-y-verano-en-marina-palamos\/","og_site_name":"Marina Palam\u00f3s","article_published_time":"2025-07-23T13:57:12+00:00","article_modified_time":"2025-07-23T13:57:22+00:00","og_image":[{"width":500,"height":300,"url":"https:\/\/www.marinapalamos.com\/wp-content\/uploads\/2025\/07\/NITS-BLANQUES-2025-PORTADA.png","type":"image\/png"}],"author":"Mauricio","twitter_card":"summary_large_image","twitter_misc":{"Escrit per":"Mauricio","Temps estimat de lectura":"2 minuts"},"schema":{"@context":"https:\/\/schema.org","@graph":[{"@type":"Article","@id":"https:\/\/www.marinapalamos.com\/las-nits-blanques-celebra-20-anos-de-musica-solidaridad-y-verano-en-marina-palamos\/#article","isPartOf":{"@id":"https:\/\/www.marinapalamos.com\/las-nits-blanques-celebra-20-anos-de-musica-solidaridad-y-verano-en-marina-palamos\/"},"author":{"name":"Mauricio","@id":"https:\/\/www.marinapalamos.com\/#\/schema\/person\/9604bbc17d32ce2823e8ffc3e3efb0f3"},"headline":"Les &#8220;Nits Blanques&#8221; celebra 20 anys de m\u00fasica i solidaritat a Marina Palam\u00f3s","datePublished":"2025-07-23T13:57:12+00:00","dateModified":"2025-07-23T13:57:22+00:00","mainEntityOfPage":{"@id":"https:\/\/www.marinapalamos.com\/las-nits-blanques-celebra-20-anos-de-musica-solidaridad-y-verano-en-marina-palamos\/"},"wordCount":825,"commentCount":0,"image":{"@id":"https:\/\/www.marinapalamos.com\/las-nits-blanques-celebra-20-anos-de-musica-solidaridad-y-verano-en-marina-palamos\/#primaryimage"},"thumbnailUrl":"https:\/\/www.marinapalamos.com\/wp-content\/uploads\/2025\/07\/NITS-BLANQUES-2025-PORTADA.png","articleSection":["Blog"],"inLanguage":"ca","potentialAction":[{"@type":"CommentAction","name":"Comment","target":["https:\/\/www.marinapalamos.com\/las-nits-blanques-celebra-20-anos-de-musica-solidaridad-y-verano-en-marina-palamos\/#respond"]}]},{"@type":"WebPage","@id":"https:\/\/www.marinapalamos.com\/las-nits-blanques-celebra-20-anos-de-musica-solidaridad-y-verano-en-marina-palamos\/","url":"https:\/\/www.marinapalamos.com\/las-nits-blanques-celebra-20-anos-de-musica-solidaridad-y-verano-en-marina-palamos\/","name":"Les \"Nits Blanques\" celebra 20 anys de m\u00fasica i solidaritat a Marina Palam\u00f3s - Marina Palam\u00f3s","isPartOf":{"@id":"https:\/\/www.marinapalamos.com\/#website"},"primaryImageOfPage":{"@id":"https:\/\/www.marinapalamos.com\/las-nits-blanques-celebra-20-anos-de-musica-solidaridad-y-verano-en-marina-palamos\/#primaryimage"},"image":{"@id":"https:\/\/www.marinapalamos.com\/las-nits-blanques-celebra-20-anos-de-musica-solidaridad-y-verano-en-marina-palamos\/#primaryimage"},"thumbnailUrl":"https:\/\/www.marinapalamos.com\/wp-content\/uploads\/2025\/07\/NITS-BLANQUES-2025-PORTADA.png","datePublished":"2025-07-23T13:57:12+00:00","dateModified":"2025-07-23T13:57:22+00:00","author":{"@id":"https:\/\/www.marinapalamos.com\/#\/schema\/person\/9604bbc17d32ce2823e8ffc3e3efb0f3"},"description":"Descobreix per qu\u00e8 el 2 d\u2019agost Marina Palam\u00f3s brillar\u00e0 de blanc. M\u00fasica, sopars solidaris i una nit m\u00e0gica que no et voldr\u00e0s perdre.","breadcrumb":{"@id":"https:\/\/www.marinapalamos.com\/las-nits-blanques-celebra-20-anos-de-musica-solidaridad-y-verano-en-marina-palamos\/#breadcrumb"},"inLanguage":"ca","potentialAction":[{"@type":"ReadAction","target":["https:\/\/www.marinapalamos.com\/las-nits-blanques-celebra-20-anos-de-musica-solidaridad-y-verano-en-marina-palamos\/"]}]},{"@type":"ImageObject","inLanguage":"ca","@id":"https:\/\/www.marinapalamos.com\/las-nits-blanques-celebra-20-anos-de-musica-solidaridad-y-verano-en-marina-palamos\/#primaryimage","url":"https:\/\/www.marinapalamos.com\/wp-content\/uploads\/2025\/07\/NITS-BLANQUES-2025-PORTADA.png","contentUrl":"https:\/\/www.marinapalamos.com\/wp-content\/uploads\/2025\/07\/NITS-BLANQUES-2025-PORTADA.png","width":500,"height":300},{"@type":"BreadcrumbList","@id":"https:\/\/www.marinapalamos.com\/las-nits-blanques-celebra-20-anos-de-musica-solidaridad-y-verano-en-marina-palamos\/#breadcrumb","itemListElement":[{"@type":"ListItem","position":1,"name":"Inicio","item":"https:\/\/www.marinapalamos.com\/ca\/"},{"@type":"ListItem","position":2,"name":"Les \u00abNits Blanques\u00bb celebra 20 anys de m\u00fasica i solidaritat a Marina Palam\u00f3s"}]},{"@type":"WebSite","@id":"https:\/\/www.marinapalamos.com\/#website","url":"https:\/\/www.marinapalamos.com\/","name":"Marina Palam\u00f3s","description":"Marina Palam\u00f3s","potentialAction":[{"@type":"SearchAction","target":{"@type":"EntryPoint","urlTemplate":"https:\/\/www.marinapalamos.com\/?s={search_term_string}"},"query-input":{"@type":"PropertyValueSpecification","valueRequired":true,"valueName":"search_term_string"}}],"inLanguage":"ca"},{"@type":"Person","@id":"https:\/\/www.marinapalamos.com\/#\/schema\/person\/9604bbc17d32ce2823e8ffc3e3efb0f3","name":"Mauricio","image":{"@type":"ImageObject","inLanguage":"ca","@id":"https:\/\/secure.gravatar.com\/avatar\/66f31716a14ebbbf9d76c4d8a1e5e44ee4b8992044a9034b47ebd0c89cc8c57b?s=96&d=mm&r=g","url":"https:\/\/secure.gravatar.com\/avatar\/66f31716a14ebbbf9d76c4d8a1e5e44ee4b8992044a9034b47ebd0c89cc8c57b?s=96&d=mm&r=g","contentUrl":"https:\/\/secure.gravatar.com\/avatar\/66f31716a14ebbbf9d76c4d8a1e5e44ee4b8992044a9034b47ebd0c89cc8c57b?s=96&d=mm&r=g","caption":"Mauricio"},"url":"https:\/\/www.marinapalamos.com\/ca\/author\/mauricio\/"}]}},"_links":{"self":[{"href":"https:\/\/www.marinapalamos.com\/ca\/wp-json\/wp\/v2\/posts\/7428","targetHints":{"allow":["GET"]}}],"collection":[{"href":"https:\/\/www.marinapalamos.com\/ca\/wp-json\/wp\/v2\/posts"}],"about":[{"href":"https:\/\/www.marinapalamos.com\/ca\/wp-json\/wp\/v2\/types\/post"}],"author":[{"embeddable":true,"href":"https:\/\/www.marinapalamos.com\/ca\/wp-json\/wp\/v2\/users\/5"}],"replies":[{"embeddable":true,"href":"https:\/\/www.marinapalamos.com\/ca\/wp-json\/wp\/v2\/comments?post=7428"}],"version-history":[{"count":3,"href":"https:\/\/www.marinapalamos.com\/ca\/wp-json\/wp\/v2\/posts\/7428\/revisions"}],"predecessor-version":[{"id":7441,"href":"https:\/\/www.marinapalamos.com\/ca\/wp-json\/wp\/v2\/posts\/7428\/revisions\/7441"}],"wp:featuredmedia":[{"embeddable":true,"href":"https:\/\/www.marinapalamos.com\/ca\/wp-json\/wp\/v2\/media\/7431"}],"wp:attachment":[{"href":"https:\/\/www.marinapalamos.com\/ca\/wp-json\/wp\/v2\/media?parent=7428"}],"wp:term":[{"taxonomy":"category","embeddable":true,"href":"https:\/\/www.marinapalamos.com\/ca\/wp-json\/wp\/v2\/categories?post=7428"},{"taxonomy":"post_tag","embeddable":true,"href":"https:\/\/www.marinapalamos.com\/ca\/wp-json\/wp\/v2\/tags?post=7428"}],"curies":[{"name":"wp","href":"https:\/\/api.w.org\/{rel}","templated":true}]}}