{"id":7862,"date":"2025-10-23T11:15:03","date_gmt":"2025-10-23T11:15:03","guid":{"rendered":"https:\/\/www.marinapalamos.com\/?p=7862"},"modified":"2025-10-23T11:17:47","modified_gmt":"2025-10-23T11:17:47","slug":"el-misteri-de-halloween-torna-a-marina-palamos","status":"publish","type":"post","link":"https:\/\/www.marinapalamos.com\/ca\/el-misteri-de-halloween-torna-a-marina-palamos\/","title":{"rendered":"Torna el misteri de Halloween al port: una tarda per viure en fam\u00edlia"},"content":{"rendered":"<div class=\"fusion-fullwidth fullwidth-box fusion-builder-row-1 fusion-flex-container nonhundred-percent-fullwidth non-hundred-percent-height-scrolling\" style=\"--awb-border-radius-top-left:0px;--awb-border-radius-top-right:0px;--awb-border-radius-bottom-right:0px;--awb-border-radius-bottom-left:0px;--awb-flex-wrap:wrap;\" ><div class=\"fusion-builder-row fusion-row fusion-flex-align-items-flex-start fusion-flex-content-wrap\" style=\"max-width:1300px;margin-left: calc(-4% \/ 2 );margin-right: calc(-4% \/ 2 );\"><div class=\"fusion-layout-column fusion_builder_column fusion-builder-column-0 fusion_builder_column_1_1 1_1 fusion-flex-column\" style=\"--awb-bg-size:cover;--awb-width-large:100%;--awb-margin-top-large:0px;--awb-spacing-right-large:1.92%;--awb-margin-bottom-large:20px;--awb-spacing-left-large:1.92%;--awb-width-medium:100%;--awb-order-medium:0;--awb-spacing-right-medium:1.92%;--awb-spacing-left-medium:1.92%;--awb-width-small:100%;--awb-order-small:0;--awb-spacing-right-small:1.92%;--awb-spacing-left-small:1.92%;\"><div class=\"fusion-column-wrapper fusion-column-has-shadow fusion-flex-justify-content-flex-start fusion-content-layout-column\"><div class=\"fusion-text fusion-text-1\" style=\"--awb-text-transform:none;\"><p data-pm-slice=\"1 1 &#091;&#093;\">Lectura: 2 min<\/p>\n<h3 data-pm-slice=\"1 1 &#091;&#093;\">\ud83c\udf83 El misteri de Halloween torna a Marina Palam\u00f3s \ud83d\udc7b<\/h3>\n<p data-start=\"307\" data-end=\"660\">A Marina Palam\u00f3s, <strong>les festes familiars s\u00f3n molt m\u00e9s que una data al calendari<\/strong>: s\u00f3n moments per compartir, riure i sentir que el port i el poble formen part d\u2019un mateix cor. Ens agrada veure com les fam\u00edlies passegen pel moll, com els infants corren disfressats i com, per unes hores, el port es transforma en un escenari ple de vida, llum i somriures.<\/p>\n<p data-start=\"662\" data-end=\"897\">Per aix\u00f2, cada any preparem amb il\u00b7lusi\u00f3 una de les nostres cites m\u00e9s esperades: la <strong data-start=\"746\" data-end=\"786\">Festa de Halloween de Marina Palam\u00f3s<\/strong>. Una celebraci\u00f3 que, des de fa quatre anys, uneix la m\u00e0gia del mar amb l\u2019encant de les tradicions familiars.<\/p>\n<p data-start=\"899\" data-end=\"1012\">L\u2019<strong data-start=\"901\" data-end=\"918\">1 de novembre<\/strong>, de <strong data-start=\"923\" data-end=\"938\">17 h a 20 h<\/strong>, t\u2019esperem per viure una tarda plena de misteri, diversi\u00f3 i espectacle:<\/p>\n<p data-start=\"1014\" data-end=\"1388\">\ud83c\udfad <strong data-start=\"1017\" data-end=\"1062\">Tallers de maquillatge i pocions m\u00e0giques<\/strong> per deixar volar la imaginaci\u00f3 i donar vida als personatges m\u00e9s sorprenents.<br data-start=\"1139\" data-end=\"1142\" \/>\ud83c\udff0 <strong data-start=\"1145\" data-end=\"1158\">Inflables<\/strong> perqu\u00e8 els m\u00e9s petits saltin, juguin i gaudeixin sense parar.<br data-start=\"1220\" data-end=\"1223\" \/>\ud83d\udd25 <strong data-start=\"1226\" data-end=\"1247\">Espectacle de foc<\/strong> amb moments que t\u2019encendran la mirada i et deixaran bocabadat.<br data-start=\"1310\" data-end=\"1313\" \/>\ud83d\ude97 <strong data-start=\"1316\" data-end=\"1336\">P\u00e0rquing gratu\u00eft<\/strong> per a tots els assistents.<br data-start=\"1363\" data-end=\"1366\" \/>\ud83c\udf9f\ufe0f <strong data-start=\"1370\" data-end=\"1386\">Entrada: 5 \u20ac<\/strong><\/p>\n<p data-start=\"1014\" data-end=\"1388\">Els colors del foc es barregen amb el reflex del mar, les rialles s\u2019escampen entre els pantalans i l\u2019esperit de Halloween es viu en fam\u00edlia, entre ve\u00efns i visitants que comparteixen la mateixa passi\u00f3 pel mar i per la vida al port.<\/p>\n<p data-start=\"1675\" data-end=\"1870\">Cada edici\u00f3 \u00e9s un record m\u00e9s que guardem amb estima \u2014una tarda plena d\u2019emocions, de complicitat i de comunitat.<br data-start=\"1786\" data-end=\"1789\" \/>Perqu\u00e8 a Marina Palam\u00f3s, creiem que <strong>les millors festes s\u00f3n les que ens uneixen.<\/strong><\/p>\n<p data-start=\"1990\" data-end=\"2195\">Quan caigui la nit&#8230; res ser\u00e0 igual al port. \ud83e\udd87<\/p>\n<p data-start=\"1103\" data-end=\"1194\"><img decoding=\"async\" class=\"size-full wp-image-7842 aligncenter\" src=\"https:\/\/www.marinapalamos.com\/wp-content\/uploads\/2025\/10\/Banner-WEB-MARINA-PALAMOS-Esdeveniments-Halloween-P03.jpg\" alt=\"\" width=\"400\" height=\"500\" srcset=\"https:\/\/www.marinapalamos.com\/wp-content\/uploads\/2025\/10\/Banner-WEB-MARINA-PALAMOS-Esdeveniments-Halloween-P03-200x250.jpg 200w, https:\/\/www.marinapalamos.com\/wp-content\/uploads\/2025\/10\/Banner-WEB-MARINA-PALAMOS-Esdeveniments-Halloween-P03-240x300.jpg 240w, https:\/\/www.marinapalamos.com\/wp-content\/uploads\/2025\/10\/Banner-WEB-MARINA-PALAMOS-Esdeveniments-Halloween-P03.jpg 400w\" sizes=\"(max-width: 400px) 100vw, 400px\" \/><\/p>\n<\/div><\/div><\/div><div class=\"fusion-layout-column fusion_builder_column fusion-builder-column-1 fusion_builder_column_1_1 1_1 fusion-flex-column\" style=\"--awb-bg-size:cover;--awb-width-large:100%;--awb-margin-top-large:0px;--awb-spacing-right-large:1.92%;--awb-margin-bottom-large:20px;--awb-spacing-left-large:1.92%;--awb-width-medium:100%;--awb-order-medium:0;--awb-spacing-right-medium:1.92%;--awb-spacing-left-medium:1.92%;--awb-width-small:100%;--awb-order-small:0;--awb-spacing-right-small:1.92%;--awb-spacing-left-small:1.92%;\"><div class=\"fusion-column-wrapper fusion-column-has-shadow fusion-flex-justify-content-flex-start fusion-content-layout-column\"><\/div><\/div><\/div><\/div>\n","protected":false},"excerpt":{"rendered":"","protected":false},"author":5,"featured_media":7865,"comment_status":"open","ping_status":"closed","sticky":false,"template":"","format":"standard","meta":{"_acf_changed":false,"footnotes":""},"categories":[69],"tags":[],"class_list":["post-7862","post","type-post","status-publish","format-standard","has-post-thumbnail","hentry","category-blog-ca"],"acf":[],"yoast_head":"<!-- This site is optimized with the Yoast SEO plugin v27.5 - https:\/\/yoast.com\/product\/yoast-seo-wordpress\/ -->\n<title>Torna el misteri de Halloween al port: una tarda per viure en fam\u00edlia - Marina Palam\u00f3s<\/title>\n<meta name=\"description\" content=\"Celebra Halloween a Marina Palam\u00f3s l\u20191 de novembre: tallers, espectacles i diversi\u00f3 vora el mar. Una tarda plena de misteri.\" \/>\n<meta name=\"robots\" content=\"index, follow, max-snippet:-1, max-image-preview:large, max-video-preview:-1\" \/>\n<link rel=\"canonical\" href=\"https:\/\/www.marinapalamos.com\/ca\/el-misteri-de-halloween-torna-a-marina-palamos\/\" \/>\n<meta property=\"og:locale\" content=\"ca_ES\" \/>\n<meta property=\"og:type\" content=\"article\" \/>\n<meta property=\"og:title\" content=\"Torna el misteri de Halloween al port: una tarda per viure en fam\u00edlia - Marina Palam\u00f3s\" \/>\n<meta property=\"og:description\" content=\"Celebra Halloween a Marina Palam\u00f3s l\u20191 de novembre: tallers, espectacles i diversi\u00f3 vora el mar. Una tarda plena de misteri.\" \/>\n<meta property=\"og:url\" content=\"https:\/\/www.marinapalamos.com\/ca\/el-misteri-de-halloween-torna-a-marina-palamos\/\" \/>\n<meta property=\"og:site_name\" content=\"Marina Palam\u00f3s\" \/>\n<meta property=\"article:published_time\" content=\"2025-10-23T11:15:03+00:00\" \/>\n<meta property=\"article:modified_time\" content=\"2025-10-23T11:17:47+00:00\" \/>\n<meta property=\"og:image\" content=\"https:\/\/www.marinapalamos.com\/wp-content\/uploads\/2025\/10\/HALLOWEEN-2025-PORTADA.png\" \/>\n\t<meta property=\"og:image:width\" content=\"500\" \/>\n\t<meta property=\"og:image:height\" content=\"300\" \/>\n\t<meta property=\"og:image:type\" content=\"image\/png\" \/>\n<meta name=\"author\" content=\"Mauricio\" \/>\n<meta name=\"twitter:card\" content=\"summary_large_image\" \/>\n<meta name=\"twitter:label1\" content=\"Escrit per\" \/>\n\t<meta name=\"twitter:data1\" content=\"Mauricio\" \/>\n\t<meta name=\"twitter:label2\" content=\"Temps estimat de lectura\" \/>\n\t<meta name=\"twitter:data2\" content=\"2 minuts\" \/>\n<script type=\"application\/ld+json\" class=\"yoast-schema-graph\">{\"@context\":\"https:\\\/\\\/schema.org\",\"@graph\":[{\"@type\":\"Article\",\"@id\":\"https:\\\/\\\/www.marinapalamos.com\\\/ca\\\/el-misteri-de-halloween-torna-a-marina-palamos\\\/#article\",\"isPartOf\":{\"@id\":\"https:\\\/\\\/www.marinapalamos.com\\\/ca\\\/el-misteri-de-halloween-torna-a-marina-palamos\\\/\"},\"author\":{\"name\":\"Mauricio\",\"@id\":\"https:\\\/\\\/www.marinapalamos.com\\\/#\\\/schema\\\/person\\\/9604bbc17d32ce2823e8ffc3e3efb0f3\"},\"headline\":\"Torna el misteri de Halloween al port: una tarda per viure en fam\u00edlia\",\"datePublished\":\"2025-10-23T11:15:03+00:00\",\"dateModified\":\"2025-10-23T11:17:47+00:00\",\"mainEntityOfPage\":{\"@id\":\"https:\\\/\\\/www.marinapalamos.com\\\/ca\\\/el-misteri-de-halloween-torna-a-marina-palamos\\\/\"},\"wordCount\":913,\"commentCount\":0,\"image\":{\"@id\":\"https:\\\/\\\/www.marinapalamos.com\\\/ca\\\/el-misteri-de-halloween-torna-a-marina-palamos\\\/#primaryimage\"},\"thumbnailUrl\":\"https:\\\/\\\/www.marinapalamos.com\\\/wp-content\\\/uploads\\\/2025\\\/10\\\/HALLOWEEN-2025-PORTADA.png\",\"articleSection\":[\"Blog\"],\"inLanguage\":\"ca\",\"potentialAction\":[{\"@type\":\"CommentAction\",\"name\":\"Comment\",\"target\":[\"https:\\\/\\\/www.marinapalamos.com\\\/ca\\\/el-misteri-de-halloween-torna-a-marina-palamos\\\/#respond\"]}]},{\"@type\":\"WebPage\",\"@id\":\"https:\\\/\\\/www.marinapalamos.com\\\/ca\\\/el-misteri-de-halloween-torna-a-marina-palamos\\\/\",\"url\":\"https:\\\/\\\/www.marinapalamos.com\\\/ca\\\/el-misteri-de-halloween-torna-a-marina-palamos\\\/\",\"name\":\"Torna el misteri de Halloween al port: una tarda per viure en fam\u00edlia - Marina Palam\u00f3s\",\"isPartOf\":{\"@id\":\"https:\\\/\\\/www.marinapalamos.com\\\/#website\"},\"primaryImageOfPage\":{\"@id\":\"https:\\\/\\\/www.marinapalamos.com\\\/ca\\\/el-misteri-de-halloween-torna-a-marina-palamos\\\/#primaryimage\"},\"image\":{\"@id\":\"https:\\\/\\\/www.marinapalamos.com\\\/ca\\\/el-misteri-de-halloween-torna-a-marina-palamos\\\/#primaryimage\"},\"thumbnailUrl\":\"https:\\\/\\\/www.marinapalamos.com\\\/wp-content\\\/uploads\\\/2025\\\/10\\\/HALLOWEEN-2025-PORTADA.png\",\"datePublished\":\"2025-10-23T11:15:03+00:00\",\"dateModified\":\"2025-10-23T11:17:47+00:00\",\"author\":{\"@id\":\"https:\\\/\\\/www.marinapalamos.com\\\/#\\\/schema\\\/person\\\/9604bbc17d32ce2823e8ffc3e3efb0f3\"},\"description\":\"Celebra Halloween a Marina Palam\u00f3s l\u20191 de novembre: tallers, espectacles i diversi\u00f3 vora el mar. Una tarda plena de misteri.\",\"breadcrumb\":{\"@id\":\"https:\\\/\\\/www.marinapalamos.com\\\/ca\\\/el-misteri-de-halloween-torna-a-marina-palamos\\\/#breadcrumb\"},\"inLanguage\":\"ca\",\"potentialAction\":[{\"@type\":\"ReadAction\",\"target\":[\"https:\\\/\\\/www.marinapalamos.com\\\/ca\\\/el-misteri-de-halloween-torna-a-marina-palamos\\\/\"]}]},{\"@type\":\"ImageObject\",\"inLanguage\":\"ca\",\"@id\":\"https:\\\/\\\/www.marinapalamos.com\\\/ca\\\/el-misteri-de-halloween-torna-a-marina-palamos\\\/#primaryimage\",\"url\":\"https:\\\/\\\/www.marinapalamos.com\\\/wp-content\\\/uploads\\\/2025\\\/10\\\/HALLOWEEN-2025-PORTADA.png\",\"contentUrl\":\"https:\\\/\\\/www.marinapalamos.com\\\/wp-content\\\/uploads\\\/2025\\\/10\\\/HALLOWEEN-2025-PORTADA.png\",\"width\":500,\"height\":300},{\"@type\":\"BreadcrumbList\",\"@id\":\"https:\\\/\\\/www.marinapalamos.com\\\/ca\\\/el-misteri-de-halloween-torna-a-marina-palamos\\\/#breadcrumb\",\"itemListElement\":[{\"@type\":\"ListItem\",\"position\":1,\"name\":\"Inicio\",\"item\":\"https:\\\/\\\/www.marinapalamos.com\\\/ca\\\/\"},{\"@type\":\"ListItem\",\"position\":2,\"name\":\"Torna el misteri de Halloween al port: una tarda per viure en fam\u00edlia\"}]},{\"@type\":\"WebSite\",\"@id\":\"https:\\\/\\\/www.marinapalamos.com\\\/#website\",\"url\":\"https:\\\/\\\/www.marinapalamos.com\\\/\",\"name\":\"Marina Palam\u00f3s\",\"description\":\"Marina Palam\u00f3s\",\"potentialAction\":[{\"@type\":\"SearchAction\",\"target\":{\"@type\":\"EntryPoint\",\"urlTemplate\":\"https:\\\/\\\/www.marinapalamos.com\\\/?s={search_term_string}\"},\"query-input\":{\"@type\":\"PropertyValueSpecification\",\"valueRequired\":true,\"valueName\":\"search_term_string\"}}],\"inLanguage\":\"ca\"},{\"@type\":\"Person\",\"@id\":\"https:\\\/\\\/www.marinapalamos.com\\\/#\\\/schema\\\/person\\\/9604bbc17d32ce2823e8ffc3e3efb0f3\",\"name\":\"Mauricio\",\"image\":{\"@type\":\"ImageObject\",\"inLanguage\":\"ca\",\"@id\":\"https:\\\/\\\/secure.gravatar.com\\\/avatar\\\/66f31716a14ebbbf9d76c4d8a1e5e44ee4b8992044a9034b47ebd0c89cc8c57b?s=96&d=mm&r=g\",\"url\":\"https:\\\/\\\/secure.gravatar.com\\\/avatar\\\/66f31716a14ebbbf9d76c4d8a1e5e44ee4b8992044a9034b47ebd0c89cc8c57b?s=96&d=mm&r=g\",\"contentUrl\":\"https:\\\/\\\/secure.gravatar.com\\\/avatar\\\/66f31716a14ebbbf9d76c4d8a1e5e44ee4b8992044a9034b47ebd0c89cc8c57b?s=96&d=mm&r=g\",\"caption\":\"Mauricio\"},\"url\":\"https:\\\/\\\/www.marinapalamos.com\\\/ca\\\/author\\\/mauricio\\\/\"}]}<\/script>\n<!-- \/ Yoast SEO plugin. -->","yoast_head_json":{"title":"Torna el misteri de Halloween al port: una tarda per viure en fam\u00edlia - Marina Palam\u00f3s","description":"Celebra Halloween a Marina Palam\u00f3s l\u20191 de novembre: tallers, espectacles i diversi\u00f3 vora el mar. Una tarda plena de misteri.","robots":{"index":"index","follow":"follow","max-snippet":"max-snippet:-1","max-image-preview":"max-image-preview:large","max-video-preview":"max-video-preview:-1"},"canonical":"https:\/\/www.marinapalamos.com\/ca\/el-misteri-de-halloween-torna-a-marina-palamos\/","og_locale":"ca_ES","og_type":"article","og_title":"Torna el misteri de Halloween al port: una tarda per viure en fam\u00edlia - Marina Palam\u00f3s","og_description":"Celebra Halloween a Marina Palam\u00f3s l\u20191 de novembre: tallers, espectacles i diversi\u00f3 vora el mar. Una tarda plena de misteri.","og_url":"https:\/\/www.marinapalamos.com\/ca\/el-misteri-de-halloween-torna-a-marina-palamos\/","og_site_name":"Marina Palam\u00f3s","article_published_time":"2025-10-23T11:15:03+00:00","article_modified_time":"2025-10-23T11:17:47+00:00","og_image":[{"width":500,"height":300,"url":"https:\/\/www.marinapalamos.com\/wp-content\/uploads\/2025\/10\/HALLOWEEN-2025-PORTADA.png","type":"image\/png"}],"author":"Mauricio","twitter_card":"summary_large_image","twitter_misc":{"Escrit per":"Mauricio","Temps estimat de lectura":"2 minuts"},"schema":{"@context":"https:\/\/schema.org","@graph":[{"@type":"Article","@id":"https:\/\/www.marinapalamos.com\/ca\/el-misteri-de-halloween-torna-a-marina-palamos\/#article","isPartOf":{"@id":"https:\/\/www.marinapalamos.com\/ca\/el-misteri-de-halloween-torna-a-marina-palamos\/"},"author":{"name":"Mauricio","@id":"https:\/\/www.marinapalamos.com\/#\/schema\/person\/9604bbc17d32ce2823e8ffc3e3efb0f3"},"headline":"Torna el misteri de Halloween al port: una tarda per viure en fam\u00edlia","datePublished":"2025-10-23T11:15:03+00:00","dateModified":"2025-10-23T11:17:47+00:00","mainEntityOfPage":{"@id":"https:\/\/www.marinapalamos.com\/ca\/el-misteri-de-halloween-torna-a-marina-palamos\/"},"wordCount":913,"commentCount":0,"image":{"@id":"https:\/\/www.marinapalamos.com\/ca\/el-misteri-de-halloween-torna-a-marina-palamos\/#primaryimage"},"thumbnailUrl":"https:\/\/www.marinapalamos.com\/wp-content\/uploads\/2025\/10\/HALLOWEEN-2025-PORTADA.png","articleSection":["Blog"],"inLanguage":"ca","potentialAction":[{"@type":"CommentAction","name":"Comment","target":["https:\/\/www.marinapalamos.com\/ca\/el-misteri-de-halloween-torna-a-marina-palamos\/#respond"]}]},{"@type":"WebPage","@id":"https:\/\/www.marinapalamos.com\/ca\/el-misteri-de-halloween-torna-a-marina-palamos\/","url":"https:\/\/www.marinapalamos.com\/ca\/el-misteri-de-halloween-torna-a-marina-palamos\/","name":"Torna el misteri de Halloween al port: una tarda per viure en fam\u00edlia - Marina Palam\u00f3s","isPartOf":{"@id":"https:\/\/www.marinapalamos.com\/#website"},"primaryImageOfPage":{"@id":"https:\/\/www.marinapalamos.com\/ca\/el-misteri-de-halloween-torna-a-marina-palamos\/#primaryimage"},"image":{"@id":"https:\/\/www.marinapalamos.com\/ca\/el-misteri-de-halloween-torna-a-marina-palamos\/#primaryimage"},"thumbnailUrl":"https:\/\/www.marinapalamos.com\/wp-content\/uploads\/2025\/10\/HALLOWEEN-2025-PORTADA.png","datePublished":"2025-10-23T11:15:03+00:00","dateModified":"2025-10-23T11:17:47+00:00","author":{"@id":"https:\/\/www.marinapalamos.com\/#\/schema\/person\/9604bbc17d32ce2823e8ffc3e3efb0f3"},"description":"Celebra Halloween a Marina Palam\u00f3s l\u20191 de novembre: tallers, espectacles i diversi\u00f3 vora el mar. Una tarda plena de misteri.","breadcrumb":{"@id":"https:\/\/www.marinapalamos.com\/ca\/el-misteri-de-halloween-torna-a-marina-palamos\/#breadcrumb"},"inLanguage":"ca","potentialAction":[{"@type":"ReadAction","target":["https:\/\/www.marinapalamos.com\/ca\/el-misteri-de-halloween-torna-a-marina-palamos\/"]}]},{"@type":"ImageObject","inLanguage":"ca","@id":"https:\/\/www.marinapalamos.com\/ca\/el-misteri-de-halloween-torna-a-marina-palamos\/#primaryimage","url":"https:\/\/www.marinapalamos.com\/wp-content\/uploads\/2025\/10\/HALLOWEEN-2025-PORTADA.png","contentUrl":"https:\/\/www.marinapalamos.com\/wp-content\/uploads\/2025\/10\/HALLOWEEN-2025-PORTADA.png","width":500,"height":300},{"@type":"BreadcrumbList","@id":"https:\/\/www.marinapalamos.com\/ca\/el-misteri-de-halloween-torna-a-marina-palamos\/#breadcrumb","itemListElement":[{"@type":"ListItem","position":1,"name":"Inicio","item":"https:\/\/www.marinapalamos.com\/ca\/"},{"@type":"ListItem","position":2,"name":"Torna el misteri de Halloween al port: una tarda per viure en fam\u00edlia"}]},{"@type":"WebSite","@id":"https:\/\/www.marinapalamos.com\/#website","url":"https:\/\/www.marinapalamos.com\/","name":"Marina Palam\u00f3s","description":"Marina Palam\u00f3s","potentialAction":[{"@type":"SearchAction","target":{"@type":"EntryPoint","urlTemplate":"https:\/\/www.marinapalamos.com\/?s={search_term_string}"},"query-input":{"@type":"PropertyValueSpecification","valueRequired":true,"valueName":"search_term_string"}}],"inLanguage":"ca"},{"@type":"Person","@id":"https:\/\/www.marinapalamos.com\/#\/schema\/person\/9604bbc17d32ce2823e8ffc3e3efb0f3","name":"Mauricio","image":{"@type":"ImageObject","inLanguage":"ca","@id":"https:\/\/secure.gravatar.com\/avatar\/66f31716a14ebbbf9d76c4d8a1e5e44ee4b8992044a9034b47ebd0c89cc8c57b?s=96&d=mm&r=g","url":"https:\/\/secure.gravatar.com\/avatar\/66f31716a14ebbbf9d76c4d8a1e5e44ee4b8992044a9034b47ebd0c89cc8c57b?s=96&d=mm&r=g","contentUrl":"https:\/\/secure.gravatar.com\/avatar\/66f31716a14ebbbf9d76c4d8a1e5e44ee4b8992044a9034b47ebd0c89cc8c57b?s=96&d=mm&r=g","caption":"Mauricio"},"url":"https:\/\/www.marinapalamos.com\/ca\/author\/mauricio\/"}]}},"_links":{"self":[{"href":"https:\/\/www.marinapalamos.com\/ca\/wp-json\/wp\/v2\/posts\/7862","targetHints":{"allow":["GET"]}}],"collection":[{"href":"https:\/\/www.marinapalamos.com\/ca\/wp-json\/wp\/v2\/posts"}],"about":[{"href":"https:\/\/www.marinapalamos.com\/ca\/wp-json\/wp\/v2\/types\/post"}],"author":[{"embeddable":true,"href":"https:\/\/www.marinapalamos.com\/ca\/wp-json\/wp\/v2\/users\/5"}],"replies":[{"embeddable":true,"href":"https:\/\/www.marinapalamos.com\/ca\/wp-json\/wp\/v2\/comments?post=7862"}],"version-history":[{"count":4,"href":"https:\/\/www.marinapalamos.com\/ca\/wp-json\/wp\/v2\/posts\/7862\/revisions"}],"predecessor-version":[{"id":7880,"href":"https:\/\/www.marinapalamos.com\/ca\/wp-json\/wp\/v2\/posts\/7862\/revisions\/7880"}],"wp:featuredmedia":[{"embeddable":true,"href":"https:\/\/www.marinapalamos.com\/ca\/wp-json\/wp\/v2\/media\/7865"}],"wp:attachment":[{"href":"https:\/\/www.marinapalamos.com\/ca\/wp-json\/wp\/v2\/media?parent=7862"}],"wp:term":[{"taxonomy":"category","embeddable":true,"href":"https:\/\/www.marinapalamos.com\/ca\/wp-json\/wp\/v2\/categories?post=7862"},{"taxonomy":"post_tag","embeddable":true,"href":"https:\/\/www.marinapalamos.com\/ca\/wp-json\/wp\/v2\/tags?post=7862"}],"curies":[{"name":"wp","href":"https:\/\/api.w.org\/{rel}","templated":true}]}}