{"id":7899,"date":"2025-11-13T11:49:04","date_gmt":"2025-11-13T11:49:04","guid":{"rendered":"https:\/\/www.marinapalamos.com\/?p=7899"},"modified":"2025-11-13T11:49:18","modified_gmt":"2025-11-13T11:49:18","slug":"oncogravel-2025-pedalem-junts-per-una-bona-causa","status":"publish","type":"post","link":"https:\/\/www.marinapalamos.com\/ca\/oncogravel-2025-pedalem-junts-per-una-bona-causa\/","title":{"rendered":"ONCOGRAVEL 2025: Pedalem junts per una bona causa"},"content":{"rendered":"<div class=\"fusion-fullwidth fullwidth-box fusion-builder-row-1 fusion-flex-container nonhundred-percent-fullwidth non-hundred-percent-height-scrolling\" style=\"--awb-border-radius-top-left:0px;--awb-border-radius-top-right:0px;--awb-border-radius-bottom-right:0px;--awb-border-radius-bottom-left:0px;--awb-flex-wrap:wrap;\" ><div class=\"fusion-builder-row fusion-row fusion-flex-align-items-flex-start fusion-flex-content-wrap\" style=\"max-width:1300px;margin-left: calc(-4% \/ 2 );margin-right: calc(-4% \/ 2 );\"><div class=\"fusion-layout-column fusion_builder_column fusion-builder-column-0 fusion_builder_column_1_1 1_1 fusion-flex-column\" style=\"--awb-bg-size:cover;--awb-width-large:100%;--awb-margin-top-large:0px;--awb-spacing-right-large:1.92%;--awb-margin-bottom-large:20px;--awb-spacing-left-large:1.92%;--awb-width-medium:100%;--awb-order-medium:0;--awb-spacing-right-medium:1.92%;--awb-spacing-left-medium:1.92%;--awb-width-small:100%;--awb-order-small:0;--awb-spacing-right-small:1.92%;--awb-spacing-left-small:1.92%;\"><div class=\"fusion-column-wrapper fusion-column-has-shadow fusion-flex-justify-content-flex-start fusion-content-layout-column\"><div class=\"fusion-text fusion-text-1\" style=\"--awb-text-transform:none;\"><p data-pm-slice=\"1 1 &#091;&#093;\">Lectura: 2 min<\/p>\n<p data-start=\"219\" data-end=\"564\">El passat <strong data-start=\"229\" data-end=\"255\">dissabte 8 de novembre<\/strong>, <strong data-start=\"257\" data-end=\"275\">Marina Palam\u00f3s<\/strong> es va tornar a unir a la gran fam\u00edlia d\u2019<strong data-start=\"316\" data-end=\"330\">ONCOGRAVEL<\/strong>, una iniciativa solid\u00e0ria impulsada per <strong data-start=\"371\" data-end=\"391\">@oncolligagirona<\/strong> i organitzada per <strong data-start=\"410\" data-end=\"433\">@granfondocommunity<\/strong> i <strong data-start=\"436\" data-end=\"451\">@oncogravel<\/strong>, que cada any reuneix centenars de ciclistes amb un mateix prop\u00f2sit: <strong data-start=\"521\" data-end=\"561\">pedalar per la vida i la solidaritat<\/strong>.<\/p>\n<p data-start=\"566\" data-end=\"961\">Un any m\u00e9s, ens ha fet molt\u00edssima il\u00b7lusi\u00f3 <strong data-start=\"609\" data-end=\"636\">patrocinar i participar<\/strong> en aquesta prova que combina esport, esfor\u00e7 i comprom\u00eds social. Des dels seus inicis, <strong data-start=\"723\" data-end=\"737\">ONCOGRAVEL<\/strong> s\u2019ha convertit en un referent en l\u2019\u00e0mbit de l\u2019esport solidari a la prov\u00edncia de Girona, unint persones i empreses al voltant d\u2019una causa comuna: <strong data-start=\"883\" data-end=\"958\">millorar el benestar de les persones amb c\u00e0ncer i de les seves fam\u00edlies<\/strong>.<\/p>\n<h3 data-start=\"963\" data-end=\"991\"><strong data-start=\"967\" data-end=\"991\">Una edici\u00f3 de r\u00e8cord<\/strong><\/h3>\n<p data-start=\"993\" data-end=\"1457\">L\u2019edici\u00f3 d\u2019enguany ha estat especialment significativa, amb una <strong data-start=\"1057\" data-end=\"1093\">recaptaci\u00f3 r\u00e8cord de 61.103,26 \u20ac<\/strong>, que es destinaran \u00edntegrament a la <strong data-start=\"1130\" data-end=\"1159\">Fundaci\u00f3 Oncolliga Girona<\/strong> per continuar finan\u00e7ant els seus programes d\u2019atenci\u00f3 psicol\u00f2gica, fisioter\u00e0pia, acompanyament i benestar emocional.<br data-start=\"1275\" data-end=\"1278\" \/>Volem felicitar sincerament l\u2019organitzaci\u00f3 per l\u2019excel\u00b7lent feina realitzada i per fer possible que aquest esdeveniment creixi any rere any, tant en participaci\u00f3 com en impacte.<\/p>\n<h3 data-start=\"1459\" data-end=\"1523\"><strong data-start=\"1463\" data-end=\"1523\">Esport solidari: un valor essencial per a Marina Palam\u00f3s<\/strong><\/h3>\n<p data-start=\"1525\" data-end=\"1948\">A <strong data-start=\"1527\" data-end=\"1545\">Marina Palam\u00f3s<\/strong> creiem fermament en l\u2019esport com a motor de solidaritat, salut i benestar. Ens enorgulleix veure com bona part del nostre equip s\u2019ha implicat i ha participat activament en la prova, recorrent junts <strong data-start=\"1744\" data-end=\"1773\">800 quil\u00f2metres solidaris<\/strong>.\u00a0<br data-start=\"1780\" data-end=\"1783\" \/>M\u00e9s enll\u00e0 del repte f\u00edsic, cada quil\u00f2metre ha estat una mostra de comprom\u00eds, empatia i treball en equip \u2014valors que formen part de l\u2019ADN de la nostra organitzaci\u00f3.<\/p>\n<h3 data-start=\"1950\" data-end=\"1980\"><strong data-start=\"1954\" data-end=\"1980\">Donacions amb prop\u00f2sit<\/strong><\/h3>\n<p data-start=\"1982\" data-end=\"2485\">Enguany, a m\u00e9s dels <strong data-start=\"2002\" data-end=\"2013\">2.000 \u20ac<\/strong> recaptats i donats a <strong data-start=\"2035\" data-end=\"2055\">@oncolligagirona<\/strong>, a <strong data-start=\"2059\" data-end=\"2077\">Marina Palam\u00f3s<\/strong> hem volgut anar un pas m\u00e9s enll\u00e0. Per cada quil\u00f2metre recorregut pels nostres equips, donarem <strong data-start=\"2172\" data-end=\"2191\">2 \u20ac addicionals<\/strong> a la <strong data-start=\"2197\" data-end=\"2216\">Fundaci\u00f3 K\u00e1lida<\/strong>, contribuint aix\u00ed amb <strong data-start=\"2239\" data-end=\"2250\">1.600 \u20ac<\/strong> per donar suport a la seva tasca d\u2019acompanyament a persones amb c\u00e0ncer i a les seves fam\u00edlies.\u00a0<br data-start=\"2348\" data-end=\"2351\" \/>Creiem que petits gestos com aquest poden marcar una gran difer\u00e8ncia, i estem orgullosos de poder aportar el nostre granet de sorra.<\/p>\n<h3 data-start=\"2487\" data-end=\"2522\"><strong data-start=\"2491\" data-end=\"2522\">Agra\u00efments i reconeixements<\/strong><\/h3>\n<p data-start=\"2524\" data-end=\"2861\">Volem dedicar una <strong data-start=\"2542\" data-end=\"2572\">menci\u00f3 especial a @lindley<\/strong> per la seva generosa donaci\u00f3 i per haver format part activa de l\u2019equip, compartint esfor\u00e7, il\u00b7lusi\u00f3 i esperit solidari.<br data-start=\"2692\" data-end=\"2695\" \/>I, per descomptat, <strong data-start=\"2714\" data-end=\"2772\">gr\u00e0cies a tots els participants, voluntaris i entitats<\/strong> que han fet possible aquesta jornada plena d\u2019esfor\u00e7, companyonia i superaci\u00f3 personal.<\/p>\n<p data-start=\"2863\" data-end=\"3020\">L\u2019esperit d\u2019<strong data-start=\"2875\" data-end=\"2889\">ONCOGRAVEL<\/strong> ens recorda que, quan l\u2019esport i la solidaritat s\u2019uneixen, neixen hist\u00f2ries que inspiren.<\/p>\n<p style=\"text-align: center;\" data-start=\"2863\" data-end=\"3020\"><br data-start=\"2979\" data-end=\"2982\" \/>Ens veiem a la propera edici\u00f3!<\/p>\n<p data-start=\"2912\" data-end=\"3072\"><img decoding=\"async\" class=\" wp-image-7901 aligncenter\" src=\"https:\/\/www.marinapalamos.com\/wp-content\/uploads\/2025\/11\/ONCOGRAVEL-2025-IMAGEN-BLOG-1024x614.png\" alt=\"\" width=\"802\" height=\"481\" srcset=\"https:\/\/www.marinapalamos.com\/wp-content\/uploads\/2025\/11\/ONCOGRAVEL-2025-IMAGEN-BLOG-200x120.png 200w, https:\/\/www.marinapalamos.com\/wp-content\/uploads\/2025\/11\/ONCOGRAVEL-2025-IMAGEN-BLOG-300x180.png 300w, https:\/\/www.marinapalamos.com\/wp-content\/uploads\/2025\/11\/ONCOGRAVEL-2025-IMAGEN-BLOG-400x240.png 400w, https:\/\/www.marinapalamos.com\/wp-content\/uploads\/2025\/11\/ONCOGRAVEL-2025-IMAGEN-BLOG-600x360.png 600w, https:\/\/www.marinapalamos.com\/wp-content\/uploads\/2025\/11\/ONCOGRAVEL-2025-IMAGEN-BLOG-768x461.png 768w, https:\/\/www.marinapalamos.com\/wp-content\/uploads\/2025\/11\/ONCOGRAVEL-2025-IMAGEN-BLOG-800x480.png 800w, https:\/\/www.marinapalamos.com\/wp-content\/uploads\/2025\/11\/ONCOGRAVEL-2025-IMAGEN-BLOG-1024x614.png 1024w, https:\/\/www.marinapalamos.com\/wp-content\/uploads\/2025\/11\/ONCOGRAVEL-2025-IMAGEN-BLOG-1200x720.png 1200w, https:\/\/www.marinapalamos.com\/wp-content\/uploads\/2025\/11\/ONCOGRAVEL-2025-IMAGEN-BLOG.png 1500w\" sizes=\"(max-width: 802px) 100vw, 802px\" \/><\/p>\n<\/div><\/div><\/div><div class=\"fusion-layout-column fusion_builder_column fusion-builder-column-1 fusion_builder_column_1_1 1_1 fusion-flex-column\" style=\"--awb-bg-size:cover;--awb-width-large:100%;--awb-margin-top-large:0px;--awb-spacing-right-large:1.92%;--awb-margin-bottom-large:20px;--awb-spacing-left-large:1.92%;--awb-width-medium:100%;--awb-order-medium:0;--awb-spacing-right-medium:1.92%;--awb-spacing-left-medium:1.92%;--awb-width-small:100%;--awb-order-small:0;--awb-spacing-right-small:1.92%;--awb-spacing-left-small:1.92%;\"><div class=\"fusion-column-wrapper fusion-column-has-shadow fusion-flex-justify-content-flex-start fusion-content-layout-column\"><\/div><\/div><\/div><\/div>\n","protected":false},"excerpt":{"rendered":"","protected":false},"author":5,"featured_media":7905,"comment_status":"open","ping_status":"closed","sticky":false,"template":"","format":"standard","meta":{"_acf_changed":false,"footnotes":""},"categories":[69],"tags":[],"class_list":["post-7899","post","type-post","status-publish","format-standard","has-post-thumbnail","hentry","category-blog-ca"],"acf":[],"yoast_head":"<!-- This site is optimized with the Yoast SEO plugin v27.5 - https:\/\/yoast.com\/product\/yoast-seo-wordpress\/ -->\n<title>ONCOGRAVEL 2025: Pedalem junts per una bona causa - Marina Palam\u00f3s<\/title>\n<meta name=\"description\" content=\"Marina Palam\u00f3s participa un any m\u00e9s a l\u2019ONCOGRAVEL 2025, una prova solid\u00e0ria d\u2019Oncolliga Girona, recorrent 800 km entre tot l\u2019equip.\" \/>\n<meta name=\"robots\" content=\"index, follow, max-snippet:-1, max-image-preview:large, max-video-preview:-1\" \/>\n<link rel=\"canonical\" href=\"https:\/\/www.marinapalamos.com\/ca\/oncogravel-2025-pedalem-junts-per-una-bona-causa\/\" \/>\n<meta property=\"og:locale\" content=\"ca_ES\" \/>\n<meta property=\"og:type\" content=\"article\" \/>\n<meta property=\"og:title\" content=\"ONCOGRAVEL 2025: Pedalem junts per una bona causa - Marina Palam\u00f3s\" \/>\n<meta property=\"og:description\" content=\"Marina Palam\u00f3s participa un any m\u00e9s a l\u2019ONCOGRAVEL 2025, una prova solid\u00e0ria d\u2019Oncolliga Girona, recorrent 800 km entre tot l\u2019equip.\" \/>\n<meta property=\"og:url\" content=\"https:\/\/www.marinapalamos.com\/ca\/oncogravel-2025-pedalem-junts-per-una-bona-causa\/\" \/>\n<meta property=\"og:site_name\" content=\"Marina Palam\u00f3s\" \/>\n<meta property=\"article:published_time\" content=\"2025-11-13T11:49:04+00:00\" \/>\n<meta property=\"article:modified_time\" content=\"2025-11-13T11:49:18+00:00\" \/>\n<meta property=\"og:image\" content=\"https:\/\/www.marinapalamos.com\/wp-content\/uploads\/2025\/11\/ONCOGRAVEL-2025-PORTADA.png\" \/>\n\t<meta property=\"og:image:width\" content=\"500\" \/>\n\t<meta property=\"og:image:height\" content=\"300\" \/>\n\t<meta property=\"og:image:type\" content=\"image\/png\" \/>\n<meta name=\"author\" content=\"Mauricio\" \/>\n<meta name=\"twitter:card\" content=\"summary_large_image\" \/>\n<meta name=\"twitter:label1\" content=\"Escrit per\" \/>\n\t<meta name=\"twitter:data1\" content=\"Mauricio\" \/>\n\t<meta name=\"twitter:label2\" content=\"Temps estimat de lectura\" \/>\n\t<meta name=\"twitter:data2\" content=\"3 minuts\" \/>\n<script type=\"application\/ld+json\" class=\"yoast-schema-graph\">{\"@context\":\"https:\\\/\\\/schema.org\",\"@graph\":[{\"@type\":\"Article\",\"@id\":\"https:\\\/\\\/www.marinapalamos.com\\\/ca\\\/oncogravel-2025-pedalem-junts-per-una-bona-causa\\\/#article\",\"isPartOf\":{\"@id\":\"https:\\\/\\\/www.marinapalamos.com\\\/ca\\\/oncogravel-2025-pedalem-junts-per-una-bona-causa\\\/\"},\"author\":{\"name\":\"Mauricio\",\"@id\":\"https:\\\/\\\/www.marinapalamos.com\\\/#\\\/schema\\\/person\\\/9604bbc17d32ce2823e8ffc3e3efb0f3\"},\"headline\":\"ONCOGRAVEL 2025: Pedalem junts per una bona causa\",\"datePublished\":\"2025-11-13T11:49:04+00:00\",\"dateModified\":\"2025-11-13T11:49:18+00:00\",\"mainEntityOfPage\":{\"@id\":\"https:\\\/\\\/www.marinapalamos.com\\\/ca\\\/oncogravel-2025-pedalem-junts-per-una-bona-causa\\\/\"},\"wordCount\":1068,\"commentCount\":0,\"image\":{\"@id\":\"https:\\\/\\\/www.marinapalamos.com\\\/ca\\\/oncogravel-2025-pedalem-junts-per-una-bona-causa\\\/#primaryimage\"},\"thumbnailUrl\":\"https:\\\/\\\/www.marinapalamos.com\\\/wp-content\\\/uploads\\\/2025\\\/11\\\/ONCOGRAVEL-2025-PORTADA.png\",\"articleSection\":[\"Blog\"],\"inLanguage\":\"ca\",\"potentialAction\":[{\"@type\":\"CommentAction\",\"name\":\"Comment\",\"target\":[\"https:\\\/\\\/www.marinapalamos.com\\\/ca\\\/oncogravel-2025-pedalem-junts-per-una-bona-causa\\\/#respond\"]}]},{\"@type\":\"WebPage\",\"@id\":\"https:\\\/\\\/www.marinapalamos.com\\\/ca\\\/oncogravel-2025-pedalem-junts-per-una-bona-causa\\\/\",\"url\":\"https:\\\/\\\/www.marinapalamos.com\\\/ca\\\/oncogravel-2025-pedalem-junts-per-una-bona-causa\\\/\",\"name\":\"ONCOGRAVEL 2025: Pedalem junts per una bona causa - Marina Palam\u00f3s\",\"isPartOf\":{\"@id\":\"https:\\\/\\\/www.marinapalamos.com\\\/#website\"},\"primaryImageOfPage\":{\"@id\":\"https:\\\/\\\/www.marinapalamos.com\\\/ca\\\/oncogravel-2025-pedalem-junts-per-una-bona-causa\\\/#primaryimage\"},\"image\":{\"@id\":\"https:\\\/\\\/www.marinapalamos.com\\\/ca\\\/oncogravel-2025-pedalem-junts-per-una-bona-causa\\\/#primaryimage\"},\"thumbnailUrl\":\"https:\\\/\\\/www.marinapalamos.com\\\/wp-content\\\/uploads\\\/2025\\\/11\\\/ONCOGRAVEL-2025-PORTADA.png\",\"datePublished\":\"2025-11-13T11:49:04+00:00\",\"dateModified\":\"2025-11-13T11:49:18+00:00\",\"author\":{\"@id\":\"https:\\\/\\\/www.marinapalamos.com\\\/#\\\/schema\\\/person\\\/9604bbc17d32ce2823e8ffc3e3efb0f3\"},\"description\":\"Marina Palam\u00f3s participa un any m\u00e9s a l\u2019ONCOGRAVEL 2025, una prova solid\u00e0ria d\u2019Oncolliga Girona, recorrent 800 km entre tot l\u2019equip.\",\"breadcrumb\":{\"@id\":\"https:\\\/\\\/www.marinapalamos.com\\\/ca\\\/oncogravel-2025-pedalem-junts-per-una-bona-causa\\\/#breadcrumb\"},\"inLanguage\":\"ca\",\"potentialAction\":[{\"@type\":\"ReadAction\",\"target\":[\"https:\\\/\\\/www.marinapalamos.com\\\/ca\\\/oncogravel-2025-pedalem-junts-per-una-bona-causa\\\/\"]}]},{\"@type\":\"ImageObject\",\"inLanguage\":\"ca\",\"@id\":\"https:\\\/\\\/www.marinapalamos.com\\\/ca\\\/oncogravel-2025-pedalem-junts-per-una-bona-causa\\\/#primaryimage\",\"url\":\"https:\\\/\\\/www.marinapalamos.com\\\/wp-content\\\/uploads\\\/2025\\\/11\\\/ONCOGRAVEL-2025-PORTADA.png\",\"contentUrl\":\"https:\\\/\\\/www.marinapalamos.com\\\/wp-content\\\/uploads\\\/2025\\\/11\\\/ONCOGRAVEL-2025-PORTADA.png\",\"width\":500,\"height\":300},{\"@type\":\"BreadcrumbList\",\"@id\":\"https:\\\/\\\/www.marinapalamos.com\\\/ca\\\/oncogravel-2025-pedalem-junts-per-una-bona-causa\\\/#breadcrumb\",\"itemListElement\":[{\"@type\":\"ListItem\",\"position\":1,\"name\":\"Inicio\",\"item\":\"https:\\\/\\\/www.marinapalamos.com\\\/ca\\\/\"},{\"@type\":\"ListItem\",\"position\":2,\"name\":\"ONCOGRAVEL 2025: Pedalem junts per una bona causa\"}]},{\"@type\":\"WebSite\",\"@id\":\"https:\\\/\\\/www.marinapalamos.com\\\/#website\",\"url\":\"https:\\\/\\\/www.marinapalamos.com\\\/\",\"name\":\"Marina Palam\u00f3s\",\"description\":\"Marina Palam\u00f3s\",\"potentialAction\":[{\"@type\":\"SearchAction\",\"target\":{\"@type\":\"EntryPoint\",\"urlTemplate\":\"https:\\\/\\\/www.marinapalamos.com\\\/?s={search_term_string}\"},\"query-input\":{\"@type\":\"PropertyValueSpecification\",\"valueRequired\":true,\"valueName\":\"search_term_string\"}}],\"inLanguage\":\"ca\"},{\"@type\":\"Person\",\"@id\":\"https:\\\/\\\/www.marinapalamos.com\\\/#\\\/schema\\\/person\\\/9604bbc17d32ce2823e8ffc3e3efb0f3\",\"name\":\"Mauricio\",\"image\":{\"@type\":\"ImageObject\",\"inLanguage\":\"ca\",\"@id\":\"https:\\\/\\\/secure.gravatar.com\\\/avatar\\\/66f31716a14ebbbf9d76c4d8a1e5e44ee4b8992044a9034b47ebd0c89cc8c57b?s=96&d=mm&r=g\",\"url\":\"https:\\\/\\\/secure.gravatar.com\\\/avatar\\\/66f31716a14ebbbf9d76c4d8a1e5e44ee4b8992044a9034b47ebd0c89cc8c57b?s=96&d=mm&r=g\",\"contentUrl\":\"https:\\\/\\\/secure.gravatar.com\\\/avatar\\\/66f31716a14ebbbf9d76c4d8a1e5e44ee4b8992044a9034b47ebd0c89cc8c57b?s=96&d=mm&r=g\",\"caption\":\"Mauricio\"},\"url\":\"https:\\\/\\\/www.marinapalamos.com\\\/ca\\\/author\\\/mauricio\\\/\"}]}<\/script>\n<!-- \/ Yoast SEO plugin. -->","yoast_head_json":{"title":"ONCOGRAVEL 2025: Pedalem junts per una bona causa - Marina Palam\u00f3s","description":"Marina Palam\u00f3s participa un any m\u00e9s a l\u2019ONCOGRAVEL 2025, una prova solid\u00e0ria d\u2019Oncolliga Girona, recorrent 800 km entre tot l\u2019equip.","robots":{"index":"index","follow":"follow","max-snippet":"max-snippet:-1","max-image-preview":"max-image-preview:large","max-video-preview":"max-video-preview:-1"},"canonical":"https:\/\/www.marinapalamos.com\/ca\/oncogravel-2025-pedalem-junts-per-una-bona-causa\/","og_locale":"ca_ES","og_type":"article","og_title":"ONCOGRAVEL 2025: Pedalem junts per una bona causa - Marina Palam\u00f3s","og_description":"Marina Palam\u00f3s participa un any m\u00e9s a l\u2019ONCOGRAVEL 2025, una prova solid\u00e0ria d\u2019Oncolliga Girona, recorrent 800 km entre tot l\u2019equip.","og_url":"https:\/\/www.marinapalamos.com\/ca\/oncogravel-2025-pedalem-junts-per-una-bona-causa\/","og_site_name":"Marina Palam\u00f3s","article_published_time":"2025-11-13T11:49:04+00:00","article_modified_time":"2025-11-13T11:49:18+00:00","og_image":[{"width":500,"height":300,"url":"https:\/\/www.marinapalamos.com\/wp-content\/uploads\/2025\/11\/ONCOGRAVEL-2025-PORTADA.png","type":"image\/png"}],"author":"Mauricio","twitter_card":"summary_large_image","twitter_misc":{"Escrit per":"Mauricio","Temps estimat de lectura":"3 minuts"},"schema":{"@context":"https:\/\/schema.org","@graph":[{"@type":"Article","@id":"https:\/\/www.marinapalamos.com\/ca\/oncogravel-2025-pedalem-junts-per-una-bona-causa\/#article","isPartOf":{"@id":"https:\/\/www.marinapalamos.com\/ca\/oncogravel-2025-pedalem-junts-per-una-bona-causa\/"},"author":{"name":"Mauricio","@id":"https:\/\/www.marinapalamos.com\/#\/schema\/person\/9604bbc17d32ce2823e8ffc3e3efb0f3"},"headline":"ONCOGRAVEL 2025: Pedalem junts per una bona causa","datePublished":"2025-11-13T11:49:04+00:00","dateModified":"2025-11-13T11:49:18+00:00","mainEntityOfPage":{"@id":"https:\/\/www.marinapalamos.com\/ca\/oncogravel-2025-pedalem-junts-per-una-bona-causa\/"},"wordCount":1068,"commentCount":0,"image":{"@id":"https:\/\/www.marinapalamos.com\/ca\/oncogravel-2025-pedalem-junts-per-una-bona-causa\/#primaryimage"},"thumbnailUrl":"https:\/\/www.marinapalamos.com\/wp-content\/uploads\/2025\/11\/ONCOGRAVEL-2025-PORTADA.png","articleSection":["Blog"],"inLanguage":"ca","potentialAction":[{"@type":"CommentAction","name":"Comment","target":["https:\/\/www.marinapalamos.com\/ca\/oncogravel-2025-pedalem-junts-per-una-bona-causa\/#respond"]}]},{"@type":"WebPage","@id":"https:\/\/www.marinapalamos.com\/ca\/oncogravel-2025-pedalem-junts-per-una-bona-causa\/","url":"https:\/\/www.marinapalamos.com\/ca\/oncogravel-2025-pedalem-junts-per-una-bona-causa\/","name":"ONCOGRAVEL 2025: Pedalem junts per una bona causa - Marina Palam\u00f3s","isPartOf":{"@id":"https:\/\/www.marinapalamos.com\/#website"},"primaryImageOfPage":{"@id":"https:\/\/www.marinapalamos.com\/ca\/oncogravel-2025-pedalem-junts-per-una-bona-causa\/#primaryimage"},"image":{"@id":"https:\/\/www.marinapalamos.com\/ca\/oncogravel-2025-pedalem-junts-per-una-bona-causa\/#primaryimage"},"thumbnailUrl":"https:\/\/www.marinapalamos.com\/wp-content\/uploads\/2025\/11\/ONCOGRAVEL-2025-PORTADA.png","datePublished":"2025-11-13T11:49:04+00:00","dateModified":"2025-11-13T11:49:18+00:00","author":{"@id":"https:\/\/www.marinapalamos.com\/#\/schema\/person\/9604bbc17d32ce2823e8ffc3e3efb0f3"},"description":"Marina Palam\u00f3s participa un any m\u00e9s a l\u2019ONCOGRAVEL 2025, una prova solid\u00e0ria d\u2019Oncolliga Girona, recorrent 800 km entre tot l\u2019equip.","breadcrumb":{"@id":"https:\/\/www.marinapalamos.com\/ca\/oncogravel-2025-pedalem-junts-per-una-bona-causa\/#breadcrumb"},"inLanguage":"ca","potentialAction":[{"@type":"ReadAction","target":["https:\/\/www.marinapalamos.com\/ca\/oncogravel-2025-pedalem-junts-per-una-bona-causa\/"]}]},{"@type":"ImageObject","inLanguage":"ca","@id":"https:\/\/www.marinapalamos.com\/ca\/oncogravel-2025-pedalem-junts-per-una-bona-causa\/#primaryimage","url":"https:\/\/www.marinapalamos.com\/wp-content\/uploads\/2025\/11\/ONCOGRAVEL-2025-PORTADA.png","contentUrl":"https:\/\/www.marinapalamos.com\/wp-content\/uploads\/2025\/11\/ONCOGRAVEL-2025-PORTADA.png","width":500,"height":300},{"@type":"BreadcrumbList","@id":"https:\/\/www.marinapalamos.com\/ca\/oncogravel-2025-pedalem-junts-per-una-bona-causa\/#breadcrumb","itemListElement":[{"@type":"ListItem","position":1,"name":"Inicio","item":"https:\/\/www.marinapalamos.com\/ca\/"},{"@type":"ListItem","position":2,"name":"ONCOGRAVEL 2025: Pedalem junts per una bona causa"}]},{"@type":"WebSite","@id":"https:\/\/www.marinapalamos.com\/#website","url":"https:\/\/www.marinapalamos.com\/","name":"Marina Palam\u00f3s","description":"Marina Palam\u00f3s","potentialAction":[{"@type":"SearchAction","target":{"@type":"EntryPoint","urlTemplate":"https:\/\/www.marinapalamos.com\/?s={search_term_string}"},"query-input":{"@type":"PropertyValueSpecification","valueRequired":true,"valueName":"search_term_string"}}],"inLanguage":"ca"},{"@type":"Person","@id":"https:\/\/www.marinapalamos.com\/#\/schema\/person\/9604bbc17d32ce2823e8ffc3e3efb0f3","name":"Mauricio","image":{"@type":"ImageObject","inLanguage":"ca","@id":"https:\/\/secure.gravatar.com\/avatar\/66f31716a14ebbbf9d76c4d8a1e5e44ee4b8992044a9034b47ebd0c89cc8c57b?s=96&d=mm&r=g","url":"https:\/\/secure.gravatar.com\/avatar\/66f31716a14ebbbf9d76c4d8a1e5e44ee4b8992044a9034b47ebd0c89cc8c57b?s=96&d=mm&r=g","contentUrl":"https:\/\/secure.gravatar.com\/avatar\/66f31716a14ebbbf9d76c4d8a1e5e44ee4b8992044a9034b47ebd0c89cc8c57b?s=96&d=mm&r=g","caption":"Mauricio"},"url":"https:\/\/www.marinapalamos.com\/ca\/author\/mauricio\/"}]}},"_links":{"self":[{"href":"https:\/\/www.marinapalamos.com\/ca\/wp-json\/wp\/v2\/posts\/7899","targetHints":{"allow":["GET"]}}],"collection":[{"href":"https:\/\/www.marinapalamos.com\/ca\/wp-json\/wp\/v2\/posts"}],"about":[{"href":"https:\/\/www.marinapalamos.com\/ca\/wp-json\/wp\/v2\/types\/post"}],"author":[{"embeddable":true,"href":"https:\/\/www.marinapalamos.com\/ca\/wp-json\/wp\/v2\/users\/5"}],"replies":[{"embeddable":true,"href":"https:\/\/www.marinapalamos.com\/ca\/wp-json\/wp\/v2\/comments?post=7899"}],"version-history":[{"count":2,"href":"https:\/\/www.marinapalamos.com\/ca\/wp-json\/wp\/v2\/posts\/7899\/revisions"}],"predecessor-version":[{"id":7910,"href":"https:\/\/www.marinapalamos.com\/ca\/wp-json\/wp\/v2\/posts\/7899\/revisions\/7910"}],"wp:featuredmedia":[{"embeddable":true,"href":"https:\/\/www.marinapalamos.com\/ca\/wp-json\/wp\/v2\/media\/7905"}],"wp:attachment":[{"href":"https:\/\/www.marinapalamos.com\/ca\/wp-json\/wp\/v2\/media?parent=7899"}],"wp:term":[{"taxonomy":"category","embeddable":true,"href":"https:\/\/www.marinapalamos.com\/ca\/wp-json\/wp\/v2\/categories?post=7899"},{"taxonomy":"post_tag","embeddable":true,"href":"https:\/\/www.marinapalamos.com\/ca\/wp-json\/wp\/v2\/tags?post=7899"}],"curies":[{"name":"wp","href":"https:\/\/api.w.org\/{rel}","templated":true}]}}