{"id":8197,"date":"2025-12-10T11:45:20","date_gmt":"2025-12-10T11:45:20","guid":{"rendered":"https:\/\/www.marinapalamos.com\/?p=8197"},"modified":"2025-12-10T11:45:32","modified_gmt":"2025-12-10T11:45:32","slug":"sansiswim-2025-lultima-nedada-de-lany","status":"publish","type":"post","link":"https:\/\/www.marinapalamos.com\/ca\/sansiswim-2025-lultima-nedada-de-lany\/","title":{"rendered":"Sansiswim 2025: L\u2019\u00faltima nedada de l\u2019any"},"content":{"rendered":"<div class=\"fusion-fullwidth fullwidth-box fusion-builder-row-1 fusion-flex-container nonhundred-percent-fullwidth non-hundred-percent-height-scrolling\" style=\"--awb-border-radius-top-left:0px;--awb-border-radius-top-right:0px;--awb-border-radius-bottom-right:0px;--awb-border-radius-bottom-left:0px;--awb-flex-wrap:wrap;\" ><div class=\"fusion-builder-row fusion-row fusion-flex-align-items-flex-start fusion-flex-content-wrap\" style=\"max-width:1300px;margin-left: calc(-4% \/ 2 );margin-right: calc(-4% \/ 2 );\"><div class=\"fusion-layout-column fusion_builder_column fusion-builder-column-0 fusion_builder_column_1_1 1_1 fusion-flex-column\" style=\"--awb-bg-size:cover;--awb-width-large:100%;--awb-margin-top-large:0px;--awb-spacing-right-large:1.92%;--awb-margin-bottom-large:20px;--awb-spacing-left-large:1.92%;--awb-width-medium:100%;--awb-order-medium:0;--awb-spacing-right-medium:1.92%;--awb-spacing-left-medium:1.92%;--awb-width-small:100%;--awb-order-small:0;--awb-spacing-right-small:1.92%;--awb-spacing-left-small:1.92%;\"><div class=\"fusion-column-wrapper fusion-column-has-shadow fusion-flex-justify-content-flex-start fusion-content-layout-column\"><div class=\"fusion-text fusion-text-1\" style=\"--awb-text-transform:none;\"><p data-pm-slice=\"1 1 &#091;&#093;\">Lectura: 2 min<\/p>\n<p data-start=\"338\" data-end=\"663\">El pr\u00f2xim <strong data-start=\"348\" data-end=\"375\">dissabte 27 de desembre<\/strong>, Marina Palam\u00f3s tornar\u00e0 a viure una de les tradicions esportives m\u00e9s esperades del calendari: la <strong data-start=\"466\" data-end=\"484\">Sansiswim 2025<\/strong>, la gran nedada popular d\u2019hivern que cada any aplega nedadors de totes les edats i nivells per acomiadar l\u2019any d\u2019una manera \u00fanica \u2014amb mar, solidaritat i un ambient immillorable.<\/p>\n<p data-start=\"665\" data-end=\"1169\">Enguany, la Sansiswim porta un valor afegit molt especial. Despr\u00e9s del col\u00b7lapse de la c\u00fapula de la piscina el passat <strong data-start=\"783\" data-end=\"797\">29 de mar\u00e7<\/strong>, el <strong data-start=\"802\" data-end=\"826\">Club Nataci\u00f3 Palam\u00f3s<\/strong> ha treballat incansablement per mantenir viva l\u2019activitat de l\u2019escola, adaptant-se, reorganitzant-se i demostrant que l\u2019esperit del club va molt m\u00e9s enll\u00e0 d\u2019un edifici. Per aix\u00f2, aquesta edici\u00f3 ser\u00e0 <strong data-start=\"1026\" data-end=\"1059\">una gran abra\u00e7ada col\u00b7lectiva<\/strong> per donar suport a la recuperaci\u00f3 del Club i garantir que la seva tasca esportiva i social continu\u00ef endavant.<\/p>\n<h3 data-start=\"1176\" data-end=\"1224\"><strong data-start=\"1179\" data-end=\"1224\">Una experi\u00e8ncia \u00fanica: del mar a la festa<\/strong><\/h3>\n<p data-start=\"1226\" data-end=\"1496\">La Sansiswim 2025 proposa un recorregut de <strong data-start=\"1269\" data-end=\"1285\">1.500 metres<\/strong>, no competitiu i obert a tothom. Una travessa pensada per gaudir del mar en plena calma hivernal, amb sortida a <strong data-start=\"1398\" data-end=\"1410\">La Fosca<\/strong> i arribada a <strong data-start=\"1424\" data-end=\"1442\">Marina Palam\u00f3s<\/strong>, passant per la m\u00edtica Cala del <strong data-start=\"1475\" data-end=\"1495\">Morro del Vedell<\/strong>.<\/p>\n<p data-start=\"1498\" data-end=\"1567\">I, com ja \u00e9s tradici\u00f3, l\u2019arribada estar\u00e0 plena de vida i bon ambient:<\/p>\n<ul data-start=\"1569\" data-end=\"1963\">\n<li data-start=\"1569\" data-end=\"1620\">\n<p data-start=\"1571\" data-end=\"1620\">\u2615\ud83c\udf6b <strong data-start=\"1575\" data-end=\"1597\">Xocolatada calenta<\/strong> per recuperar forces<\/p>\n<\/li>\n<li data-start=\"1621\" data-end=\"1697\">\n<p data-start=\"1623\" data-end=\"1697\">\ud83d\udc83 <strong data-start=\"1626\" data-end=\"1660\">Espectacle de dansa en directe<\/strong> a c\u00e0rrec de la F\u00e0brica de la Dansa<\/p>\n<\/li>\n<li data-start=\"1698\" data-end=\"1723\">\n<p data-start=\"1700\" data-end=\"1723\">\ud83c\udfb6 <strong data-start=\"1703\" data-end=\"1721\">M\u00fasica ambient<\/strong><\/p>\n<\/li>\n<li data-start=\"1724\" data-end=\"1805\">\n<p data-start=\"1726\" data-end=\"1805\">\ud83d\udc55 <strong data-start=\"1729\" data-end=\"1803\">Venda de marxandatge i el casquet especial del 10\u00e8 aniversari del Club<\/strong><\/p>\n<\/li>\n<li data-start=\"1806\" data-end=\"1851\">\n<p data-start=\"1808\" data-end=\"1851\">\ud83c\udf7d\ufe0f <strong data-start=\"1812\" data-end=\"1821\">Dinar<\/strong> per a tots els participants<\/p>\n<\/li>\n<li data-start=\"1852\" data-end=\"1879\">\n<p data-start=\"1854\" data-end=\"1879\">\ud83d\udebf <strong data-start=\"1857\" data-end=\"1877\">Servei de dutxes<\/strong><\/p>\n<\/li>\n<li data-start=\"1880\" data-end=\"1910\">\n<p data-start=\"1882\" data-end=\"1910\">\ud83c\udd7f\ufe0f <strong data-start=\"1886\" data-end=\"1908\">Aparcament gratu\u00eft<\/strong><\/p>\n<\/li>\n<li data-start=\"1911\" data-end=\"1963\">\n<p data-start=\"1913\" data-end=\"1963\">\ud83d\ude8c <strong data-start=\"1916\" data-end=\"1963\">Trasllat en autob\u00fas per a tots els nedadors<\/strong><\/p>\n<\/li>\n<\/ul>\n<p data-start=\"1965\" data-end=\"2105\">Tot plegat crea una atmosfera que converteix aquest esdeveniment en molt m\u00e9s que una nedada: \u00e9s un espai de trobada, celebraci\u00f3 i comunitat.<\/p>\n<h3 data-start=\"2112\" data-end=\"2147\"><strong data-start=\"2115\" data-end=\"2147\">Horaris de la Sansiswim 2025<\/strong><\/h3>\n<p data-start=\"2149\" data-end=\"2286\"><strong data-start=\"2149\" data-end=\"2194\">\ud83d\udd64 9:30h \u2013 10:30h \u00b7 Servei de guarda-roba<\/strong><br data-start=\"2194\" data-end=\"2197\" \/>Els participants podran deixar les seves pertinences de forma segura abans de la sortida.<\/p>\n<p data-start=\"2288\" data-end=\"2418\"><strong data-start=\"2288\" data-end=\"2323\">\ud83d\udd65 10:30h \u00b7 Trasllat i briefing<\/strong><br data-start=\"2323\" data-end=\"2326\" \/>Autob\u00fas gratu\u00eft fins a La Fosca i explicaci\u00f3 detallada del recorregut i normes de seguretat.<\/p>\n<p data-start=\"2420\" data-end=\"2539\"><strong data-start=\"2420\" data-end=\"2456\">\ud83d\udd5a 11:00h \u00b7 Inici de la travessa<\/strong><br data-start=\"2456\" data-end=\"2459\" \/>Comen\u00e7a la gran nedada de 1.500 metres cap al Morro del Vedell i Marina Palam\u00f3s.<\/p>\n<p data-start=\"2541\" data-end=\"2631\">A l\u2019arribada: xocolatada, dansa en viu i una zona social plena d\u2019activitats i bon ambient.<\/p>\n<h2 data-start=\"2638\" data-end=\"2678\"><strong data-start=\"2641\" data-end=\"2678\">Inscripcions amb impacte solidari<\/strong><\/h2>\n<p data-start=\"2680\" data-end=\"2943\">La inscripci\u00f3 t\u00e9 un cost de <strong data-start=\"2708\" data-end=\"2716\">15 \u20ac<\/strong>, dels quals <strong data-start=\"2729\" data-end=\"2784\">7 \u20ac es destinen directament al Club Nataci\u00f3 Palam\u00f3s<\/strong> per ajudar en la seva recuperaci\u00f3.<br data-start=\"2819\" data-end=\"2822\" \/>A m\u00e9s, els participants disposen d\u2019una <strong data-start=\"2861\" data-end=\"2904\">opci\u00f3 d\u2019aportaci\u00f3 addicional volunt\u00e0ria<\/strong> per donar un suport extra a l\u2019entitat.<\/p>\n<p data-start=\"2945\" data-end=\"3035\">Inscripcions i reglament disponibles aqu\u00ed:<br \/>\n\ud83d\udc49 <a href=\"https:\/\/shorturl.at\/6bXVi\"><em data-start=\"2902\" data-end=\"2944\">https:\/\/shorturl.at\/6bXVi<\/em><\/a><\/p>\n<p data-start=\"2912\" data-end=\"3072\"><img decoding=\"async\" class=\" wp-image-8199 aligncenter\" src=\"https:\/\/www.marinapalamos.com\/wp-content\/uploads\/2025\/12\/SANSISWIM-2025-IMAGEN-BLOG-1024x614.png\" alt=\"\" width=\"882\" height=\"529\" srcset=\"https:\/\/www.marinapalamos.com\/wp-content\/uploads\/2025\/12\/SANSISWIM-2025-IMAGEN-BLOG-200x120.png 200w, https:\/\/www.marinapalamos.com\/wp-content\/uploads\/2025\/12\/SANSISWIM-2025-IMAGEN-BLOG-300x180.png 300w, https:\/\/www.marinapalamos.com\/wp-content\/uploads\/2025\/12\/SANSISWIM-2025-IMAGEN-BLOG-400x240.png 400w, https:\/\/www.marinapalamos.com\/wp-content\/uploads\/2025\/12\/SANSISWIM-2025-IMAGEN-BLOG-600x360.png 600w, https:\/\/www.marinapalamos.com\/wp-content\/uploads\/2025\/12\/SANSISWIM-2025-IMAGEN-BLOG-768x461.png 768w, https:\/\/www.marinapalamos.com\/wp-content\/uploads\/2025\/12\/SANSISWIM-2025-IMAGEN-BLOG-800x480.png 800w, https:\/\/www.marinapalamos.com\/wp-content\/uploads\/2025\/12\/SANSISWIM-2025-IMAGEN-BLOG-1024x614.png 1024w, https:\/\/www.marinapalamos.com\/wp-content\/uploads\/2025\/12\/SANSISWIM-2025-IMAGEN-BLOG-1200x720.png 1200w, https:\/\/www.marinapalamos.com\/wp-content\/uploads\/2025\/12\/SANSISWIM-2025-IMAGEN-BLOG.png 1500w\" sizes=\"(max-width: 882px) 100vw, 882px\" \/><\/p>\n<\/div><\/div><\/div><div class=\"fusion-layout-column fusion_builder_column fusion-builder-column-1 fusion_builder_column_1_1 1_1 fusion-flex-column\" style=\"--awb-bg-size:cover;--awb-width-large:100%;--awb-margin-top-large:0px;--awb-spacing-right-large:1.92%;--awb-margin-bottom-large:20px;--awb-spacing-left-large:1.92%;--awb-width-medium:100%;--awb-order-medium:0;--awb-spacing-right-medium:1.92%;--awb-spacing-left-medium:1.92%;--awb-width-small:100%;--awb-order-small:0;--awb-spacing-right-small:1.92%;--awb-spacing-left-small:1.92%;\"><div class=\"fusion-column-wrapper fusion-column-has-shadow fusion-flex-justify-content-flex-start fusion-content-layout-column\"><\/div><\/div><\/div><\/div>\n","protected":false},"excerpt":{"rendered":"","protected":false},"author":5,"featured_media":8203,"comment_status":"open","ping_status":"closed","sticky":false,"template":"","format":"standard","meta":{"_acf_changed":false,"footnotes":""},"categories":[69],"tags":[],"class_list":["post-8197","post","type-post","status-publish","format-standard","has-post-thumbnail","hentry","category-blog-ca"],"acf":[],"yoast_head":"<!-- This site is optimized with the Yoast SEO plugin v27.5 - https:\/\/yoast.com\/product\/yoast-seo-wordpress\/ -->\n<title>Sansiswim 2025: L\u2019\u00faltima nedada de l\u2019any - Marina Palam\u00f3s<\/title>\n<meta name=\"description\" content=\"La Sansiswim 2025 torna a Marina Palam\u00f3s amb l\u2019\u00faltima travessa solid\u00e0ria de l\u2019any, en suport al Club Nataci\u00f3 Palam\u00f3s.\" \/>\n<meta name=\"robots\" content=\"index, follow, max-snippet:-1, max-image-preview:large, max-video-preview:-1\" \/>\n<link rel=\"canonical\" href=\"https:\/\/www.marinapalamos.com\/ca\/sansiswim-2025-lultima-nedada-de-lany\/\" \/>\n<meta property=\"og:locale\" content=\"ca_ES\" \/>\n<meta property=\"og:type\" content=\"article\" \/>\n<meta property=\"og:title\" content=\"Sansiswim 2025: L\u2019\u00faltima nedada de l\u2019any - Marina Palam\u00f3s\" \/>\n<meta property=\"og:description\" content=\"La Sansiswim 2025 torna a Marina Palam\u00f3s amb l\u2019\u00faltima travessa solid\u00e0ria de l\u2019any, en suport al Club Nataci\u00f3 Palam\u00f3s.\" \/>\n<meta property=\"og:url\" content=\"https:\/\/www.marinapalamos.com\/ca\/sansiswim-2025-lultima-nedada-de-lany\/\" \/>\n<meta property=\"og:site_name\" content=\"Marina Palam\u00f3s\" \/>\n<meta property=\"article:published_time\" content=\"2025-12-10T11:45:20+00:00\" \/>\n<meta property=\"article:modified_time\" content=\"2025-12-10T11:45:32+00:00\" \/>\n<meta property=\"og:image\" content=\"https:\/\/www.marinapalamos.com\/wp-content\/uploads\/2025\/12\/SANSISWIM-2025-PORTADA.png\" \/>\n\t<meta property=\"og:image:width\" content=\"500\" \/>\n\t<meta property=\"og:image:height\" content=\"300\" \/>\n\t<meta property=\"og:image:type\" content=\"image\/png\" \/>\n<meta name=\"author\" content=\"Mauricio\" \/>\n<meta name=\"twitter:card\" content=\"summary_large_image\" \/>\n<meta name=\"twitter:label1\" content=\"Escrit per\" \/>\n\t<meta name=\"twitter:data1\" content=\"Mauricio\" \/>\n\t<meta name=\"twitter:label2\" content=\"Temps estimat de lectura\" \/>\n\t<meta name=\"twitter:data2\" content=\"3 minuts\" \/>\n<script type=\"application\/ld+json\" class=\"yoast-schema-graph\">{\"@context\":\"https:\\\/\\\/schema.org\",\"@graph\":[{\"@type\":\"Article\",\"@id\":\"https:\\\/\\\/www.marinapalamos.com\\\/ca\\\/sansiswim-2025-lultima-nedada-de-lany\\\/#article\",\"isPartOf\":{\"@id\":\"https:\\\/\\\/www.marinapalamos.com\\\/ca\\\/sansiswim-2025-lultima-nedada-de-lany\\\/\"},\"author\":{\"name\":\"Mauricio\",\"@id\":\"https:\\\/\\\/www.marinapalamos.com\\\/#\\\/schema\\\/person\\\/9604bbc17d32ce2823e8ffc3e3efb0f3\"},\"headline\":\"Sansiswim 2025: L\u2019\u00faltima nedada de l\u2019any\",\"datePublished\":\"2025-12-10T11:45:20+00:00\",\"dateModified\":\"2025-12-10T11:45:32+00:00\",\"mainEntityOfPage\":{\"@id\":\"https:\\\/\\\/www.marinapalamos.com\\\/ca\\\/sansiswim-2025-lultima-nedada-de-lany\\\/\"},\"wordCount\":1045,\"commentCount\":0,\"image\":{\"@id\":\"https:\\\/\\\/www.marinapalamos.com\\\/ca\\\/sansiswim-2025-lultima-nedada-de-lany\\\/#primaryimage\"},\"thumbnailUrl\":\"https:\\\/\\\/www.marinapalamos.com\\\/wp-content\\\/uploads\\\/2025\\\/12\\\/SANSISWIM-2025-PORTADA.png\",\"articleSection\":[\"Blog\"],\"inLanguage\":\"ca\",\"potentialAction\":[{\"@type\":\"CommentAction\",\"name\":\"Comment\",\"target\":[\"https:\\\/\\\/www.marinapalamos.com\\\/ca\\\/sansiswim-2025-lultima-nedada-de-lany\\\/#respond\"]}]},{\"@type\":\"WebPage\",\"@id\":\"https:\\\/\\\/www.marinapalamos.com\\\/ca\\\/sansiswim-2025-lultima-nedada-de-lany\\\/\",\"url\":\"https:\\\/\\\/www.marinapalamos.com\\\/ca\\\/sansiswim-2025-lultima-nedada-de-lany\\\/\",\"name\":\"Sansiswim 2025: L\u2019\u00faltima nedada de l\u2019any - Marina Palam\u00f3s\",\"isPartOf\":{\"@id\":\"https:\\\/\\\/www.marinapalamos.com\\\/#website\"},\"primaryImageOfPage\":{\"@id\":\"https:\\\/\\\/www.marinapalamos.com\\\/ca\\\/sansiswim-2025-lultima-nedada-de-lany\\\/#primaryimage\"},\"image\":{\"@id\":\"https:\\\/\\\/www.marinapalamos.com\\\/ca\\\/sansiswim-2025-lultima-nedada-de-lany\\\/#primaryimage\"},\"thumbnailUrl\":\"https:\\\/\\\/www.marinapalamos.com\\\/wp-content\\\/uploads\\\/2025\\\/12\\\/SANSISWIM-2025-PORTADA.png\",\"datePublished\":\"2025-12-10T11:45:20+00:00\",\"dateModified\":\"2025-12-10T11:45:32+00:00\",\"author\":{\"@id\":\"https:\\\/\\\/www.marinapalamos.com\\\/#\\\/schema\\\/person\\\/9604bbc17d32ce2823e8ffc3e3efb0f3\"},\"description\":\"La Sansiswim 2025 torna a Marina Palam\u00f3s amb l\u2019\u00faltima travessa solid\u00e0ria de l\u2019any, en suport al Club Nataci\u00f3 Palam\u00f3s.\",\"breadcrumb\":{\"@id\":\"https:\\\/\\\/www.marinapalamos.com\\\/ca\\\/sansiswim-2025-lultima-nedada-de-lany\\\/#breadcrumb\"},\"inLanguage\":\"ca\",\"potentialAction\":[{\"@type\":\"ReadAction\",\"target\":[\"https:\\\/\\\/www.marinapalamos.com\\\/ca\\\/sansiswim-2025-lultima-nedada-de-lany\\\/\"]}]},{\"@type\":\"ImageObject\",\"inLanguage\":\"ca\",\"@id\":\"https:\\\/\\\/www.marinapalamos.com\\\/ca\\\/sansiswim-2025-lultima-nedada-de-lany\\\/#primaryimage\",\"url\":\"https:\\\/\\\/www.marinapalamos.com\\\/wp-content\\\/uploads\\\/2025\\\/12\\\/SANSISWIM-2025-PORTADA.png\",\"contentUrl\":\"https:\\\/\\\/www.marinapalamos.com\\\/wp-content\\\/uploads\\\/2025\\\/12\\\/SANSISWIM-2025-PORTADA.png\",\"width\":500,\"height\":300},{\"@type\":\"BreadcrumbList\",\"@id\":\"https:\\\/\\\/www.marinapalamos.com\\\/ca\\\/sansiswim-2025-lultima-nedada-de-lany\\\/#breadcrumb\",\"itemListElement\":[{\"@type\":\"ListItem\",\"position\":1,\"name\":\"Inicio\",\"item\":\"https:\\\/\\\/www.marinapalamos.com\\\/ca\\\/\"},{\"@type\":\"ListItem\",\"position\":2,\"name\":\"Sansiswim 2025: L\u2019\u00faltima nedada de l\u2019any\"}]},{\"@type\":\"WebSite\",\"@id\":\"https:\\\/\\\/www.marinapalamos.com\\\/#website\",\"url\":\"https:\\\/\\\/www.marinapalamos.com\\\/\",\"name\":\"Marina Palam\u00f3s\",\"description\":\"Marina Palam\u00f3s\",\"potentialAction\":[{\"@type\":\"SearchAction\",\"target\":{\"@type\":\"EntryPoint\",\"urlTemplate\":\"https:\\\/\\\/www.marinapalamos.com\\\/?s={search_term_string}\"},\"query-input\":{\"@type\":\"PropertyValueSpecification\",\"valueRequired\":true,\"valueName\":\"search_term_string\"}}],\"inLanguage\":\"ca\"},{\"@type\":\"Person\",\"@id\":\"https:\\\/\\\/www.marinapalamos.com\\\/#\\\/schema\\\/person\\\/9604bbc17d32ce2823e8ffc3e3efb0f3\",\"name\":\"Mauricio\",\"image\":{\"@type\":\"ImageObject\",\"inLanguage\":\"ca\",\"@id\":\"https:\\\/\\\/secure.gravatar.com\\\/avatar\\\/66f31716a14ebbbf9d76c4d8a1e5e44ee4b8992044a9034b47ebd0c89cc8c57b?s=96&d=mm&r=g\",\"url\":\"https:\\\/\\\/secure.gravatar.com\\\/avatar\\\/66f31716a14ebbbf9d76c4d8a1e5e44ee4b8992044a9034b47ebd0c89cc8c57b?s=96&d=mm&r=g\",\"contentUrl\":\"https:\\\/\\\/secure.gravatar.com\\\/avatar\\\/66f31716a14ebbbf9d76c4d8a1e5e44ee4b8992044a9034b47ebd0c89cc8c57b?s=96&d=mm&r=g\",\"caption\":\"Mauricio\"},\"url\":\"https:\\\/\\\/www.marinapalamos.com\\\/ca\\\/author\\\/mauricio\\\/\"}]}<\/script>\n<!-- \/ Yoast SEO plugin. -->","yoast_head_json":{"title":"Sansiswim 2025: L\u2019\u00faltima nedada de l\u2019any - Marina Palam\u00f3s","description":"La Sansiswim 2025 torna a Marina Palam\u00f3s amb l\u2019\u00faltima travessa solid\u00e0ria de l\u2019any, en suport al Club Nataci\u00f3 Palam\u00f3s.","robots":{"index":"index","follow":"follow","max-snippet":"max-snippet:-1","max-image-preview":"max-image-preview:large","max-video-preview":"max-video-preview:-1"},"canonical":"https:\/\/www.marinapalamos.com\/ca\/sansiswim-2025-lultima-nedada-de-lany\/","og_locale":"ca_ES","og_type":"article","og_title":"Sansiswim 2025: L\u2019\u00faltima nedada de l\u2019any - Marina Palam\u00f3s","og_description":"La Sansiswim 2025 torna a Marina Palam\u00f3s amb l\u2019\u00faltima travessa solid\u00e0ria de l\u2019any, en suport al Club Nataci\u00f3 Palam\u00f3s.","og_url":"https:\/\/www.marinapalamos.com\/ca\/sansiswim-2025-lultima-nedada-de-lany\/","og_site_name":"Marina Palam\u00f3s","article_published_time":"2025-12-10T11:45:20+00:00","article_modified_time":"2025-12-10T11:45:32+00:00","og_image":[{"width":500,"height":300,"url":"https:\/\/www.marinapalamos.com\/wp-content\/uploads\/2025\/12\/SANSISWIM-2025-PORTADA.png","type":"image\/png"}],"author":"Mauricio","twitter_card":"summary_large_image","twitter_misc":{"Escrit per":"Mauricio","Temps estimat de lectura":"3 minuts"},"schema":{"@context":"https:\/\/schema.org","@graph":[{"@type":"Article","@id":"https:\/\/www.marinapalamos.com\/ca\/sansiswim-2025-lultima-nedada-de-lany\/#article","isPartOf":{"@id":"https:\/\/www.marinapalamos.com\/ca\/sansiswim-2025-lultima-nedada-de-lany\/"},"author":{"name":"Mauricio","@id":"https:\/\/www.marinapalamos.com\/#\/schema\/person\/9604bbc17d32ce2823e8ffc3e3efb0f3"},"headline":"Sansiswim 2025: L\u2019\u00faltima nedada de l\u2019any","datePublished":"2025-12-10T11:45:20+00:00","dateModified":"2025-12-10T11:45:32+00:00","mainEntityOfPage":{"@id":"https:\/\/www.marinapalamos.com\/ca\/sansiswim-2025-lultima-nedada-de-lany\/"},"wordCount":1045,"commentCount":0,"image":{"@id":"https:\/\/www.marinapalamos.com\/ca\/sansiswim-2025-lultima-nedada-de-lany\/#primaryimage"},"thumbnailUrl":"https:\/\/www.marinapalamos.com\/wp-content\/uploads\/2025\/12\/SANSISWIM-2025-PORTADA.png","articleSection":["Blog"],"inLanguage":"ca","potentialAction":[{"@type":"CommentAction","name":"Comment","target":["https:\/\/www.marinapalamos.com\/ca\/sansiswim-2025-lultima-nedada-de-lany\/#respond"]}]},{"@type":"WebPage","@id":"https:\/\/www.marinapalamos.com\/ca\/sansiswim-2025-lultima-nedada-de-lany\/","url":"https:\/\/www.marinapalamos.com\/ca\/sansiswim-2025-lultima-nedada-de-lany\/","name":"Sansiswim 2025: L\u2019\u00faltima nedada de l\u2019any - Marina Palam\u00f3s","isPartOf":{"@id":"https:\/\/www.marinapalamos.com\/#website"},"primaryImageOfPage":{"@id":"https:\/\/www.marinapalamos.com\/ca\/sansiswim-2025-lultima-nedada-de-lany\/#primaryimage"},"image":{"@id":"https:\/\/www.marinapalamos.com\/ca\/sansiswim-2025-lultima-nedada-de-lany\/#primaryimage"},"thumbnailUrl":"https:\/\/www.marinapalamos.com\/wp-content\/uploads\/2025\/12\/SANSISWIM-2025-PORTADA.png","datePublished":"2025-12-10T11:45:20+00:00","dateModified":"2025-12-10T11:45:32+00:00","author":{"@id":"https:\/\/www.marinapalamos.com\/#\/schema\/person\/9604bbc17d32ce2823e8ffc3e3efb0f3"},"description":"La Sansiswim 2025 torna a Marina Palam\u00f3s amb l\u2019\u00faltima travessa solid\u00e0ria de l\u2019any, en suport al Club Nataci\u00f3 Palam\u00f3s.","breadcrumb":{"@id":"https:\/\/www.marinapalamos.com\/ca\/sansiswim-2025-lultima-nedada-de-lany\/#breadcrumb"},"inLanguage":"ca","potentialAction":[{"@type":"ReadAction","target":["https:\/\/www.marinapalamos.com\/ca\/sansiswim-2025-lultima-nedada-de-lany\/"]}]},{"@type":"ImageObject","inLanguage":"ca","@id":"https:\/\/www.marinapalamos.com\/ca\/sansiswim-2025-lultima-nedada-de-lany\/#primaryimage","url":"https:\/\/www.marinapalamos.com\/wp-content\/uploads\/2025\/12\/SANSISWIM-2025-PORTADA.png","contentUrl":"https:\/\/www.marinapalamos.com\/wp-content\/uploads\/2025\/12\/SANSISWIM-2025-PORTADA.png","width":500,"height":300},{"@type":"BreadcrumbList","@id":"https:\/\/www.marinapalamos.com\/ca\/sansiswim-2025-lultima-nedada-de-lany\/#breadcrumb","itemListElement":[{"@type":"ListItem","position":1,"name":"Inicio","item":"https:\/\/www.marinapalamos.com\/ca\/"},{"@type":"ListItem","position":2,"name":"Sansiswim 2025: L\u2019\u00faltima nedada de l\u2019any"}]},{"@type":"WebSite","@id":"https:\/\/www.marinapalamos.com\/#website","url":"https:\/\/www.marinapalamos.com\/","name":"Marina Palam\u00f3s","description":"Marina Palam\u00f3s","potentialAction":[{"@type":"SearchAction","target":{"@type":"EntryPoint","urlTemplate":"https:\/\/www.marinapalamos.com\/?s={search_term_string}"},"query-input":{"@type":"PropertyValueSpecification","valueRequired":true,"valueName":"search_term_string"}}],"inLanguage":"ca"},{"@type":"Person","@id":"https:\/\/www.marinapalamos.com\/#\/schema\/person\/9604bbc17d32ce2823e8ffc3e3efb0f3","name":"Mauricio","image":{"@type":"ImageObject","inLanguage":"ca","@id":"https:\/\/secure.gravatar.com\/avatar\/66f31716a14ebbbf9d76c4d8a1e5e44ee4b8992044a9034b47ebd0c89cc8c57b?s=96&d=mm&r=g","url":"https:\/\/secure.gravatar.com\/avatar\/66f31716a14ebbbf9d76c4d8a1e5e44ee4b8992044a9034b47ebd0c89cc8c57b?s=96&d=mm&r=g","contentUrl":"https:\/\/secure.gravatar.com\/avatar\/66f31716a14ebbbf9d76c4d8a1e5e44ee4b8992044a9034b47ebd0c89cc8c57b?s=96&d=mm&r=g","caption":"Mauricio"},"url":"https:\/\/www.marinapalamos.com\/ca\/author\/mauricio\/"}]}},"_links":{"self":[{"href":"https:\/\/www.marinapalamos.com\/ca\/wp-json\/wp\/v2\/posts\/8197","targetHints":{"allow":["GET"]}}],"collection":[{"href":"https:\/\/www.marinapalamos.com\/ca\/wp-json\/wp\/v2\/posts"}],"about":[{"href":"https:\/\/www.marinapalamos.com\/ca\/wp-json\/wp\/v2\/types\/post"}],"author":[{"embeddable":true,"href":"https:\/\/www.marinapalamos.com\/ca\/wp-json\/wp\/v2\/users\/5"}],"replies":[{"embeddable":true,"href":"https:\/\/www.marinapalamos.com\/ca\/wp-json\/wp\/v2\/comments?post=8197"}],"version-history":[{"count":3,"href":"https:\/\/www.marinapalamos.com\/ca\/wp-json\/wp\/v2\/posts\/8197\/revisions"}],"predecessor-version":[{"id":8208,"href":"https:\/\/www.marinapalamos.com\/ca\/wp-json\/wp\/v2\/posts\/8197\/revisions\/8208"}],"wp:featuredmedia":[{"embeddable":true,"href":"https:\/\/www.marinapalamos.com\/ca\/wp-json\/wp\/v2\/media\/8203"}],"wp:attachment":[{"href":"https:\/\/www.marinapalamos.com\/ca\/wp-json\/wp\/v2\/media?parent=8197"}],"wp:term":[{"taxonomy":"category","embeddable":true,"href":"https:\/\/www.marinapalamos.com\/ca\/wp-json\/wp\/v2\/categories?post=8197"},{"taxonomy":"post_tag","embeddable":true,"href":"https:\/\/www.marinapalamos.com\/ca\/wp-json\/wp\/v2\/tags?post=8197"}],"curies":[{"name":"wp","href":"https:\/\/api.w.org\/{rel}","templated":true}]}}