{"id":3882,"date":"2023-02-14T13:42:46","date_gmt":"2023-02-14T13:42:46","guid":{"rendered":"https:\/\/www.marinapalamos.com\/?p=3882"},"modified":"2023-02-14T13:43:11","modified_gmt":"2023-02-14T13:43:11","slug":"jornada-gastronomica-del-erizo-de-mar","status":"publish","type":"post","link":"https:\/\/www.marinapalamos.com\/en\/jornada-gastronomica-del-erizo-de-mar\/","title":{"rendered":"Sea Urchin Gastronomic Day"},"content":{"rendered":"<div class=\"fusion-fullwidth fullwidth-box fusion-builder-row-1 fusion-flex-container nonhundred-percent-fullwidth non-hundred-percent-height-scrolling\" style=\"--awb-border-radius-top-left:0px;--awb-border-radius-top-right:0px;--awb-border-radius-bottom-right:0px;--awb-border-radius-bottom-left:0px;--awb-flex-wrap:wrap;\" ><div class=\"fusion-builder-row fusion-row fusion-flex-align-items-flex-start fusion-flex-content-wrap\" style=\"max-width:1300px;margin-left: calc(-4% \/ 2 );margin-right: calc(-4% \/ 2 );\"><div class=\"fusion-layout-column fusion_builder_column fusion-builder-column-0 fusion_builder_column_1_1 1_1 fusion-flex-column\" style=\"--awb-bg-size:cover;--awb-width-large:100%;--awb-margin-top-large:0px;--awb-spacing-right-large:1.92%;--awb-margin-bottom-large:20px;--awb-spacing-left-large:1.92%;--awb-width-medium:100%;--awb-order-medium:0;--awb-spacing-right-medium:1.92%;--awb-spacing-left-medium:1.92%;--awb-width-small:100%;--awb-order-small:0;--awb-spacing-right-small:1.92%;--awb-spacing-left-small:1.92%;\"><div class=\"fusion-column-wrapper fusion-column-has-shadow fusion-flex-justify-content-flex-start fusion-content-layout-column\"><div class=\"fusion-text fusion-text-1\" style=\"--awb-text-transform:none;\"><p>This <strong>March 4th<\/strong> we celebrate the <strong>Sea Urchin Gastronomic Day<\/strong> in the port!<\/p>\n<p>An event where you can taste the freshest sea urchins of the Costa Brava with a musical performance by &#8220;Litus al Cub&#8221; and wine tasting to accompany the day. There will also be inflatables for the little ones. It starts at 11 in the morning.<\/p>\n<p>For this reason, in this blog we talk about this interesting marine animal.<\/p>\n<p>The sea urchin, like many marine animals, has a very long life expectancy. It can<strong> exceed 100 years of age.<\/strong><\/p>\n<p>They are echinoderms and like starfish, they are <strong>primitive animals with pentaradial symmetry<\/strong> (divided into 5 equal parts). They live in rocky and deep areas and do not have eyes, but they are capable of capturing light and this helps them orient themselves.<\/p>\n<p><strong>They share genetics with us<\/strong>, with similarities in embryonic development. Their immune system is very strong, with the genetic ability to resist and neutralize chemical threats. They have <strong>one of the most complex immune systems in the world<\/strong>, with more than 200 types of receptors.<\/p>\n<p>The sea urchin is in season in the first months of the year and there are almost 1000 different species. They are found all over the world and we have been eating them for thousands of years.<\/p>\n<p>The edible part of the sea urchin is called gonads or yolks. They are orange in color and elongated, like tongues. They should be consumed when the animal is opened, <strong>due to its delicacy one of the best ways to taste them raw<\/strong>. In Japanese gastronomy it is a common component in sushi and sashimi dishes and is considered one of the most sophisticated delicacies that exist. It is a product that requires minimal handling and maximum freshness. The water inside it enriches broths and soups.<\/p>\n<p>We recommend this video of &#8220;Despensa Mediterr\u00e0nea&#8221; where the entire process of the sea on the plate is shown: <a href=\"https:\/\/www.youtube.com\/watch?v=3myoZ94ZiOc\"><strong>https:\/\/www.youtube.com\/watch?v=3myoZ94ZiOc<\/strong><\/a><\/p>\n<p>We hope you have enjoyed this information and feel like trying this sea delicacy.<\/p>\n<p>Do not miss the opportunity to experience the unique flavors of the sea urchin at the gastronomic event that we celebrate in the port on March 4!<\/p>\n<p>More info soon at our Instagram: <a href=\"http:\/\/instagram.com\/portmarinapalamos\"><strong>instagram.com\/portmarinapalamos<\/strong><\/a><\/p>\n<\/div><\/div><\/div><div class=\"fusion-layout-column fusion_builder_column fusion-builder-column-1 fusion_builder_column_1_1 1_1 fusion-flex-column\" style=\"--awb-bg-size:cover;--awb-width-large:100%;--awb-margin-top-large:0px;--awb-spacing-right-large:1.92%;--awb-margin-bottom-large:20px;--awb-spacing-left-large:1.92%;--awb-width-medium:100%;--awb-order-medium:0;--awb-spacing-right-medium:1.92%;--awb-spacing-left-medium:1.92%;--awb-width-small:100%;--awb-order-small:0;--awb-spacing-right-small:1.92%;--awb-spacing-left-small:1.92%;\"><div class=\"fusion-column-wrapper fusion-column-has-shadow fusion-flex-justify-content-flex-start fusion-content-layout-column\"><div class=\"fusion-image-carousel fusion-image-carousel-auto fusion-image-carousel-1 fusion-carousel-border\"><div class=\"awb-carousel awb-swiper awb-swiper-carousel awb-carousel--carousel awb-swiper-dots-position-bottom\" data-layout=\"carousel\" data-autoplay=\"no\" data-autoplayspeed=\"2500\" data-autoplaypause=\"no\" data-columns=\"5\" data-columnsmedium=\"1\" data-columnssmall=\"1\" data-itemmargin=\"13\" data-itemwidth=\"180\" data-touchscroll=\"no\" data-freemode=\"no\" data-imagesize=\"auto\" data-scrollitems=\"0\" data-centeredslides=\"no\" data-rotationangle=\"50\" data-depth=\"100\" data-speed=\"500\" data-shadow=\"no\" data-pagination=\"bullets\" style=\"--awb-border-width:1px;--awb-border-color:#e9eaee;\"><div class=\"swiper-wrapper awb-image-carousel-wrapper fusion-flex-align-items-center\"><div class=\"swiper-slide\"><div class=\"fusion-carousel-item-wrapper\"><div class=\"fusion-image-wrapper hover-type-none\"><img decoding=\"async\" width=\"1600\" height=\"1066\" src=\"https:\/\/www.marinapalamos.com\/wp-content\/uploads\/2023\/02\/image.png\" class=\"attachment-full size-full\" alt=\"\" srcset=\"https:\/\/www.marinapalamos.com\/wp-content\/uploads\/2023\/02\/image-200x133.png 200w, https:\/\/www.marinapalamos.com\/wp-content\/uploads\/2023\/02\/image-400x267.png 400w, https:\/\/www.marinapalamos.com\/wp-content\/uploads\/2023\/02\/image-600x400.png 600w, https:\/\/www.marinapalamos.com\/wp-content\/uploads\/2023\/02\/image-800x533.png 800w, https:\/\/www.marinapalamos.com\/wp-content\/uploads\/2023\/02\/image-1200x800.png 1200w, https:\/\/www.marinapalamos.com\/wp-content\/uploads\/2023\/02\/image.png 1600w\" sizes=\"(min-width: 2200px) 100vw, (min-width: 832px) 408px, (min-width: 736px) 612px, (min-width: 640px) 736px, \" \/><\/div><\/div><\/div><div class=\"swiper-slide\"><div class=\"fusion-carousel-item-wrapper\"><div class=\"fusion-image-wrapper hover-type-none\"><img decoding=\"async\" width=\"996\" height=\"599\" src=\"https:\/\/www.marinapalamos.com\/wp-content\/uploads\/2023\/02\/imagen1.png\" class=\"attachment-full size-full\" alt=\"\" srcset=\"https:\/\/www.marinapalamos.com\/wp-content\/uploads\/2023\/02\/imagen1-200x120.png 200w, https:\/\/www.marinapalamos.com\/wp-content\/uploads\/2023\/02\/imagen1-400x241.png 400w, https:\/\/www.marinapalamos.com\/wp-content\/uploads\/2023\/02\/imagen1-600x361.png 600w, https:\/\/www.marinapalamos.com\/wp-content\/uploads\/2023\/02\/imagen1-800x481.png 800w, https:\/\/www.marinapalamos.com\/wp-content\/uploads\/2023\/02\/imagen1.png 996w\" sizes=\"(min-width: 2200px) 100vw, (min-width: 832px) 408px, (min-width: 736px) 612px, (min-width: 640px) 736px, \" \/><\/div><\/div><\/div><div class=\"swiper-slide\"><div class=\"fusion-carousel-item-wrapper\"><div class=\"fusion-image-wrapper hover-type-none\"><img decoding=\"async\" width=\"996\" height=\"596\" src=\"https:\/\/www.marinapalamos.com\/wp-content\/uploads\/2023\/02\/Captura-de-pantalla-2023-02-13-135937.png\" class=\"attachment-full size-full\" alt=\"\" srcset=\"https:\/\/www.marinapalamos.com\/wp-content\/uploads\/2023\/02\/Captura-de-pantalla-2023-02-13-135937-200x120.png 200w, https:\/\/www.marinapalamos.com\/wp-content\/uploads\/2023\/02\/Captura-de-pantalla-2023-02-13-135937-400x239.png 400w, https:\/\/www.marinapalamos.com\/wp-content\/uploads\/2023\/02\/Captura-de-pantalla-2023-02-13-135937-600x359.png 600w, https:\/\/www.marinapalamos.com\/wp-content\/uploads\/2023\/02\/Captura-de-pantalla-2023-02-13-135937-800x479.png 800w, https:\/\/www.marinapalamos.com\/wp-content\/uploads\/2023\/02\/Captura-de-pantalla-2023-02-13-135937.png 996w\" sizes=\"(min-width: 2200px) 100vw, (min-width: 832px) 408px, (min-width: 736px) 612px, (min-width: 640px) 736px, \" \/><\/div><\/div><\/div><\/div><div class=\"awb-swiper-button awb-swiper-button-prev\"><i class=\"awb-icon-angle-left\" aria-hidden=\"true\"><\/i><\/div><div class=\"awb-swiper-button awb-swiper-button-next\"><i class=\"awb-icon-angle-right\" aria-hidden=\"true\"><\/i><\/div><\/div><\/div><\/div><\/div><\/div><\/div>\n","protected":false},"excerpt":{"rendered":"","protected":false},"author":5,"featured_media":3886,"comment_status":"open","ping_status":"closed","sticky":false,"template":"","format":"standard","meta":{"_acf_changed":false,"footnotes":""},"categories":[70],"tags":[],"class_list":["post-3882","post","type-post","status-publish","format-standard","has-post-thumbnail","hentry","category-blog-en"],"acf":[],"yoast_head":"<!-- This site is optimized with the Yoast SEO plugin v27.5 - https:\/\/yoast.com\/product\/yoast-seo-wordpress\/ -->\n<title>Sea Urchin Gastronomic Day - Marina Palam\u00f3s<\/title>\n<meta name=\"description\" content=\"Jornada Gastron\u00f3mica del Erizo de Mar. D\u00eda 4 de marzo a partir de las 11 horas en Port Marina Palam\u00f3s.\" \/>\n<meta name=\"robots\" content=\"index, follow, max-snippet:-1, max-image-preview:large, max-video-preview:-1\" \/>\n<link rel=\"canonical\" href=\"https:\/\/www.marinapalamos.com\/en\/jornada-gastronomica-del-erizo-de-mar\/\" \/>\n<meta property=\"og:locale\" content=\"en_US\" \/>\n<meta property=\"og:type\" content=\"article\" \/>\n<meta property=\"og:title\" content=\"Sea Urchin Gastronomic Day - Marina Palam\u00f3s\" \/>\n<meta property=\"og:description\" content=\"Jornada Gastron\u00f3mica del Erizo de Mar. D\u00eda 4 de marzo a partir de las 11 horas en Port Marina Palam\u00f3s.\" \/>\n<meta property=\"og:url\" content=\"https:\/\/www.marinapalamos.com\/en\/jornada-gastronomica-del-erizo-de-mar\/\" \/>\n<meta property=\"og:site_name\" content=\"Marina Palam\u00f3s\" \/>\n<meta property=\"article:published_time\" content=\"2023-02-14T13:42:46+00:00\" \/>\n<meta property=\"article:modified_time\" content=\"2023-02-14T13:43:11+00:00\" \/>\n<meta property=\"og:image\" content=\"https:\/\/www.marinapalamos.com\/wp-content\/uploads\/2023\/02\/image-1024x682.png\" \/>\n\t<meta property=\"og:image:width\" content=\"1024\" \/>\n\t<meta property=\"og:image:height\" content=\"682\" \/>\n\t<meta property=\"og:image:type\" content=\"image\/png\" \/>\n<meta name=\"author\" content=\"Mauricio\" \/>\n<meta name=\"twitter:card\" content=\"summary_large_image\" \/>\n<meta name=\"twitter:label1\" content=\"Written by\" \/>\n\t<meta name=\"twitter:data1\" content=\"Mauricio\" \/>\n\t<meta name=\"twitter:label2\" content=\"Est. reading time\" \/>\n\t<meta name=\"twitter:data2\" content=\"4 minutes\" \/>\n<script type=\"application\/ld+json\" class=\"yoast-schema-graph\">{\"@context\":\"https:\\\/\\\/schema.org\",\"@graph\":[{\"@type\":\"Article\",\"@id\":\"https:\\\/\\\/www.marinapalamos.com\\\/en\\\/jornada-gastronomica-del-erizo-de-mar\\\/#article\",\"isPartOf\":{\"@id\":\"https:\\\/\\\/www.marinapalamos.com\\\/en\\\/jornada-gastronomica-del-erizo-de-mar\\\/\"},\"author\":{\"name\":\"Mauricio\",\"@id\":\"https:\\\/\\\/www.marinapalamos.com\\\/#\\\/schema\\\/person\\\/9604bbc17d32ce2823e8ffc3e3efb0f3\"},\"headline\":\"Sea Urchin Gastronomic Day\",\"datePublished\":\"2023-02-14T13:42:46+00:00\",\"dateModified\":\"2023-02-14T13:43:11+00:00\",\"mainEntityOfPage\":{\"@id\":\"https:\\\/\\\/www.marinapalamos.com\\\/en\\\/jornada-gastronomica-del-erizo-de-mar\\\/\"},\"wordCount\":1511,\"commentCount\":0,\"image\":{\"@id\":\"https:\\\/\\\/www.marinapalamos.com\\\/en\\\/jornada-gastronomica-del-erizo-de-mar\\\/#primaryimage\"},\"thumbnailUrl\":\"https:\\\/\\\/www.marinapalamos.com\\\/wp-content\\\/uploads\\\/2023\\\/02\\\/image.png\",\"articleSection\":[\"Blog\"],\"inLanguage\":\"en-US\",\"potentialAction\":[{\"@type\":\"CommentAction\",\"name\":\"Comment\",\"target\":[\"https:\\\/\\\/www.marinapalamos.com\\\/en\\\/jornada-gastronomica-del-erizo-de-mar\\\/#respond\"]}]},{\"@type\":\"WebPage\",\"@id\":\"https:\\\/\\\/www.marinapalamos.com\\\/en\\\/jornada-gastronomica-del-erizo-de-mar\\\/\",\"url\":\"https:\\\/\\\/www.marinapalamos.com\\\/en\\\/jornada-gastronomica-del-erizo-de-mar\\\/\",\"name\":\"Sea Urchin Gastronomic Day - Marina Palam\u00f3s\",\"isPartOf\":{\"@id\":\"https:\\\/\\\/www.marinapalamos.com\\\/#website\"},\"primaryImageOfPage\":{\"@id\":\"https:\\\/\\\/www.marinapalamos.com\\\/en\\\/jornada-gastronomica-del-erizo-de-mar\\\/#primaryimage\"},\"image\":{\"@id\":\"https:\\\/\\\/www.marinapalamos.com\\\/en\\\/jornada-gastronomica-del-erizo-de-mar\\\/#primaryimage\"},\"thumbnailUrl\":\"https:\\\/\\\/www.marinapalamos.com\\\/wp-content\\\/uploads\\\/2023\\\/02\\\/image.png\",\"datePublished\":\"2023-02-14T13:42:46+00:00\",\"dateModified\":\"2023-02-14T13:43:11+00:00\",\"author\":{\"@id\":\"https:\\\/\\\/www.marinapalamos.com\\\/#\\\/schema\\\/person\\\/9604bbc17d32ce2823e8ffc3e3efb0f3\"},\"description\":\"Jornada Gastron\u00f3mica del Erizo de Mar. D\u00eda 4 de marzo a partir de las 11 horas en Port Marina Palam\u00f3s.\",\"breadcrumb\":{\"@id\":\"https:\\\/\\\/www.marinapalamos.com\\\/en\\\/jornada-gastronomica-del-erizo-de-mar\\\/#breadcrumb\"},\"inLanguage\":\"en-US\",\"potentialAction\":[{\"@type\":\"ReadAction\",\"target\":[\"https:\\\/\\\/www.marinapalamos.com\\\/en\\\/jornada-gastronomica-del-erizo-de-mar\\\/\"]}]},{\"@type\":\"ImageObject\",\"inLanguage\":\"en-US\",\"@id\":\"https:\\\/\\\/www.marinapalamos.com\\\/en\\\/jornada-gastronomica-del-erizo-de-mar\\\/#primaryimage\",\"url\":\"https:\\\/\\\/www.marinapalamos.com\\\/wp-content\\\/uploads\\\/2023\\\/02\\\/image.png\",\"contentUrl\":\"https:\\\/\\\/www.marinapalamos.com\\\/wp-content\\\/uploads\\\/2023\\\/02\\\/image.png\",\"width\":1600,\"height\":1066},{\"@type\":\"BreadcrumbList\",\"@id\":\"https:\\\/\\\/www.marinapalamos.com\\\/en\\\/jornada-gastronomica-del-erizo-de-mar\\\/#breadcrumb\",\"itemListElement\":[{\"@type\":\"ListItem\",\"position\":1,\"name\":\"Inicio\",\"item\":\"https:\\\/\\\/www.marinapalamos.com\\\/en\\\/\"},{\"@type\":\"ListItem\",\"position\":2,\"name\":\"Sea Urchin Gastronomic Day\"}]},{\"@type\":\"WebSite\",\"@id\":\"https:\\\/\\\/www.marinapalamos.com\\\/#website\",\"url\":\"https:\\\/\\\/www.marinapalamos.com\\\/\",\"name\":\"Marina Palam\u00f3s\",\"description\":\"Marina Palam\u00f3s\",\"potentialAction\":[{\"@type\":\"SearchAction\",\"target\":{\"@type\":\"EntryPoint\",\"urlTemplate\":\"https:\\\/\\\/www.marinapalamos.com\\\/?s={search_term_string}\"},\"query-input\":{\"@type\":\"PropertyValueSpecification\",\"valueRequired\":true,\"valueName\":\"search_term_string\"}}],\"inLanguage\":\"en-US\"},{\"@type\":\"Person\",\"@id\":\"https:\\\/\\\/www.marinapalamos.com\\\/#\\\/schema\\\/person\\\/9604bbc17d32ce2823e8ffc3e3efb0f3\",\"name\":\"Mauricio\",\"image\":{\"@type\":\"ImageObject\",\"inLanguage\":\"en-US\",\"@id\":\"https:\\\/\\\/secure.gravatar.com\\\/avatar\\\/66f31716a14ebbbf9d76c4d8a1e5e44ee4b8992044a9034b47ebd0c89cc8c57b?s=96&d=mm&r=g\",\"url\":\"https:\\\/\\\/secure.gravatar.com\\\/avatar\\\/66f31716a14ebbbf9d76c4d8a1e5e44ee4b8992044a9034b47ebd0c89cc8c57b?s=96&d=mm&r=g\",\"contentUrl\":\"https:\\\/\\\/secure.gravatar.com\\\/avatar\\\/66f31716a14ebbbf9d76c4d8a1e5e44ee4b8992044a9034b47ebd0c89cc8c57b?s=96&d=mm&r=g\",\"caption\":\"Mauricio\"},\"url\":\"https:\\\/\\\/www.marinapalamos.com\\\/en\\\/author\\\/mauricio\\\/\"}]}<\/script>\n<!-- \/ Yoast SEO plugin. -->","yoast_head_json":{"title":"Sea Urchin Gastronomic Day - Marina Palam\u00f3s","description":"Jornada Gastron\u00f3mica del Erizo de Mar. D\u00eda 4 de marzo a partir de las 11 horas en Port Marina Palam\u00f3s.","robots":{"index":"index","follow":"follow","max-snippet":"max-snippet:-1","max-image-preview":"max-image-preview:large","max-video-preview":"max-video-preview:-1"},"canonical":"https:\/\/www.marinapalamos.com\/en\/jornada-gastronomica-del-erizo-de-mar\/","og_locale":"en_US","og_type":"article","og_title":"Sea Urchin Gastronomic Day - Marina Palam\u00f3s","og_description":"Jornada Gastron\u00f3mica del Erizo de Mar. D\u00eda 4 de marzo a partir de las 11 horas en Port Marina Palam\u00f3s.","og_url":"https:\/\/www.marinapalamos.com\/en\/jornada-gastronomica-del-erizo-de-mar\/","og_site_name":"Marina Palam\u00f3s","article_published_time":"2023-02-14T13:42:46+00:00","article_modified_time":"2023-02-14T13:43:11+00:00","og_image":[{"width":1024,"height":682,"url":"https:\/\/www.marinapalamos.com\/wp-content\/uploads\/2023\/02\/image-1024x682.png","type":"image\/png"}],"author":"Mauricio","twitter_card":"summary_large_image","twitter_misc":{"Written by":"Mauricio","Est. reading time":"4 minutes"},"schema":{"@context":"https:\/\/schema.org","@graph":[{"@type":"Article","@id":"https:\/\/www.marinapalamos.com\/en\/jornada-gastronomica-del-erizo-de-mar\/#article","isPartOf":{"@id":"https:\/\/www.marinapalamos.com\/en\/jornada-gastronomica-del-erizo-de-mar\/"},"author":{"name":"Mauricio","@id":"https:\/\/www.marinapalamos.com\/#\/schema\/person\/9604bbc17d32ce2823e8ffc3e3efb0f3"},"headline":"Sea Urchin Gastronomic Day","datePublished":"2023-02-14T13:42:46+00:00","dateModified":"2023-02-14T13:43:11+00:00","mainEntityOfPage":{"@id":"https:\/\/www.marinapalamos.com\/en\/jornada-gastronomica-del-erizo-de-mar\/"},"wordCount":1511,"commentCount":0,"image":{"@id":"https:\/\/www.marinapalamos.com\/en\/jornada-gastronomica-del-erizo-de-mar\/#primaryimage"},"thumbnailUrl":"https:\/\/www.marinapalamos.com\/wp-content\/uploads\/2023\/02\/image.png","articleSection":["Blog"],"inLanguage":"en-US","potentialAction":[{"@type":"CommentAction","name":"Comment","target":["https:\/\/www.marinapalamos.com\/en\/jornada-gastronomica-del-erizo-de-mar\/#respond"]}]},{"@type":"WebPage","@id":"https:\/\/www.marinapalamos.com\/en\/jornada-gastronomica-del-erizo-de-mar\/","url":"https:\/\/www.marinapalamos.com\/en\/jornada-gastronomica-del-erizo-de-mar\/","name":"Sea Urchin Gastronomic Day - Marina Palam\u00f3s","isPartOf":{"@id":"https:\/\/www.marinapalamos.com\/#website"},"primaryImageOfPage":{"@id":"https:\/\/www.marinapalamos.com\/en\/jornada-gastronomica-del-erizo-de-mar\/#primaryimage"},"image":{"@id":"https:\/\/www.marinapalamos.com\/en\/jornada-gastronomica-del-erizo-de-mar\/#primaryimage"},"thumbnailUrl":"https:\/\/www.marinapalamos.com\/wp-content\/uploads\/2023\/02\/image.png","datePublished":"2023-02-14T13:42:46+00:00","dateModified":"2023-02-14T13:43:11+00:00","author":{"@id":"https:\/\/www.marinapalamos.com\/#\/schema\/person\/9604bbc17d32ce2823e8ffc3e3efb0f3"},"description":"Jornada Gastron\u00f3mica del Erizo de Mar. D\u00eda 4 de marzo a partir de las 11 horas en Port Marina Palam\u00f3s.","breadcrumb":{"@id":"https:\/\/www.marinapalamos.com\/en\/jornada-gastronomica-del-erizo-de-mar\/#breadcrumb"},"inLanguage":"en-US","potentialAction":[{"@type":"ReadAction","target":["https:\/\/www.marinapalamos.com\/en\/jornada-gastronomica-del-erizo-de-mar\/"]}]},{"@type":"ImageObject","inLanguage":"en-US","@id":"https:\/\/www.marinapalamos.com\/en\/jornada-gastronomica-del-erizo-de-mar\/#primaryimage","url":"https:\/\/www.marinapalamos.com\/wp-content\/uploads\/2023\/02\/image.png","contentUrl":"https:\/\/www.marinapalamos.com\/wp-content\/uploads\/2023\/02\/image.png","width":1600,"height":1066},{"@type":"BreadcrumbList","@id":"https:\/\/www.marinapalamos.com\/en\/jornada-gastronomica-del-erizo-de-mar\/#breadcrumb","itemListElement":[{"@type":"ListItem","position":1,"name":"Inicio","item":"https:\/\/www.marinapalamos.com\/en\/"},{"@type":"ListItem","position":2,"name":"Sea Urchin Gastronomic Day"}]},{"@type":"WebSite","@id":"https:\/\/www.marinapalamos.com\/#website","url":"https:\/\/www.marinapalamos.com\/","name":"Marina Palam\u00f3s","description":"Marina Palam\u00f3s","potentialAction":[{"@type":"SearchAction","target":{"@type":"EntryPoint","urlTemplate":"https:\/\/www.marinapalamos.com\/?s={search_term_string}"},"query-input":{"@type":"PropertyValueSpecification","valueRequired":true,"valueName":"search_term_string"}}],"inLanguage":"en-US"},{"@type":"Person","@id":"https:\/\/www.marinapalamos.com\/#\/schema\/person\/9604bbc17d32ce2823e8ffc3e3efb0f3","name":"Mauricio","image":{"@type":"ImageObject","inLanguage":"en-US","@id":"https:\/\/secure.gravatar.com\/avatar\/66f31716a14ebbbf9d76c4d8a1e5e44ee4b8992044a9034b47ebd0c89cc8c57b?s=96&d=mm&r=g","url":"https:\/\/secure.gravatar.com\/avatar\/66f31716a14ebbbf9d76c4d8a1e5e44ee4b8992044a9034b47ebd0c89cc8c57b?s=96&d=mm&r=g","contentUrl":"https:\/\/secure.gravatar.com\/avatar\/66f31716a14ebbbf9d76c4d8a1e5e44ee4b8992044a9034b47ebd0c89cc8c57b?s=96&d=mm&r=g","caption":"Mauricio"},"url":"https:\/\/www.marinapalamos.com\/en\/author\/mauricio\/"}]}},"_links":{"self":[{"href":"https:\/\/www.marinapalamos.com\/en\/wp-json\/wp\/v2\/posts\/3882","targetHints":{"allow":["GET"]}}],"collection":[{"href":"https:\/\/www.marinapalamos.com\/en\/wp-json\/wp\/v2\/posts"}],"about":[{"href":"https:\/\/www.marinapalamos.com\/en\/wp-json\/wp\/v2\/types\/post"}],"author":[{"embeddable":true,"href":"https:\/\/www.marinapalamos.com\/en\/wp-json\/wp\/v2\/users\/5"}],"replies":[{"embeddable":true,"href":"https:\/\/www.marinapalamos.com\/en\/wp-json\/wp\/v2\/comments?post=3882"}],"version-history":[{"count":3,"href":"https:\/\/www.marinapalamos.com\/en\/wp-json\/wp\/v2\/posts\/3882\/revisions"}],"predecessor-version":[{"id":3900,"href":"https:\/\/www.marinapalamos.com\/en\/wp-json\/wp\/v2\/posts\/3882\/revisions\/3900"}],"wp:featuredmedia":[{"embeddable":true,"href":"https:\/\/www.marinapalamos.com\/en\/wp-json\/wp\/v2\/media\/3886"}],"wp:attachment":[{"href":"https:\/\/www.marinapalamos.com\/en\/wp-json\/wp\/v2\/media?parent=3882"}],"wp:term":[{"taxonomy":"category","embeddable":true,"href":"https:\/\/www.marinapalamos.com\/en\/wp-json\/wp\/v2\/categories?post=3882"},{"taxonomy":"post_tag","embeddable":true,"href":"https:\/\/www.marinapalamos.com\/en\/wp-json\/wp\/v2\/tags?post=3882"}],"curies":[{"name":"wp","href":"https:\/\/api.w.org\/{rel}","templated":true}]}}