{"id":4156,"date":"2023-05-31T10:45:22","date_gmt":"2023-05-31T10:45:22","guid":{"rendered":"https:\/\/www.marinapalamos.com\/?p=4156"},"modified":"2023-05-31T10:45:37","modified_gmt":"2023-05-31T10:45:37","slug":"atencio-situacio-demergencia-per-sequera","status":"publish","type":"post","link":"https:\/\/www.marinapalamos.com\/en\/atencio-situacio-demergencia-per-sequera\/","title":{"rendered":"Attention: Drought Emergency Situation Situaci\u00f3n"},"content":{"rendered":"<div class=\"fusion-fullwidth fullwidth-box fusion-builder-row-1 fusion-flex-container nonhundred-percent-fullwidth non-hundred-percent-height-scrolling\" style=\"--awb-border-radius-top-left:0px;--awb-border-radius-top-right:0px;--awb-border-radius-bottom-right:0px;--awb-border-radius-bottom-left:0px;--awb-flex-wrap:wrap;\" ><div class=\"fusion-builder-row fusion-row fusion-flex-align-items-flex-start fusion-flex-content-wrap\" style=\"max-width:1300px;margin-left: calc(-4% \/ 2 );margin-right: calc(-4% \/ 2 );\"><div class=\"fusion-layout-column fusion_builder_column fusion-builder-column-0 fusion_builder_column_1_1 1_1 fusion-flex-column\" style=\"--awb-bg-size:cover;--awb-width-large:100%;--awb-margin-top-large:0px;--awb-spacing-right-large:1.92%;--awb-margin-bottom-large:20px;--awb-spacing-left-large:1.92%;--awb-width-medium:100%;--awb-order-medium:0;--awb-spacing-right-medium:1.92%;--awb-spacing-left-medium:1.92%;--awb-width-small:100%;--awb-order-small:0;--awb-spacing-right-small:1.92%;--awb-spacing-left-small:1.92%;\"><div class=\"fusion-column-wrapper fusion-column-has-shadow fusion-flex-justify-content-flex-start fusion-content-layout-column\"><div class=\"fusion-text fusion-text-1\" style=\"--awb-text-transform:none;\"><p>&#8220;Our country, as well as the rest of the neighboring territories, is suffering the first effects of what are undoubtedly the consequences of planetary climate change. The decrease and irregularity of rain episodes, as well as poor control of the cycle of water, are complicating its management and jeopardizing the guarantee of supply in the short, medium and long term. Catalan marinas have a social responsibility to contribute to savings and efficiency in the management of this precious and scarce asset.&#8221; Communiqu\u00e9 of Ports of Catalonia.<\/p>\n<\/div><div class=\"fusion-builder-row fusion-builder-row-inner fusion-row fusion-flex-align-items-flex-start fusion-flex-content-wrap\" style=\"--awb-flex-grow:0;--awb-flex-grow-medium:0;--awb-flex-grow-small:0;--awb-flex-shrink:0;--awb-flex-shrink-medium:0;--awb-flex-shrink-small:0;width:104% !important;max-width:104% !important;margin-left: calc(-4% \/ 2 );margin-right: calc(-4% \/ 2 );\"><div class=\"fusion-layout-column fusion_builder_column_inner fusion-builder-nested-column-0 fusion_builder_column_inner_1_2 1_2 fusion-flex-column\" style=\"--awb-bg-size:cover;--awb-width-large:50%;--awb-margin-top-large:0px;--awb-spacing-right-large:3.84%;--awb-margin-bottom-large:20px;--awb-spacing-left-large:3.84%;--awb-width-medium:50%;--awb-order-medium:0;--awb-spacing-right-medium:3.84%;--awb-spacing-left-medium:3.84%;--awb-width-small:100%;--awb-order-small:0;--awb-spacing-right-small:1.92%;--awb-spacing-left-small:1.92%;\"><div class=\"fusion-column-wrapper fusion-column-has-shadow fusion-flex-justify-content-flex-start fusion-content-layout-column\"><div class=\"fusion-image-element \" style=\"--awb-caption-title-font-family:var(--h2_typography-font-family);--awb-caption-title-font-weight:var(--h2_typography-font-weight);--awb-caption-title-font-style:var(--h2_typography-font-style);--awb-caption-title-size:var(--h2_typography-font-size);--awb-caption-title-transform:var(--h2_typography-text-transform);--awb-caption-title-line-height:var(--h2_typography-line-height);--awb-caption-title-letter-spacing:var(--h2_typography-letter-spacing);\"><span class=\" fusion-imageframe imageframe-none imageframe-1 hover-type-none\"><img decoding=\"async\" width=\"961\" height=\"642\" title=\"sequeraA\" src=\"https:\/\/www.marinapalamos.com\/wp-content\/uploads\/2023\/05\/sequeraA.png\" alt class=\"img-responsive wp-image-4163\" srcset=\"https:\/\/www.marinapalamos.com\/wp-content\/uploads\/2023\/05\/sequeraA-200x134.png 200w, https:\/\/www.marinapalamos.com\/wp-content\/uploads\/2023\/05\/sequeraA-400x267.png 400w, https:\/\/www.marinapalamos.com\/wp-content\/uploads\/2023\/05\/sequeraA-600x401.png 600w, https:\/\/www.marinapalamos.com\/wp-content\/uploads\/2023\/05\/sequeraA-800x534.png 800w, https:\/\/www.marinapalamos.com\/wp-content\/uploads\/2023\/05\/sequeraA.png 961w\" sizes=\"(max-width: 640px) 100vw, 600px\" \/><\/span><\/div><div class=\"fusion-text fusion-text-2\"><p><strong><a href=\"https:\/\/www.marinapalamos.com\/wp-content\/uploads\/2023\/05\/2poster-sequera-restriccions-excepcionalitat-1.pdf\">poster-sequera-restriccions-excepcionalitat (1)<\/a><\/strong><\/p>\n<\/div><\/div><\/div><div class=\"fusion-layout-column fusion_builder_column_inner fusion-builder-nested-column-1 fusion_builder_column_inner_1_2 1_2 fusion-flex-column\" style=\"--awb-bg-size:cover;--awb-width-large:50%;--awb-margin-top-large:0px;--awb-spacing-right-large:3.84%;--awb-margin-bottom-large:20px;--awb-spacing-left-large:3.84%;--awb-width-medium:50%;--awb-order-medium:0;--awb-spacing-right-medium:3.84%;--awb-spacing-left-medium:3.84%;--awb-width-small:100%;--awb-order-small:0;--awb-spacing-right-small:1.92%;--awb-spacing-left-small:1.92%;\"><div class=\"fusion-column-wrapper fusion-column-has-shadow fusion-flex-justify-content-flex-start fusion-content-layout-column\"><div class=\"fusion-image-element \" style=\"--awb-caption-title-font-family:var(--h2_typography-font-family);--awb-caption-title-font-weight:var(--h2_typography-font-weight);--awb-caption-title-font-style:var(--h2_typography-font-style);--awb-caption-title-size:var(--h2_typography-font-size);--awb-caption-title-transform:var(--h2_typography-text-transform);--awb-caption-title-line-height:var(--h2_typography-line-height);--awb-caption-title-letter-spacing:var(--h2_typography-letter-spacing);\"><span class=\" fusion-imageframe imageframe-none imageframe-2 hover-type-none\"><img decoding=\"async\" width=\"953\" height=\"727\" title=\"sequeraB\" src=\"https:\/\/www.marinapalamos.com\/wp-content\/uploads\/2023\/05\/sequeraB.png\" alt class=\"img-responsive wp-image-4166\" srcset=\"https:\/\/www.marinapalamos.com\/wp-content\/uploads\/2023\/05\/sequeraB-200x153.png 200w, https:\/\/www.marinapalamos.com\/wp-content\/uploads\/2023\/05\/sequeraB-400x305.png 400w, https:\/\/www.marinapalamos.com\/wp-content\/uploads\/2023\/05\/sequeraB-600x458.png 600w, https:\/\/www.marinapalamos.com\/wp-content\/uploads\/2023\/05\/sequeraB-800x610.png 800w, https:\/\/www.marinapalamos.com\/wp-content\/uploads\/2023\/05\/sequeraB.png 953w\" sizes=\"(max-width: 640px) 100vw, 600px\" \/><\/span><\/div><\/div><\/div><\/div><div class=\"fusion-image-element \" style=\"--awb-caption-title-font-family:var(--h2_typography-font-family);--awb-caption-title-font-weight:var(--h2_typography-font-weight);--awb-caption-title-font-style:var(--h2_typography-font-style);--awb-caption-title-size:var(--h2_typography-font-size);--awb-caption-title-transform:var(--h2_typography-text-transform);--awb-caption-title-line-height:var(--h2_typography-line-height);--awb-caption-title-letter-spacing:var(--h2_typography-letter-spacing);\"><span class=\" fusion-imageframe imageframe-none imageframe-3 hover-type-none\"><img decoding=\"async\" width=\"989\" height=\"461\" title=\"SequeraC\" src=\"https:\/\/www.marinapalamos.com\/wp-content\/uploads\/2023\/05\/SequeraC.png\" alt class=\"img-responsive wp-image-4170\" srcset=\"https:\/\/www.marinapalamos.com\/wp-content\/uploads\/2023\/05\/SequeraC-200x93.png 200w, https:\/\/www.marinapalamos.com\/wp-content\/uploads\/2023\/05\/SequeraC-400x186.png 400w, https:\/\/www.marinapalamos.com\/wp-content\/uploads\/2023\/05\/SequeraC-600x280.png 600w, https:\/\/www.marinapalamos.com\/wp-content\/uploads\/2023\/05\/SequeraC-800x373.png 800w, https:\/\/www.marinapalamos.com\/wp-content\/uploads\/2023\/05\/SequeraC.png 989w\" sizes=\"(max-width: 640px) 100vw, 989px\" \/><\/span><\/div><div class=\"fusion-text fusion-text-3\" style=\"--awb-text-transform:none;\"><p>From <strong>Port Marina Palam\u00f3s<\/strong>, we remind you of the water consumption saving measures that we have sent to all port users.<\/p>\n<p>First of all, we want to <strong>thank you for your willingness and collaboration<\/strong> in the application of these measures, which has led to a <strong>significant reduction in water consumption compared to previous years of up to 60%.<\/strong><\/p>\n<p>Now the summer season begins in which the use of the boats will be more intense and frequent and we want to remind you of the measures to follow regarding the use of water for cleaning boats, following the measures of the Generalitat Ports and the City Council of Palamos:<\/p>\n<p><span style=\"text-decoration: underline;\">\u00b7 It is prohibited to jet-clean boats at the moorings.<\/span><br \/>\n<span style=\"text-decoration: underline;\">\u00b7 The cleaning of boats in the moorings with bucket and mop is allowed.<\/span><br \/>\n<span style=\"text-decoration: underline;\">\u00b7 The cleaning of boats in the slipway with a pressurized water machine is allowed.<\/span><br \/>\n<span style=\"text-decoration: underline;\">\u00b7 It is allowed to use the water to fill the tank of the boat.<\/span><\/p>\n<p>Despite the rains that have fallen in recent weeks, the drought situation persists so that as long as the hydrological alert situation continues, the Port Management will continue to ensure moderation in water consumption.<\/p>\n<p>In the event that a significant increase in consumption is detected and without prejudice to possible new restrictions given by the competent authorities, adopting measures such as time restrictions or the total cut off of the water supply to the moorings is not ruled out.<\/p>\n<p>We hope to continue counting on your collaboration and willingness to avoid reaching these measures and to be able to keep the water supply open at all times.<\/p>\n<p><strong>Thank you for your cooperation<\/strong> in this challenge.<\/p>\n<\/div><\/div><\/div><div class=\"fusion-layout-column fusion_builder_column fusion-builder-column-1 fusion_builder_column_1_1 1_1 fusion-flex-column\" style=\"--awb-bg-size:cover;--awb-width-large:100%;--awb-margin-top-large:0px;--awb-spacing-right-large:1.92%;--awb-margin-bottom-large:20px;--awb-spacing-left-large:1.92%;--awb-width-medium:100%;--awb-order-medium:0;--awb-spacing-right-medium:1.92%;--awb-spacing-left-medium:1.92%;--awb-width-small:100%;--awb-order-small:0;--awb-spacing-right-small:1.92%;--awb-spacing-left-small:1.92%;\"><div class=\"fusion-column-wrapper fusion-column-has-shadow fusion-flex-justify-content-flex-start fusion-content-layout-column\"><\/div><\/div><\/div><\/div>\n","protected":false},"excerpt":{"rendered":"","protected":false},"author":5,"featured_media":4163,"comment_status":"open","ping_status":"closed","sticky":false,"template":"","format":"standard","meta":{"_acf_changed":false,"footnotes":""},"categories":[70],"tags":[],"class_list":["post-4156","post","type-post","status-publish","format-standard","has-post-thumbnail","hentry","category-blog-en"],"acf":[],"yoast_head":"<!-- This site is optimized with the Yoast SEO plugin v27.5 - https:\/\/yoast.com\/product\/yoast-seo-wordpress\/ -->\n<title>Attention: Drought Emergency Situation Situaci\u00f3n - Marina Palam\u00f3s<\/title>\n<meta name=\"description\" content=\"Atenci\u00f3: Situaci\u00f3 d&#039;Emerg\u00e8ncia per Sequer\" \/>\n<meta name=\"robots\" content=\"index, follow, max-snippet:-1, max-image-preview:large, max-video-preview:-1\" \/>\n<link rel=\"canonical\" href=\"https:\/\/www.marinapalamos.com\/en\/atencio-situacio-demergencia-per-sequera\/\" \/>\n<meta property=\"og:locale\" content=\"en_US\" \/>\n<meta property=\"og:type\" content=\"article\" \/>\n<meta property=\"og:title\" content=\"Attention: Drought Emergency Situation Situaci\u00f3n - Marina Palam\u00f3s\" \/>\n<meta property=\"og:description\" content=\"Atenci\u00f3: Situaci\u00f3 d&#039;Emerg\u00e8ncia per Sequer\" \/>\n<meta property=\"og:url\" content=\"https:\/\/www.marinapalamos.com\/en\/atencio-situacio-demergencia-per-sequera\/\" \/>\n<meta property=\"og:site_name\" content=\"Marina Palam\u00f3s\" \/>\n<meta property=\"article:published_time\" content=\"2023-05-31T10:45:22+00:00\" \/>\n<meta property=\"article:modified_time\" content=\"2023-05-31T10:45:37+00:00\" \/>\n<meta property=\"og:image\" content=\"https:\/\/www.marinapalamos.com\/wp-content\/uploads\/2023\/05\/sequeraA.png\" \/>\n\t<meta property=\"og:image:width\" content=\"961\" \/>\n\t<meta property=\"og:image:height\" content=\"642\" \/>\n\t<meta property=\"og:image:type\" content=\"image\/png\" \/>\n<meta name=\"author\" content=\"Mauricio\" \/>\n<meta name=\"twitter:card\" content=\"summary_large_image\" \/>\n<meta name=\"twitter:label1\" content=\"Written by\" \/>\n\t<meta name=\"twitter:data1\" content=\"Mauricio\" \/>\n\t<meta name=\"twitter:label2\" content=\"Est. reading time\" \/>\n\t<meta name=\"twitter:data2\" content=\"7 minutes\" \/>\n<script type=\"application\/ld+json\" class=\"yoast-schema-graph\">{\"@context\":\"https:\\\/\\\/schema.org\",\"@graph\":[{\"@type\":\"Article\",\"@id\":\"https:\\\/\\\/www.marinapalamos.com\\\/en\\\/atencio-situacio-demergencia-per-sequera\\\/#article\",\"isPartOf\":{\"@id\":\"https:\\\/\\\/www.marinapalamos.com\\\/en\\\/atencio-situacio-demergencia-per-sequera\\\/\"},\"author\":{\"name\":\"Mauricio\",\"@id\":\"https:\\\/\\\/www.marinapalamos.com\\\/#\\\/schema\\\/person\\\/9604bbc17d32ce2823e8ffc3e3efb0f3\"},\"headline\":\"Attention: Drought Emergency Situation Situaci\u00f3n\",\"datePublished\":\"2023-05-31T10:45:22+00:00\",\"dateModified\":\"2023-05-31T10:45:37+00:00\",\"mainEntityOfPage\":{\"@id\":\"https:\\\/\\\/www.marinapalamos.com\\\/en\\\/atencio-situacio-demergencia-per-sequera\\\/\"},\"wordCount\":3099,\"commentCount\":0,\"image\":{\"@id\":\"https:\\\/\\\/www.marinapalamos.com\\\/en\\\/atencio-situacio-demergencia-per-sequera\\\/#primaryimage\"},\"thumbnailUrl\":\"https:\\\/\\\/www.marinapalamos.com\\\/wp-content\\\/uploads\\\/2023\\\/05\\\/sequeraA.png\",\"articleSection\":[\"Blog\"],\"inLanguage\":\"en-US\",\"potentialAction\":[{\"@type\":\"CommentAction\",\"name\":\"Comment\",\"target\":[\"https:\\\/\\\/www.marinapalamos.com\\\/en\\\/atencio-situacio-demergencia-per-sequera\\\/#respond\"]}]},{\"@type\":\"WebPage\",\"@id\":\"https:\\\/\\\/www.marinapalamos.com\\\/en\\\/atencio-situacio-demergencia-per-sequera\\\/\",\"url\":\"https:\\\/\\\/www.marinapalamos.com\\\/en\\\/atencio-situacio-demergencia-per-sequera\\\/\",\"name\":\"Attention: Drought Emergency Situation Situaci\u00f3n - Marina Palam\u00f3s\",\"isPartOf\":{\"@id\":\"https:\\\/\\\/www.marinapalamos.com\\\/#website\"},\"primaryImageOfPage\":{\"@id\":\"https:\\\/\\\/www.marinapalamos.com\\\/en\\\/atencio-situacio-demergencia-per-sequera\\\/#primaryimage\"},\"image\":{\"@id\":\"https:\\\/\\\/www.marinapalamos.com\\\/en\\\/atencio-situacio-demergencia-per-sequera\\\/#primaryimage\"},\"thumbnailUrl\":\"https:\\\/\\\/www.marinapalamos.com\\\/wp-content\\\/uploads\\\/2023\\\/05\\\/sequeraA.png\",\"datePublished\":\"2023-05-31T10:45:22+00:00\",\"dateModified\":\"2023-05-31T10:45:37+00:00\",\"author\":{\"@id\":\"https:\\\/\\\/www.marinapalamos.com\\\/#\\\/schema\\\/person\\\/9604bbc17d32ce2823e8ffc3e3efb0f3\"},\"description\":\"Atenci\u00f3: Situaci\u00f3 d'Emerg\u00e8ncia per Sequer\",\"breadcrumb\":{\"@id\":\"https:\\\/\\\/www.marinapalamos.com\\\/en\\\/atencio-situacio-demergencia-per-sequera\\\/#breadcrumb\"},\"inLanguage\":\"en-US\",\"potentialAction\":[{\"@type\":\"ReadAction\",\"target\":[\"https:\\\/\\\/www.marinapalamos.com\\\/en\\\/atencio-situacio-demergencia-per-sequera\\\/\"]}]},{\"@type\":\"ImageObject\",\"inLanguage\":\"en-US\",\"@id\":\"https:\\\/\\\/www.marinapalamos.com\\\/en\\\/atencio-situacio-demergencia-per-sequera\\\/#primaryimage\",\"url\":\"https:\\\/\\\/www.marinapalamos.com\\\/wp-content\\\/uploads\\\/2023\\\/05\\\/sequeraA.png\",\"contentUrl\":\"https:\\\/\\\/www.marinapalamos.com\\\/wp-content\\\/uploads\\\/2023\\\/05\\\/sequeraA.png\",\"width\":961,\"height\":642},{\"@type\":\"BreadcrumbList\",\"@id\":\"https:\\\/\\\/www.marinapalamos.com\\\/en\\\/atencio-situacio-demergencia-per-sequera\\\/#breadcrumb\",\"itemListElement\":[{\"@type\":\"ListItem\",\"position\":1,\"name\":\"Inicio\",\"item\":\"https:\\\/\\\/www.marinapalamos.com\\\/en\\\/\"},{\"@type\":\"ListItem\",\"position\":2,\"name\":\"Attention: Drought Emergency Situation Situaci\u00f3n\"}]},{\"@type\":\"WebSite\",\"@id\":\"https:\\\/\\\/www.marinapalamos.com\\\/#website\",\"url\":\"https:\\\/\\\/www.marinapalamos.com\\\/\",\"name\":\"Marina Palam\u00f3s\",\"description\":\"Marina Palam\u00f3s\",\"potentialAction\":[{\"@type\":\"SearchAction\",\"target\":{\"@type\":\"EntryPoint\",\"urlTemplate\":\"https:\\\/\\\/www.marinapalamos.com\\\/?s={search_term_string}\"},\"query-input\":{\"@type\":\"PropertyValueSpecification\",\"valueRequired\":true,\"valueName\":\"search_term_string\"}}],\"inLanguage\":\"en-US\"},{\"@type\":\"Person\",\"@id\":\"https:\\\/\\\/www.marinapalamos.com\\\/#\\\/schema\\\/person\\\/9604bbc17d32ce2823e8ffc3e3efb0f3\",\"name\":\"Mauricio\",\"image\":{\"@type\":\"ImageObject\",\"inLanguage\":\"en-US\",\"@id\":\"https:\\\/\\\/secure.gravatar.com\\\/avatar\\\/66f31716a14ebbbf9d76c4d8a1e5e44ee4b8992044a9034b47ebd0c89cc8c57b?s=96&d=mm&r=g\",\"url\":\"https:\\\/\\\/secure.gravatar.com\\\/avatar\\\/66f31716a14ebbbf9d76c4d8a1e5e44ee4b8992044a9034b47ebd0c89cc8c57b?s=96&d=mm&r=g\",\"contentUrl\":\"https:\\\/\\\/secure.gravatar.com\\\/avatar\\\/66f31716a14ebbbf9d76c4d8a1e5e44ee4b8992044a9034b47ebd0c89cc8c57b?s=96&d=mm&r=g\",\"caption\":\"Mauricio\"},\"url\":\"https:\\\/\\\/www.marinapalamos.com\\\/en\\\/author\\\/mauricio\\\/\"}]}<\/script>\n<!-- \/ Yoast SEO plugin. -->","yoast_head_json":{"title":"Attention: Drought Emergency Situation Situaci\u00f3n - Marina Palam\u00f3s","description":"Atenci\u00f3: Situaci\u00f3 d'Emerg\u00e8ncia per Sequer","robots":{"index":"index","follow":"follow","max-snippet":"max-snippet:-1","max-image-preview":"max-image-preview:large","max-video-preview":"max-video-preview:-1"},"canonical":"https:\/\/www.marinapalamos.com\/en\/atencio-situacio-demergencia-per-sequera\/","og_locale":"en_US","og_type":"article","og_title":"Attention: Drought Emergency Situation Situaci\u00f3n - Marina Palam\u00f3s","og_description":"Atenci\u00f3: Situaci\u00f3 d'Emerg\u00e8ncia per Sequer","og_url":"https:\/\/www.marinapalamos.com\/en\/atencio-situacio-demergencia-per-sequera\/","og_site_name":"Marina Palam\u00f3s","article_published_time":"2023-05-31T10:45:22+00:00","article_modified_time":"2023-05-31T10:45:37+00:00","og_image":[{"width":961,"height":642,"url":"https:\/\/www.marinapalamos.com\/wp-content\/uploads\/2023\/05\/sequeraA.png","type":"image\/png"}],"author":"Mauricio","twitter_card":"summary_large_image","twitter_misc":{"Written by":"Mauricio","Est. reading time":"7 minutes"},"schema":{"@context":"https:\/\/schema.org","@graph":[{"@type":"Article","@id":"https:\/\/www.marinapalamos.com\/en\/atencio-situacio-demergencia-per-sequera\/#article","isPartOf":{"@id":"https:\/\/www.marinapalamos.com\/en\/atencio-situacio-demergencia-per-sequera\/"},"author":{"name":"Mauricio","@id":"https:\/\/www.marinapalamos.com\/#\/schema\/person\/9604bbc17d32ce2823e8ffc3e3efb0f3"},"headline":"Attention: Drought Emergency Situation Situaci\u00f3n","datePublished":"2023-05-31T10:45:22+00:00","dateModified":"2023-05-31T10:45:37+00:00","mainEntityOfPage":{"@id":"https:\/\/www.marinapalamos.com\/en\/atencio-situacio-demergencia-per-sequera\/"},"wordCount":3099,"commentCount":0,"image":{"@id":"https:\/\/www.marinapalamos.com\/en\/atencio-situacio-demergencia-per-sequera\/#primaryimage"},"thumbnailUrl":"https:\/\/www.marinapalamos.com\/wp-content\/uploads\/2023\/05\/sequeraA.png","articleSection":["Blog"],"inLanguage":"en-US","potentialAction":[{"@type":"CommentAction","name":"Comment","target":["https:\/\/www.marinapalamos.com\/en\/atencio-situacio-demergencia-per-sequera\/#respond"]}]},{"@type":"WebPage","@id":"https:\/\/www.marinapalamos.com\/en\/atencio-situacio-demergencia-per-sequera\/","url":"https:\/\/www.marinapalamos.com\/en\/atencio-situacio-demergencia-per-sequera\/","name":"Attention: Drought Emergency Situation Situaci\u00f3n - Marina Palam\u00f3s","isPartOf":{"@id":"https:\/\/www.marinapalamos.com\/#website"},"primaryImageOfPage":{"@id":"https:\/\/www.marinapalamos.com\/en\/atencio-situacio-demergencia-per-sequera\/#primaryimage"},"image":{"@id":"https:\/\/www.marinapalamos.com\/en\/atencio-situacio-demergencia-per-sequera\/#primaryimage"},"thumbnailUrl":"https:\/\/www.marinapalamos.com\/wp-content\/uploads\/2023\/05\/sequeraA.png","datePublished":"2023-05-31T10:45:22+00:00","dateModified":"2023-05-31T10:45:37+00:00","author":{"@id":"https:\/\/www.marinapalamos.com\/#\/schema\/person\/9604bbc17d32ce2823e8ffc3e3efb0f3"},"description":"Atenci\u00f3: Situaci\u00f3 d'Emerg\u00e8ncia per Sequer","breadcrumb":{"@id":"https:\/\/www.marinapalamos.com\/en\/atencio-situacio-demergencia-per-sequera\/#breadcrumb"},"inLanguage":"en-US","potentialAction":[{"@type":"ReadAction","target":["https:\/\/www.marinapalamos.com\/en\/atencio-situacio-demergencia-per-sequera\/"]}]},{"@type":"ImageObject","inLanguage":"en-US","@id":"https:\/\/www.marinapalamos.com\/en\/atencio-situacio-demergencia-per-sequera\/#primaryimage","url":"https:\/\/www.marinapalamos.com\/wp-content\/uploads\/2023\/05\/sequeraA.png","contentUrl":"https:\/\/www.marinapalamos.com\/wp-content\/uploads\/2023\/05\/sequeraA.png","width":961,"height":642},{"@type":"BreadcrumbList","@id":"https:\/\/www.marinapalamos.com\/en\/atencio-situacio-demergencia-per-sequera\/#breadcrumb","itemListElement":[{"@type":"ListItem","position":1,"name":"Inicio","item":"https:\/\/www.marinapalamos.com\/en\/"},{"@type":"ListItem","position":2,"name":"Attention: Drought Emergency Situation Situaci\u00f3n"}]},{"@type":"WebSite","@id":"https:\/\/www.marinapalamos.com\/#website","url":"https:\/\/www.marinapalamos.com\/","name":"Marina Palam\u00f3s","description":"Marina Palam\u00f3s","potentialAction":[{"@type":"SearchAction","target":{"@type":"EntryPoint","urlTemplate":"https:\/\/www.marinapalamos.com\/?s={search_term_string}"},"query-input":{"@type":"PropertyValueSpecification","valueRequired":true,"valueName":"search_term_string"}}],"inLanguage":"en-US"},{"@type":"Person","@id":"https:\/\/www.marinapalamos.com\/#\/schema\/person\/9604bbc17d32ce2823e8ffc3e3efb0f3","name":"Mauricio","image":{"@type":"ImageObject","inLanguage":"en-US","@id":"https:\/\/secure.gravatar.com\/avatar\/66f31716a14ebbbf9d76c4d8a1e5e44ee4b8992044a9034b47ebd0c89cc8c57b?s=96&d=mm&r=g","url":"https:\/\/secure.gravatar.com\/avatar\/66f31716a14ebbbf9d76c4d8a1e5e44ee4b8992044a9034b47ebd0c89cc8c57b?s=96&d=mm&r=g","contentUrl":"https:\/\/secure.gravatar.com\/avatar\/66f31716a14ebbbf9d76c4d8a1e5e44ee4b8992044a9034b47ebd0c89cc8c57b?s=96&d=mm&r=g","caption":"Mauricio"},"url":"https:\/\/www.marinapalamos.com\/en\/author\/mauricio\/"}]}},"_links":{"self":[{"href":"https:\/\/www.marinapalamos.com\/en\/wp-json\/wp\/v2\/posts\/4156","targetHints":{"allow":["GET"]}}],"collection":[{"href":"https:\/\/www.marinapalamos.com\/en\/wp-json\/wp\/v2\/posts"}],"about":[{"href":"https:\/\/www.marinapalamos.com\/en\/wp-json\/wp\/v2\/types\/post"}],"author":[{"embeddable":true,"href":"https:\/\/www.marinapalamos.com\/en\/wp-json\/wp\/v2\/users\/5"}],"replies":[{"embeddable":true,"href":"https:\/\/www.marinapalamos.com\/en\/wp-json\/wp\/v2\/comments?post=4156"}],"version-history":[{"count":2,"href":"https:\/\/www.marinapalamos.com\/en\/wp-json\/wp\/v2\/posts\/4156\/revisions"}],"predecessor-version":[{"id":4180,"href":"https:\/\/www.marinapalamos.com\/en\/wp-json\/wp\/v2\/posts\/4156\/revisions\/4180"}],"wp:featuredmedia":[{"embeddable":true,"href":"https:\/\/www.marinapalamos.com\/en\/wp-json\/wp\/v2\/media\/4163"}],"wp:attachment":[{"href":"https:\/\/www.marinapalamos.com\/en\/wp-json\/wp\/v2\/media?parent=4156"}],"wp:term":[{"taxonomy":"category","embeddable":true,"href":"https:\/\/www.marinapalamos.com\/en\/wp-json\/wp\/v2\/categories?post=4156"},{"taxonomy":"post_tag","embeddable":true,"href":"https:\/\/www.marinapalamos.com\/en\/wp-json\/wp\/v2\/tags?post=4156"}],"curies":[{"name":"wp","href":"https:\/\/api.w.org\/{rel}","templated":true}]}}