{"id":6127,"date":"2024-10-11T08:30:00","date_gmt":"2024-10-11T08:30:00","guid":{"rendered":"https:\/\/www.marinapalamos.com\/?p=6127"},"modified":"2024-10-11T08:30:34","modified_gmt":"2024-10-11T08:30:34","slug":"the-new-panoramic-elevator-of-palamos","status":"publish","type":"post","link":"https:\/\/www.marinapalamos.com\/en\/the-new-panoramic-elevator-of-palamos\/","title":{"rendered":"The New Panoramic Elevator of Palam\u00f3s"},"content":{"rendered":"<div class=\"fusion-fullwidth fullwidth-box fusion-builder-row-1 fusion-flex-container nonhundred-percent-fullwidth non-hundred-percent-height-scrolling\" style=\"--awb-border-radius-top-left:0px;--awb-border-radius-top-right:0px;--awb-border-radius-bottom-right:0px;--awb-border-radius-bottom-left:0px;--awb-flex-wrap:wrap;\" ><div class=\"fusion-builder-row fusion-row fusion-flex-align-items-flex-start fusion-flex-content-wrap\" style=\"max-width:1300px;margin-left: calc(-4% \/ 2 );margin-right: calc(-4% \/ 2 );\"><div class=\"fusion-layout-column fusion_builder_column fusion-builder-column-0 fusion_builder_column_1_1 1_1 fusion-flex-column\" style=\"--awb-bg-size:cover;--awb-width-large:100%;--awb-margin-top-large:0px;--awb-spacing-right-large:1.92%;--awb-margin-bottom-large:20px;--awb-spacing-left-large:1.92%;--awb-width-medium:100%;--awb-order-medium:0;--awb-spacing-right-medium:1.92%;--awb-spacing-left-medium:1.92%;--awb-width-small:100%;--awb-order-small:0;--awb-spacing-right-small:1.92%;--awb-spacing-left-small:1.92%;\"><div class=\"fusion-column-wrapper fusion-column-has-shadow fusion-flex-justify-content-flex-start fusion-content-layout-column\"><div class=\"fusion-text fusion-text-1\" style=\"--awb-text-transform:none;\"><p><strong>Reading: 1 min 36s<\/strong><\/p>\n<p>We are pleased to announce that the construction of the panoramic elevator, which will improve accessibility between the old urban center of Palam\u00f3s and the port, is nearing completion.<\/p>\n<p>This project features a very unique design and architecture, fully integrated into the landscape, and it will connect the port with the town, offering spectacular views.<\/p>\n<p><img decoding=\"async\" class=\" wp-image-6138 aligncenter\" src=\"https:\/\/www.marinapalamos.com\/wp-content\/uploads\/2024\/10\/ASCENSOR-IMAGEN-BLOG-300x180.png\" alt=\"\" width=\"629\" height=\"377\" srcset=\"https:\/\/www.marinapalamos.com\/wp-content\/uploads\/2024\/10\/ASCENSOR-IMAGEN-BLOG-200x120.png 200w, https:\/\/www.marinapalamos.com\/wp-content\/uploads\/2024\/10\/ASCENSOR-IMAGEN-BLOG-300x180.png 300w, https:\/\/www.marinapalamos.com\/wp-content\/uploads\/2024\/10\/ASCENSOR-IMAGEN-BLOG-400x240.png 400w, https:\/\/www.marinapalamos.com\/wp-content\/uploads\/2024\/10\/ASCENSOR-IMAGEN-BLOG-600x360.png 600w, https:\/\/www.marinapalamos.com\/wp-content\/uploads\/2024\/10\/ASCENSOR-IMAGEN-BLOG-768x461.png 768w, https:\/\/www.marinapalamos.com\/wp-content\/uploads\/2024\/10\/ASCENSOR-IMAGEN-BLOG-800x480.png 800w, https:\/\/www.marinapalamos.com\/wp-content\/uploads\/2024\/10\/ASCENSOR-IMAGEN-BLOG-1024x614.png 1024w, https:\/\/www.marinapalamos.com\/wp-content\/uploads\/2024\/10\/ASCENSOR-IMAGEN-BLOG-1200x720.png 1200w, https:\/\/www.marinapalamos.com\/wp-content\/uploads\/2024\/10\/ASCENSOR-IMAGEN-BLOG.png 1500w\" sizes=\"(max-width: 629px) 100vw, 629px\" \/><\/p>\n<p>The concrete structure of the vertical shaft is prefabricated, built with slabs composed of frame-braces and four square-section pillars. The slabs have been embedded using connectors in the pillars and sleeves set into the frames, with joints filled with grout.<\/p>\n<p>The connecting walkway between the elevator and the square spans 16.5 meters and consists of two prestressed concrete ribs with an inverted T-section, joined by a final compression slab of concrete.<\/p>\n<p>The exterior cladding of the elevator has been resolved with a permeable outer skin, made of a mesh of ceramic pieces in different shades, to achieve integration and blending with the colors of the rocky massif and the vegetation in the area.<\/p>\n<p>Due to exposure to the saline environment, the metalwork has been completed using stainless steel and corten steel.<\/p>\n<p>As the promoters of this project, we thank all parties involved for their valuable contribution to its success.<\/p>\n<p><span style=\"font-weight: 400;\">ARUMI PREFABRICATS<\/span><\/p>\n<p><span style=\"font-weight: 400;\">ORONA<\/span><\/p>\n<p><span style=\"font-weight: 400;\">FLEX-BRICK<\/span><\/p>\n<p><span style=\"font-weight: 400;\">SERRALLERIA ROCA<\/span><\/p>\n<p><span style=\"font-weight: 400;\">RUBAU TARRES<\/span><\/p>\n<p><span style=\"font-weight: 400;\">ESTEYCO<\/span><\/p>\n<p><span style=\"font-weight: 400;\">Marti Franch<\/span><\/p>\n<p><span style=\"font-weight: 400;\">Ayuntamiento de Palam\u00f3s<\/span><\/p>\n<p><span style=\"font-weight: 400;\">Ports de la generalitat<\/span><\/p>\n<\/div><\/div><\/div><div class=\"fusion-layout-column fusion_builder_column fusion-builder-column-1 fusion_builder_column_1_1 1_1 fusion-flex-column\" style=\"--awb-bg-size:cover;--awb-width-large:100%;--awb-margin-top-large:0px;--awb-spacing-right-large:1.92%;--awb-margin-bottom-large:20px;--awb-spacing-left-large:1.92%;--awb-width-medium:100%;--awb-order-medium:0;--awb-spacing-right-medium:1.92%;--awb-spacing-left-medium:1.92%;--awb-width-small:100%;--awb-order-small:0;--awb-spacing-right-small:1.92%;--awb-spacing-left-small:1.92%;\"><div class=\"fusion-column-wrapper fusion-column-has-shadow fusion-flex-justify-content-flex-start fusion-content-layout-column\"><\/div><\/div><\/div><\/div>\n","protected":false},"excerpt":{"rendered":"","protected":false},"author":5,"featured_media":6133,"comment_status":"open","ping_status":"closed","sticky":false,"template":"","format":"standard","meta":{"_acf_changed":false,"footnotes":""},"categories":[70],"tags":[],"class_list":["post-6127","post","type-post","status-publish","format-standard","has-post-thumbnail","hentry","category-blog-en"],"acf":[],"yoast_head":"<!-- This site is optimized with the Yoast SEO plugin v27.5 - https:\/\/yoast.com\/product\/yoast-seo-wordpress\/ -->\n<title>The New Panoramic Elevator of Palam\u00f3s - Marina Palam\u00f3s<\/title>\n<meta name=\"description\" content=\"The new panoramic elevator in Palam\u00f3s will improve accessibility between the old urban center of Palam\u00f3s and the marina.\" \/>\n<meta name=\"robots\" content=\"index, follow, max-snippet:-1, max-image-preview:large, max-video-preview:-1\" \/>\n<link rel=\"canonical\" href=\"https:\/\/www.marinapalamos.com\/en\/the-new-panoramic-elevator-of-palamos\/\" \/>\n<meta property=\"og:locale\" content=\"en_US\" \/>\n<meta property=\"og:type\" content=\"article\" \/>\n<meta property=\"og:title\" content=\"The New Panoramic Elevator of Palam\u00f3s - Marina Palam\u00f3s\" \/>\n<meta property=\"og:description\" content=\"The new panoramic elevator in Palam\u00f3s will improve accessibility between the old urban center of Palam\u00f3s and the marina.\" \/>\n<meta property=\"og:url\" content=\"https:\/\/www.marinapalamos.com\/en\/the-new-panoramic-elevator-of-palamos\/\" \/>\n<meta property=\"og:site_name\" content=\"Marina Palam\u00f3s\" \/>\n<meta property=\"article:published_time\" content=\"2024-10-11T08:30:00+00:00\" \/>\n<meta property=\"article:modified_time\" content=\"2024-10-11T08:30:34+00:00\" \/>\n<meta property=\"og:image\" content=\"https:\/\/www.marinapalamos.com\/wp-content\/uploads\/2024\/10\/ASCENSOR-BLOG.png\" \/>\n\t<meta property=\"og:image:width\" content=\"500\" \/>\n\t<meta property=\"og:image:height\" content=\"300\" \/>\n\t<meta property=\"og:image:type\" content=\"image\/png\" \/>\n<meta name=\"author\" content=\"Mauricio\" \/>\n<meta name=\"twitter:card\" content=\"summary_large_image\" \/>\n<meta name=\"twitter:label1\" content=\"Written by\" \/>\n\t<meta name=\"twitter:data1\" content=\"Mauricio\" \/>\n\t<meta name=\"twitter:label2\" content=\"Est. reading time\" \/>\n\t<meta name=\"twitter:data2\" content=\"2 minutes\" \/>\n<script type=\"application\/ld+json\" class=\"yoast-schema-graph\">{\"@context\":\"https:\\\/\\\/schema.org\",\"@graph\":[{\"@type\":\"Article\",\"@id\":\"https:\\\/\\\/www.marinapalamos.com\\\/en\\\/the-new-panoramic-elevator-of-palamos\\\/#article\",\"isPartOf\":{\"@id\":\"https:\\\/\\\/www.marinapalamos.com\\\/en\\\/the-new-panoramic-elevator-of-palamos\\\/\"},\"author\":{\"name\":\"Mauricio\",\"@id\":\"https:\\\/\\\/www.marinapalamos.com\\\/#\\\/schema\\\/person\\\/9604bbc17d32ce2823e8ffc3e3efb0f3\"},\"headline\":\"The New Panoramic Elevator of Palam\u00f3s\",\"datePublished\":\"2024-10-11T08:30:00+00:00\",\"dateModified\":\"2024-10-11T08:30:34+00:00\",\"mainEntityOfPage\":{\"@id\":\"https:\\\/\\\/www.marinapalamos.com\\\/en\\\/the-new-panoramic-elevator-of-palamos\\\/\"},\"wordCount\":790,\"commentCount\":0,\"image\":{\"@id\":\"https:\\\/\\\/www.marinapalamos.com\\\/en\\\/the-new-panoramic-elevator-of-palamos\\\/#primaryimage\"},\"thumbnailUrl\":\"https:\\\/\\\/www.marinapalamos.com\\\/wp-content\\\/uploads\\\/2024\\\/10\\\/ASCENSOR-BLOG.png\",\"articleSection\":[\"Blog\"],\"inLanguage\":\"en-US\",\"potentialAction\":[{\"@type\":\"CommentAction\",\"name\":\"Comment\",\"target\":[\"https:\\\/\\\/www.marinapalamos.com\\\/en\\\/the-new-panoramic-elevator-of-palamos\\\/#respond\"]}]},{\"@type\":\"WebPage\",\"@id\":\"https:\\\/\\\/www.marinapalamos.com\\\/en\\\/the-new-panoramic-elevator-of-palamos\\\/\",\"url\":\"https:\\\/\\\/www.marinapalamos.com\\\/en\\\/the-new-panoramic-elevator-of-palamos\\\/\",\"name\":\"The New Panoramic Elevator of Palam\u00f3s - Marina Palam\u00f3s\",\"isPartOf\":{\"@id\":\"https:\\\/\\\/www.marinapalamos.com\\\/#website\"},\"primaryImageOfPage\":{\"@id\":\"https:\\\/\\\/www.marinapalamos.com\\\/en\\\/the-new-panoramic-elevator-of-palamos\\\/#primaryimage\"},\"image\":{\"@id\":\"https:\\\/\\\/www.marinapalamos.com\\\/en\\\/the-new-panoramic-elevator-of-palamos\\\/#primaryimage\"},\"thumbnailUrl\":\"https:\\\/\\\/www.marinapalamos.com\\\/wp-content\\\/uploads\\\/2024\\\/10\\\/ASCENSOR-BLOG.png\",\"datePublished\":\"2024-10-11T08:30:00+00:00\",\"dateModified\":\"2024-10-11T08:30:34+00:00\",\"author\":{\"@id\":\"https:\\\/\\\/www.marinapalamos.com\\\/#\\\/schema\\\/person\\\/9604bbc17d32ce2823e8ffc3e3efb0f3\"},\"description\":\"The new panoramic elevator in Palam\u00f3s will improve accessibility between the old urban center of Palam\u00f3s and the marina.\",\"breadcrumb\":{\"@id\":\"https:\\\/\\\/www.marinapalamos.com\\\/en\\\/the-new-panoramic-elevator-of-palamos\\\/#breadcrumb\"},\"inLanguage\":\"en-US\",\"potentialAction\":[{\"@type\":\"ReadAction\",\"target\":[\"https:\\\/\\\/www.marinapalamos.com\\\/en\\\/the-new-panoramic-elevator-of-palamos\\\/\"]}]},{\"@type\":\"ImageObject\",\"inLanguage\":\"en-US\",\"@id\":\"https:\\\/\\\/www.marinapalamos.com\\\/en\\\/the-new-panoramic-elevator-of-palamos\\\/#primaryimage\",\"url\":\"https:\\\/\\\/www.marinapalamos.com\\\/wp-content\\\/uploads\\\/2024\\\/10\\\/ASCENSOR-BLOG.png\",\"contentUrl\":\"https:\\\/\\\/www.marinapalamos.com\\\/wp-content\\\/uploads\\\/2024\\\/10\\\/ASCENSOR-BLOG.png\",\"width\":500,\"height\":300},{\"@type\":\"BreadcrumbList\",\"@id\":\"https:\\\/\\\/www.marinapalamos.com\\\/en\\\/the-new-panoramic-elevator-of-palamos\\\/#breadcrumb\",\"itemListElement\":[{\"@type\":\"ListItem\",\"position\":1,\"name\":\"Inicio\",\"item\":\"https:\\\/\\\/www.marinapalamos.com\\\/en\\\/\"},{\"@type\":\"ListItem\",\"position\":2,\"name\":\"The New Panoramic Elevator of Palam\u00f3s\"}]},{\"@type\":\"WebSite\",\"@id\":\"https:\\\/\\\/www.marinapalamos.com\\\/#website\",\"url\":\"https:\\\/\\\/www.marinapalamos.com\\\/\",\"name\":\"Marina Palam\u00f3s\",\"description\":\"Marina Palam\u00f3s\",\"potentialAction\":[{\"@type\":\"SearchAction\",\"target\":{\"@type\":\"EntryPoint\",\"urlTemplate\":\"https:\\\/\\\/www.marinapalamos.com\\\/?s={search_term_string}\"},\"query-input\":{\"@type\":\"PropertyValueSpecification\",\"valueRequired\":true,\"valueName\":\"search_term_string\"}}],\"inLanguage\":\"en-US\"},{\"@type\":\"Person\",\"@id\":\"https:\\\/\\\/www.marinapalamos.com\\\/#\\\/schema\\\/person\\\/9604bbc17d32ce2823e8ffc3e3efb0f3\",\"name\":\"Mauricio\",\"image\":{\"@type\":\"ImageObject\",\"inLanguage\":\"en-US\",\"@id\":\"https:\\\/\\\/secure.gravatar.com\\\/avatar\\\/66f31716a14ebbbf9d76c4d8a1e5e44ee4b8992044a9034b47ebd0c89cc8c57b?s=96&d=mm&r=g\",\"url\":\"https:\\\/\\\/secure.gravatar.com\\\/avatar\\\/66f31716a14ebbbf9d76c4d8a1e5e44ee4b8992044a9034b47ebd0c89cc8c57b?s=96&d=mm&r=g\",\"contentUrl\":\"https:\\\/\\\/secure.gravatar.com\\\/avatar\\\/66f31716a14ebbbf9d76c4d8a1e5e44ee4b8992044a9034b47ebd0c89cc8c57b?s=96&d=mm&r=g\",\"caption\":\"Mauricio\"},\"url\":\"https:\\\/\\\/www.marinapalamos.com\\\/en\\\/author\\\/mauricio\\\/\"}]}<\/script>\n<!-- \/ Yoast SEO plugin. -->","yoast_head_json":{"title":"The New Panoramic Elevator of Palam\u00f3s - Marina Palam\u00f3s","description":"The new panoramic elevator in Palam\u00f3s will improve accessibility between the old urban center of Palam\u00f3s and the marina.","robots":{"index":"index","follow":"follow","max-snippet":"max-snippet:-1","max-image-preview":"max-image-preview:large","max-video-preview":"max-video-preview:-1"},"canonical":"https:\/\/www.marinapalamos.com\/en\/the-new-panoramic-elevator-of-palamos\/","og_locale":"en_US","og_type":"article","og_title":"The New Panoramic Elevator of Palam\u00f3s - Marina Palam\u00f3s","og_description":"The new panoramic elevator in Palam\u00f3s will improve accessibility between the old urban center of Palam\u00f3s and the marina.","og_url":"https:\/\/www.marinapalamos.com\/en\/the-new-panoramic-elevator-of-palamos\/","og_site_name":"Marina Palam\u00f3s","article_published_time":"2024-10-11T08:30:00+00:00","article_modified_time":"2024-10-11T08:30:34+00:00","og_image":[{"width":500,"height":300,"url":"https:\/\/www.marinapalamos.com\/wp-content\/uploads\/2024\/10\/ASCENSOR-BLOG.png","type":"image\/png"}],"author":"Mauricio","twitter_card":"summary_large_image","twitter_misc":{"Written by":"Mauricio","Est. reading time":"2 minutes"},"schema":{"@context":"https:\/\/schema.org","@graph":[{"@type":"Article","@id":"https:\/\/www.marinapalamos.com\/en\/the-new-panoramic-elevator-of-palamos\/#article","isPartOf":{"@id":"https:\/\/www.marinapalamos.com\/en\/the-new-panoramic-elevator-of-palamos\/"},"author":{"name":"Mauricio","@id":"https:\/\/www.marinapalamos.com\/#\/schema\/person\/9604bbc17d32ce2823e8ffc3e3efb0f3"},"headline":"The New Panoramic Elevator of Palam\u00f3s","datePublished":"2024-10-11T08:30:00+00:00","dateModified":"2024-10-11T08:30:34+00:00","mainEntityOfPage":{"@id":"https:\/\/www.marinapalamos.com\/en\/the-new-panoramic-elevator-of-palamos\/"},"wordCount":790,"commentCount":0,"image":{"@id":"https:\/\/www.marinapalamos.com\/en\/the-new-panoramic-elevator-of-palamos\/#primaryimage"},"thumbnailUrl":"https:\/\/www.marinapalamos.com\/wp-content\/uploads\/2024\/10\/ASCENSOR-BLOG.png","articleSection":["Blog"],"inLanguage":"en-US","potentialAction":[{"@type":"CommentAction","name":"Comment","target":["https:\/\/www.marinapalamos.com\/en\/the-new-panoramic-elevator-of-palamos\/#respond"]}]},{"@type":"WebPage","@id":"https:\/\/www.marinapalamos.com\/en\/the-new-panoramic-elevator-of-palamos\/","url":"https:\/\/www.marinapalamos.com\/en\/the-new-panoramic-elevator-of-palamos\/","name":"The New Panoramic Elevator of Palam\u00f3s - Marina Palam\u00f3s","isPartOf":{"@id":"https:\/\/www.marinapalamos.com\/#website"},"primaryImageOfPage":{"@id":"https:\/\/www.marinapalamos.com\/en\/the-new-panoramic-elevator-of-palamos\/#primaryimage"},"image":{"@id":"https:\/\/www.marinapalamos.com\/en\/the-new-panoramic-elevator-of-palamos\/#primaryimage"},"thumbnailUrl":"https:\/\/www.marinapalamos.com\/wp-content\/uploads\/2024\/10\/ASCENSOR-BLOG.png","datePublished":"2024-10-11T08:30:00+00:00","dateModified":"2024-10-11T08:30:34+00:00","author":{"@id":"https:\/\/www.marinapalamos.com\/#\/schema\/person\/9604bbc17d32ce2823e8ffc3e3efb0f3"},"description":"The new panoramic elevator in Palam\u00f3s will improve accessibility between the old urban center of Palam\u00f3s and the marina.","breadcrumb":{"@id":"https:\/\/www.marinapalamos.com\/en\/the-new-panoramic-elevator-of-palamos\/#breadcrumb"},"inLanguage":"en-US","potentialAction":[{"@type":"ReadAction","target":["https:\/\/www.marinapalamos.com\/en\/the-new-panoramic-elevator-of-palamos\/"]}]},{"@type":"ImageObject","inLanguage":"en-US","@id":"https:\/\/www.marinapalamos.com\/en\/the-new-panoramic-elevator-of-palamos\/#primaryimage","url":"https:\/\/www.marinapalamos.com\/wp-content\/uploads\/2024\/10\/ASCENSOR-BLOG.png","contentUrl":"https:\/\/www.marinapalamos.com\/wp-content\/uploads\/2024\/10\/ASCENSOR-BLOG.png","width":500,"height":300},{"@type":"BreadcrumbList","@id":"https:\/\/www.marinapalamos.com\/en\/the-new-panoramic-elevator-of-palamos\/#breadcrumb","itemListElement":[{"@type":"ListItem","position":1,"name":"Inicio","item":"https:\/\/www.marinapalamos.com\/en\/"},{"@type":"ListItem","position":2,"name":"The New Panoramic Elevator of Palam\u00f3s"}]},{"@type":"WebSite","@id":"https:\/\/www.marinapalamos.com\/#website","url":"https:\/\/www.marinapalamos.com\/","name":"Marina Palam\u00f3s","description":"Marina Palam\u00f3s","potentialAction":[{"@type":"SearchAction","target":{"@type":"EntryPoint","urlTemplate":"https:\/\/www.marinapalamos.com\/?s={search_term_string}"},"query-input":{"@type":"PropertyValueSpecification","valueRequired":true,"valueName":"search_term_string"}}],"inLanguage":"en-US"},{"@type":"Person","@id":"https:\/\/www.marinapalamos.com\/#\/schema\/person\/9604bbc17d32ce2823e8ffc3e3efb0f3","name":"Mauricio","image":{"@type":"ImageObject","inLanguage":"en-US","@id":"https:\/\/secure.gravatar.com\/avatar\/66f31716a14ebbbf9d76c4d8a1e5e44ee4b8992044a9034b47ebd0c89cc8c57b?s=96&d=mm&r=g","url":"https:\/\/secure.gravatar.com\/avatar\/66f31716a14ebbbf9d76c4d8a1e5e44ee4b8992044a9034b47ebd0c89cc8c57b?s=96&d=mm&r=g","contentUrl":"https:\/\/secure.gravatar.com\/avatar\/66f31716a14ebbbf9d76c4d8a1e5e44ee4b8992044a9034b47ebd0c89cc8c57b?s=96&d=mm&r=g","caption":"Mauricio"},"url":"https:\/\/www.marinapalamos.com\/en\/author\/mauricio\/"}]}},"_links":{"self":[{"href":"https:\/\/www.marinapalamos.com\/en\/wp-json\/wp\/v2\/posts\/6127","targetHints":{"allow":["GET"]}}],"collection":[{"href":"https:\/\/www.marinapalamos.com\/en\/wp-json\/wp\/v2\/posts"}],"about":[{"href":"https:\/\/www.marinapalamos.com\/en\/wp-json\/wp\/v2\/types\/post"}],"author":[{"embeddable":true,"href":"https:\/\/www.marinapalamos.com\/en\/wp-json\/wp\/v2\/users\/5"}],"replies":[{"embeddable":true,"href":"https:\/\/www.marinapalamos.com\/en\/wp-json\/wp\/v2\/comments?post=6127"}],"version-history":[{"count":3,"href":"https:\/\/www.marinapalamos.com\/en\/wp-json\/wp\/v2\/posts\/6127\/revisions"}],"predecessor-version":[{"id":6146,"href":"https:\/\/www.marinapalamos.com\/en\/wp-json\/wp\/v2\/posts\/6127\/revisions\/6146"}],"wp:featuredmedia":[{"embeddable":true,"href":"https:\/\/www.marinapalamos.com\/en\/wp-json\/wp\/v2\/media\/6133"}],"wp:attachment":[{"href":"https:\/\/www.marinapalamos.com\/en\/wp-json\/wp\/v2\/media?parent=6127"}],"wp:term":[{"taxonomy":"category","embeddable":true,"href":"https:\/\/www.marinapalamos.com\/en\/wp-json\/wp\/v2\/categories?post=6127"},{"taxonomy":"post_tag","embeddable":true,"href":"https:\/\/www.marinapalamos.com\/en\/wp-json\/wp\/v2\/tags?post=6127"}],"curies":[{"name":"wp","href":"https:\/\/api.w.org\/{rel}","templated":true}]}}