{"id":6975,"date":"2025-03-11T10:23:27","date_gmt":"2025-03-11T10:23:27","guid":{"rendered":"https:\/\/www.marinapalamos.com\/?p=6975"},"modified":"2025-03-21T11:21:10","modified_gmt":"2025-03-21T11:21:10","slug":"inauguration-of-the-panoramic-lift-in-palamos","status":"publish","type":"post","link":"https:\/\/www.marinapalamos.com\/en\/inauguration-of-the-panoramic-lift-in-palamos\/","title":{"rendered":"Inauguration of the Panoramic Lift in Palam\u00f3s"},"content":{"rendered":"<div class=\"fusion-fullwidth fullwidth-box fusion-builder-row-1 fusion-flex-container nonhundred-percent-fullwidth non-hundred-percent-height-scrolling\" style=\"--awb-border-radius-top-left:0px;--awb-border-radius-top-right:0px;--awb-border-radius-bottom-right:0px;--awb-border-radius-bottom-left:0px;--awb-flex-wrap:wrap;\" ><div class=\"fusion-builder-row fusion-row fusion-flex-align-items-flex-start fusion-flex-content-wrap\" style=\"max-width:1300px;margin-left: calc(-4% \/ 2 );margin-right: calc(-4% \/ 2 );\"><div class=\"fusion-layout-column fusion_builder_column fusion-builder-column-0 fusion_builder_column_1_1 1_1 fusion-flex-column\" style=\"--awb-bg-size:cover;--awb-width-large:100%;--awb-margin-top-large:0px;--awb-spacing-right-large:1.92%;--awb-margin-bottom-large:20px;--awb-spacing-left-large:1.92%;--awb-width-medium:100%;--awb-order-medium:0;--awb-spacing-right-medium:1.92%;--awb-spacing-left-medium:1.92%;--awb-width-small:100%;--awb-order-small:0;--awb-spacing-right-small:1.92%;--awb-spacing-left-small:1.92%;\"><div class=\"fusion-column-wrapper fusion-column-has-shadow fusion-flex-justify-content-flex-start fusion-content-layout-column\"><div class=\"fusion-text fusion-text-1\" style=\"--awb-text-transform:none;\"><p data-pm-slice=\"1 1 &#091;&#093;\">Reading: 2.5 min<\/p>\n<p data-pm-slice=\"1 1 &#091;&#093;\">On Saturday, March 8, the <strong>inauguration and commissioning ceremony of the new panoramic elevator in Palam\u00f3s took place<\/strong>. This key infrastructure aims to improve accessibility between the port and the historic city center. This new connection will facilitate the movement of residents and visitors, providing a more comfortable and fluid transition between both areas, especially for people with reduced mobility, cyclists, and those who prefer to avoid stairs or steep slopes.<\/p>\n<p>The event was attended by prominent authorities, led by the <strong>Minister of Territory, Housing, and Ecological Transition, the Hon. Mrs. S\u00edlvia Paneque<\/strong>, who presided over the event alongside the <strong>Mayor of Palam\u00f3s, Mr. Llu\u00eds Puig<\/strong>. Also present were the <strong>President and CEO of Marina Palam\u00f3s, Mr. Luis Conde and Mr. Germ\u00e1n Castej\u00f3n<\/strong>, respectively. Additionally, the <strong>Secretary of Infrastructure and President of Ports of the Generalitat, Mr. Manel Nadal<\/strong>, and the <strong>Head of the Northern Port Area, Mr. Joan Pere Darbra<\/strong>, attended, highlighting the importance of this new infrastructure for the city and its surroundings.<\/p>\n<p data-start=\"770\" data-end=\"1012\"><img decoding=\"async\" class=\" wp-image-6979 aligncenter\" src=\"https:\/\/www.marinapalamos.com\/wp-content\/uploads\/2025\/03\/ASCENSOR-IMAGEN-BLOG-1-1024x614.png\" alt=\"\" width=\"489\" height=\"293\" srcset=\"https:\/\/www.marinapalamos.com\/wp-content\/uploads\/2025\/03\/ASCENSOR-IMAGEN-BLOG-1-200x120.png 200w, https:\/\/www.marinapalamos.com\/wp-content\/uploads\/2025\/03\/ASCENSOR-IMAGEN-BLOG-1-300x180.png 300w, https:\/\/www.marinapalamos.com\/wp-content\/uploads\/2025\/03\/ASCENSOR-IMAGEN-BLOG-1-400x240.png 400w, https:\/\/www.marinapalamos.com\/wp-content\/uploads\/2025\/03\/ASCENSOR-IMAGEN-BLOG-1-600x360.png 600w, https:\/\/www.marinapalamos.com\/wp-content\/uploads\/2025\/03\/ASCENSOR-IMAGEN-BLOG-1-768x461.png 768w, https:\/\/www.marinapalamos.com\/wp-content\/uploads\/2025\/03\/ASCENSOR-IMAGEN-BLOG-1-800x480.png 800w, https:\/\/www.marinapalamos.com\/wp-content\/uploads\/2025\/03\/ASCENSOR-IMAGEN-BLOG-1-1024x614.png 1024w, https:\/\/www.marinapalamos.com\/wp-content\/uploads\/2025\/03\/ASCENSOR-IMAGEN-BLOG-1-1200x720.png 1200w, https:\/\/www.marinapalamos.com\/wp-content\/uploads\/2025\/03\/ASCENSOR-IMAGEN-BLOG-1.png 1500w\" sizes=\"(max-width: 489px) 100vw, 489px\" \/><\/p>\n<p data-pm-slice=\"1 1 &#091;&#093;\">Following the official inauguration, the port management team organized a guided tour of the facilities, where they explained the <strong>strategic vision for port management<\/strong> and the main actions being promoted in various key areas. Among these, efforts in <strong>energy transition<\/strong> were highlighted, with initiatives to improve efficiency and the <strong>use of renewable energies<\/strong>, as well as <strong>optimizing water management<\/strong> for a more sustainable use of resources. Special emphasis was also placed on projects dedicated to the <strong>protection and promotion of marine biodiversity<\/strong>, reaffirming Marina Palam\u00f3s strong commitment to environmental sustainability.<\/p>\n<p data-pm-slice=\"1 1 &#091;&#093;\">This elevator, <strong>fully financed by Marina Palam\u00f3s as part of its port-municipality integration plan<\/strong>, represents another step toward establishing an accessible port fully integrated into urban life. Furthermore, this project <strong>aligns with the strategic planning of Ports of Catalonia, outlined in the &#8220;Horizon 2030&#8221;<\/strong> plan, which aims to enhance the connectivity and sustainability of port infrastructures throughout the region.<\/p>\n<p data-pm-slice=\"1 1 &#091;&#093;\"><strong>The panoramic elevator is open to the public<\/strong>, with operating hours adapted to the needs of residents and tourists. <strong>From September to May, it will operate from 07:00 to 22:00<\/strong>, while during the peak season, <strong>from<\/strong> <strong>June to August, its hours will be extended until 02:00 h<\/strong>, facilitating movement for those enjoying the port and its surroundings during summer nights.<\/p>\n<p>With this new infrastructure, Palam\u00f3s strengthens its commitment to accessibility, sustainability, and improving the quality of life for its residents and visitors, promoting a development model that combines modernity with respect for its natural and cultural heritage.<\/p>\n<\/div><\/div><\/div><div class=\"fusion-layout-column fusion_builder_column fusion-builder-column-1 fusion_builder_column_1_1 1_1 fusion-flex-column\" style=\"--awb-bg-size:cover;--awb-width-large:100%;--awb-margin-top-large:0px;--awb-spacing-right-large:1.92%;--awb-margin-bottom-large:20px;--awb-spacing-left-large:1.92%;--awb-width-medium:100%;--awb-order-medium:0;--awb-spacing-right-medium:1.92%;--awb-spacing-left-medium:1.92%;--awb-width-small:100%;--awb-order-small:0;--awb-spacing-right-small:1.92%;--awb-spacing-left-small:1.92%;\"><div class=\"fusion-column-wrapper fusion-column-has-shadow fusion-flex-justify-content-flex-start fusion-content-layout-column\"><\/div><\/div><\/div><\/div>\n","protected":false},"excerpt":{"rendered":"","protected":false},"author":5,"featured_media":6978,"comment_status":"open","ping_status":"closed","sticky":false,"template":"","format":"standard","meta":{"_acf_changed":false,"footnotes":""},"categories":[70],"tags":[],"class_list":["post-6975","post","type-post","status-publish","format-standard","has-post-thumbnail","hentry","category-blog-en"],"acf":[],"yoast_head":"<!-- This site is optimized with the Yoast SEO plugin v27.5 - https:\/\/yoast.com\/product\/yoast-seo-wordpress\/ -->\n<title>Inauguration of the Panoramic Lift in Palam\u00f3s - Marina Palam\u00f3s<\/title>\n<meta name=\"description\" content=\"New panoramic lift in Palam\u00f3s, a key infrastructure to improve accessibility between the port and the historic centre.\" \/>\n<meta name=\"robots\" content=\"index, follow, max-snippet:-1, max-image-preview:large, max-video-preview:-1\" \/>\n<link rel=\"canonical\" href=\"https:\/\/www.marinapalamos.com\/en\/inauguration-of-the-panoramic-lift-in-palamos\/\" \/>\n<meta property=\"og:locale\" content=\"en_US\" \/>\n<meta property=\"og:type\" content=\"article\" \/>\n<meta property=\"og:title\" content=\"Inauguration of the Panoramic Lift in Palam\u00f3s - Marina Palam\u00f3s\" \/>\n<meta property=\"og:description\" content=\"New panoramic lift in Palam\u00f3s, a key infrastructure to improve accessibility between the port and the historic centre.\" \/>\n<meta property=\"og:url\" content=\"https:\/\/www.marinapalamos.com\/en\/inauguration-of-the-panoramic-lift-in-palamos\/\" \/>\n<meta property=\"og:site_name\" content=\"Marina Palam\u00f3s\" \/>\n<meta property=\"article:published_time\" content=\"2025-03-11T10:23:27+00:00\" \/>\n<meta property=\"article:modified_time\" content=\"2025-03-21T11:21:10+00:00\" \/>\n<meta property=\"og:image\" content=\"https:\/\/www.marinapalamos.com\/wp-content\/uploads\/2025\/03\/ASCENSOR-BLOG-1.png\" \/>\n\t<meta property=\"og:image:width\" content=\"500\" \/>\n\t<meta property=\"og:image:height\" content=\"300\" \/>\n\t<meta property=\"og:image:type\" content=\"image\/png\" \/>\n<meta name=\"author\" content=\"Mauricio\" \/>\n<meta name=\"twitter:card\" content=\"summary_large_image\" \/>\n<meta name=\"twitter:label1\" content=\"Written by\" \/>\n\t<meta name=\"twitter:data1\" content=\"Mauricio\" \/>\n\t<meta name=\"twitter:label2\" content=\"Est. reading time\" \/>\n\t<meta name=\"twitter:data2\" content=\"3 minutes\" \/>\n<script type=\"application\/ld+json\" class=\"yoast-schema-graph\">{\"@context\":\"https:\\\/\\\/schema.org\",\"@graph\":[{\"@type\":\"Article\",\"@id\":\"https:\\\/\\\/www.marinapalamos.com\\\/en\\\/inauguration-of-the-panoramic-lift-in-palamos\\\/#article\",\"isPartOf\":{\"@id\":\"https:\\\/\\\/www.marinapalamos.com\\\/en\\\/inauguration-of-the-panoramic-lift-in-palamos\\\/\"},\"author\":{\"name\":\"Mauricio\",\"@id\":\"https:\\\/\\\/www.marinapalamos.com\\\/#\\\/schema\\\/person\\\/9604bbc17d32ce2823e8ffc3e3efb0f3\"},\"headline\":\"Inauguration of the Panoramic Lift in Palam\u00f3s\",\"datePublished\":\"2025-03-11T10:23:27+00:00\",\"dateModified\":\"2025-03-21T11:21:10+00:00\",\"mainEntityOfPage\":{\"@id\":\"https:\\\/\\\/www.marinapalamos.com\\\/en\\\/inauguration-of-the-panoramic-lift-in-palamos\\\/\"},\"wordCount\":924,\"commentCount\":0,\"image\":{\"@id\":\"https:\\\/\\\/www.marinapalamos.com\\\/en\\\/inauguration-of-the-panoramic-lift-in-palamos\\\/#primaryimage\"},\"thumbnailUrl\":\"https:\\\/\\\/www.marinapalamos.com\\\/wp-content\\\/uploads\\\/2025\\\/03\\\/ASCENSOR-BLOG-1.png\",\"articleSection\":[\"Blog\"],\"inLanguage\":\"en-US\",\"potentialAction\":[{\"@type\":\"CommentAction\",\"name\":\"Comment\",\"target\":[\"https:\\\/\\\/www.marinapalamos.com\\\/en\\\/inauguration-of-the-panoramic-lift-in-palamos\\\/#respond\"]}]},{\"@type\":\"WebPage\",\"@id\":\"https:\\\/\\\/www.marinapalamos.com\\\/en\\\/inauguration-of-the-panoramic-lift-in-palamos\\\/\",\"url\":\"https:\\\/\\\/www.marinapalamos.com\\\/en\\\/inauguration-of-the-panoramic-lift-in-palamos\\\/\",\"name\":\"Inauguration of the Panoramic Lift in Palam\u00f3s - Marina Palam\u00f3s\",\"isPartOf\":{\"@id\":\"https:\\\/\\\/www.marinapalamos.com\\\/#website\"},\"primaryImageOfPage\":{\"@id\":\"https:\\\/\\\/www.marinapalamos.com\\\/en\\\/inauguration-of-the-panoramic-lift-in-palamos\\\/#primaryimage\"},\"image\":{\"@id\":\"https:\\\/\\\/www.marinapalamos.com\\\/en\\\/inauguration-of-the-panoramic-lift-in-palamos\\\/#primaryimage\"},\"thumbnailUrl\":\"https:\\\/\\\/www.marinapalamos.com\\\/wp-content\\\/uploads\\\/2025\\\/03\\\/ASCENSOR-BLOG-1.png\",\"datePublished\":\"2025-03-11T10:23:27+00:00\",\"dateModified\":\"2025-03-21T11:21:10+00:00\",\"author\":{\"@id\":\"https:\\\/\\\/www.marinapalamos.com\\\/#\\\/schema\\\/person\\\/9604bbc17d32ce2823e8ffc3e3efb0f3\"},\"description\":\"New panoramic lift in Palam\u00f3s, a key infrastructure to improve accessibility between the port and the historic centre.\",\"breadcrumb\":{\"@id\":\"https:\\\/\\\/www.marinapalamos.com\\\/en\\\/inauguration-of-the-panoramic-lift-in-palamos\\\/#breadcrumb\"},\"inLanguage\":\"en-US\",\"potentialAction\":[{\"@type\":\"ReadAction\",\"target\":[\"https:\\\/\\\/www.marinapalamos.com\\\/en\\\/inauguration-of-the-panoramic-lift-in-palamos\\\/\"]}]},{\"@type\":\"ImageObject\",\"inLanguage\":\"en-US\",\"@id\":\"https:\\\/\\\/www.marinapalamos.com\\\/en\\\/inauguration-of-the-panoramic-lift-in-palamos\\\/#primaryimage\",\"url\":\"https:\\\/\\\/www.marinapalamos.com\\\/wp-content\\\/uploads\\\/2025\\\/03\\\/ASCENSOR-BLOG-1.png\",\"contentUrl\":\"https:\\\/\\\/www.marinapalamos.com\\\/wp-content\\\/uploads\\\/2025\\\/03\\\/ASCENSOR-BLOG-1.png\",\"width\":500,\"height\":300},{\"@type\":\"BreadcrumbList\",\"@id\":\"https:\\\/\\\/www.marinapalamos.com\\\/en\\\/inauguration-of-the-panoramic-lift-in-palamos\\\/#breadcrumb\",\"itemListElement\":[{\"@type\":\"ListItem\",\"position\":1,\"name\":\"Inicio\",\"item\":\"https:\\\/\\\/www.marinapalamos.com\\\/en\\\/\"},{\"@type\":\"ListItem\",\"position\":2,\"name\":\"Inauguration of the Panoramic Lift in Palam\u00f3s\"}]},{\"@type\":\"WebSite\",\"@id\":\"https:\\\/\\\/www.marinapalamos.com\\\/#website\",\"url\":\"https:\\\/\\\/www.marinapalamos.com\\\/\",\"name\":\"Marina Palam\u00f3s\",\"description\":\"Marina Palam\u00f3s\",\"potentialAction\":[{\"@type\":\"SearchAction\",\"target\":{\"@type\":\"EntryPoint\",\"urlTemplate\":\"https:\\\/\\\/www.marinapalamos.com\\\/?s={search_term_string}\"},\"query-input\":{\"@type\":\"PropertyValueSpecification\",\"valueRequired\":true,\"valueName\":\"search_term_string\"}}],\"inLanguage\":\"en-US\"},{\"@type\":\"Person\",\"@id\":\"https:\\\/\\\/www.marinapalamos.com\\\/#\\\/schema\\\/person\\\/9604bbc17d32ce2823e8ffc3e3efb0f3\",\"name\":\"Mauricio\",\"image\":{\"@type\":\"ImageObject\",\"inLanguage\":\"en-US\",\"@id\":\"https:\\\/\\\/secure.gravatar.com\\\/avatar\\\/66f31716a14ebbbf9d76c4d8a1e5e44ee4b8992044a9034b47ebd0c89cc8c57b?s=96&d=mm&r=g\",\"url\":\"https:\\\/\\\/secure.gravatar.com\\\/avatar\\\/66f31716a14ebbbf9d76c4d8a1e5e44ee4b8992044a9034b47ebd0c89cc8c57b?s=96&d=mm&r=g\",\"contentUrl\":\"https:\\\/\\\/secure.gravatar.com\\\/avatar\\\/66f31716a14ebbbf9d76c4d8a1e5e44ee4b8992044a9034b47ebd0c89cc8c57b?s=96&d=mm&r=g\",\"caption\":\"Mauricio\"},\"url\":\"https:\\\/\\\/www.marinapalamos.com\\\/en\\\/author\\\/mauricio\\\/\"}]}<\/script>\n<!-- \/ Yoast SEO plugin. -->","yoast_head_json":{"title":"Inauguration of the Panoramic Lift in Palam\u00f3s - Marina Palam\u00f3s","description":"New panoramic lift in Palam\u00f3s, a key infrastructure to improve accessibility between the port and the historic centre.","robots":{"index":"index","follow":"follow","max-snippet":"max-snippet:-1","max-image-preview":"max-image-preview:large","max-video-preview":"max-video-preview:-1"},"canonical":"https:\/\/www.marinapalamos.com\/en\/inauguration-of-the-panoramic-lift-in-palamos\/","og_locale":"en_US","og_type":"article","og_title":"Inauguration of the Panoramic Lift in Palam\u00f3s - Marina Palam\u00f3s","og_description":"New panoramic lift in Palam\u00f3s, a key infrastructure to improve accessibility between the port and the historic centre.","og_url":"https:\/\/www.marinapalamos.com\/en\/inauguration-of-the-panoramic-lift-in-palamos\/","og_site_name":"Marina Palam\u00f3s","article_published_time":"2025-03-11T10:23:27+00:00","article_modified_time":"2025-03-21T11:21:10+00:00","og_image":[{"width":500,"height":300,"url":"https:\/\/www.marinapalamos.com\/wp-content\/uploads\/2025\/03\/ASCENSOR-BLOG-1.png","type":"image\/png"}],"author":"Mauricio","twitter_card":"summary_large_image","twitter_misc":{"Written by":"Mauricio","Est. reading time":"3 minutes"},"schema":{"@context":"https:\/\/schema.org","@graph":[{"@type":"Article","@id":"https:\/\/www.marinapalamos.com\/en\/inauguration-of-the-panoramic-lift-in-palamos\/#article","isPartOf":{"@id":"https:\/\/www.marinapalamos.com\/en\/inauguration-of-the-panoramic-lift-in-palamos\/"},"author":{"name":"Mauricio","@id":"https:\/\/www.marinapalamos.com\/#\/schema\/person\/9604bbc17d32ce2823e8ffc3e3efb0f3"},"headline":"Inauguration of the Panoramic Lift in Palam\u00f3s","datePublished":"2025-03-11T10:23:27+00:00","dateModified":"2025-03-21T11:21:10+00:00","mainEntityOfPage":{"@id":"https:\/\/www.marinapalamos.com\/en\/inauguration-of-the-panoramic-lift-in-palamos\/"},"wordCount":924,"commentCount":0,"image":{"@id":"https:\/\/www.marinapalamos.com\/en\/inauguration-of-the-panoramic-lift-in-palamos\/#primaryimage"},"thumbnailUrl":"https:\/\/www.marinapalamos.com\/wp-content\/uploads\/2025\/03\/ASCENSOR-BLOG-1.png","articleSection":["Blog"],"inLanguage":"en-US","potentialAction":[{"@type":"CommentAction","name":"Comment","target":["https:\/\/www.marinapalamos.com\/en\/inauguration-of-the-panoramic-lift-in-palamos\/#respond"]}]},{"@type":"WebPage","@id":"https:\/\/www.marinapalamos.com\/en\/inauguration-of-the-panoramic-lift-in-palamos\/","url":"https:\/\/www.marinapalamos.com\/en\/inauguration-of-the-panoramic-lift-in-palamos\/","name":"Inauguration of the Panoramic Lift in Palam\u00f3s - Marina Palam\u00f3s","isPartOf":{"@id":"https:\/\/www.marinapalamos.com\/#website"},"primaryImageOfPage":{"@id":"https:\/\/www.marinapalamos.com\/en\/inauguration-of-the-panoramic-lift-in-palamos\/#primaryimage"},"image":{"@id":"https:\/\/www.marinapalamos.com\/en\/inauguration-of-the-panoramic-lift-in-palamos\/#primaryimage"},"thumbnailUrl":"https:\/\/www.marinapalamos.com\/wp-content\/uploads\/2025\/03\/ASCENSOR-BLOG-1.png","datePublished":"2025-03-11T10:23:27+00:00","dateModified":"2025-03-21T11:21:10+00:00","author":{"@id":"https:\/\/www.marinapalamos.com\/#\/schema\/person\/9604bbc17d32ce2823e8ffc3e3efb0f3"},"description":"New panoramic lift in Palam\u00f3s, a key infrastructure to improve accessibility between the port and the historic centre.","breadcrumb":{"@id":"https:\/\/www.marinapalamos.com\/en\/inauguration-of-the-panoramic-lift-in-palamos\/#breadcrumb"},"inLanguage":"en-US","potentialAction":[{"@type":"ReadAction","target":["https:\/\/www.marinapalamos.com\/en\/inauguration-of-the-panoramic-lift-in-palamos\/"]}]},{"@type":"ImageObject","inLanguage":"en-US","@id":"https:\/\/www.marinapalamos.com\/en\/inauguration-of-the-panoramic-lift-in-palamos\/#primaryimage","url":"https:\/\/www.marinapalamos.com\/wp-content\/uploads\/2025\/03\/ASCENSOR-BLOG-1.png","contentUrl":"https:\/\/www.marinapalamos.com\/wp-content\/uploads\/2025\/03\/ASCENSOR-BLOG-1.png","width":500,"height":300},{"@type":"BreadcrumbList","@id":"https:\/\/www.marinapalamos.com\/en\/inauguration-of-the-panoramic-lift-in-palamos\/#breadcrumb","itemListElement":[{"@type":"ListItem","position":1,"name":"Inicio","item":"https:\/\/www.marinapalamos.com\/en\/"},{"@type":"ListItem","position":2,"name":"Inauguration of the Panoramic Lift in Palam\u00f3s"}]},{"@type":"WebSite","@id":"https:\/\/www.marinapalamos.com\/#website","url":"https:\/\/www.marinapalamos.com\/","name":"Marina Palam\u00f3s","description":"Marina Palam\u00f3s","potentialAction":[{"@type":"SearchAction","target":{"@type":"EntryPoint","urlTemplate":"https:\/\/www.marinapalamos.com\/?s={search_term_string}"},"query-input":{"@type":"PropertyValueSpecification","valueRequired":true,"valueName":"search_term_string"}}],"inLanguage":"en-US"},{"@type":"Person","@id":"https:\/\/www.marinapalamos.com\/#\/schema\/person\/9604bbc17d32ce2823e8ffc3e3efb0f3","name":"Mauricio","image":{"@type":"ImageObject","inLanguage":"en-US","@id":"https:\/\/secure.gravatar.com\/avatar\/66f31716a14ebbbf9d76c4d8a1e5e44ee4b8992044a9034b47ebd0c89cc8c57b?s=96&d=mm&r=g","url":"https:\/\/secure.gravatar.com\/avatar\/66f31716a14ebbbf9d76c4d8a1e5e44ee4b8992044a9034b47ebd0c89cc8c57b?s=96&d=mm&r=g","contentUrl":"https:\/\/secure.gravatar.com\/avatar\/66f31716a14ebbbf9d76c4d8a1e5e44ee4b8992044a9034b47ebd0c89cc8c57b?s=96&d=mm&r=g","caption":"Mauricio"},"url":"https:\/\/www.marinapalamos.com\/en\/author\/mauricio\/"}]}},"_links":{"self":[{"href":"https:\/\/www.marinapalamos.com\/en\/wp-json\/wp\/v2\/posts\/6975","targetHints":{"allow":["GET"]}}],"collection":[{"href":"https:\/\/www.marinapalamos.com\/en\/wp-json\/wp\/v2\/posts"}],"about":[{"href":"https:\/\/www.marinapalamos.com\/en\/wp-json\/wp\/v2\/types\/post"}],"author":[{"embeddable":true,"href":"https:\/\/www.marinapalamos.com\/en\/wp-json\/wp\/v2\/users\/5"}],"replies":[{"embeddable":true,"href":"https:\/\/www.marinapalamos.com\/en\/wp-json\/wp\/v2\/comments?post=6975"}],"version-history":[{"count":3,"href":"https:\/\/www.marinapalamos.com\/en\/wp-json\/wp\/v2\/posts\/6975\/revisions"}],"predecessor-version":[{"id":7073,"href":"https:\/\/www.marinapalamos.com\/en\/wp-json\/wp\/v2\/posts\/6975\/revisions\/7073"}],"wp:featuredmedia":[{"embeddable":true,"href":"https:\/\/www.marinapalamos.com\/en\/wp-json\/wp\/v2\/media\/6978"}],"wp:attachment":[{"href":"https:\/\/www.marinapalamos.com\/en\/wp-json\/wp\/v2\/media?parent=6975"}],"wp:term":[{"taxonomy":"category","embeddable":true,"href":"https:\/\/www.marinapalamos.com\/en\/wp-json\/wp\/v2\/categories?post=6975"},{"taxonomy":"post_tag","embeddable":true,"href":"https:\/\/www.marinapalamos.com\/en\/wp-json\/wp\/v2\/tags?post=6975"}],"curies":[{"name":"wp","href":"https:\/\/api.w.org\/{rel}","templated":true}]}}