{"id":7090,"date":"2025-03-25T16:50:41","date_gmt":"2025-03-25T16:50:41","guid":{"rendered":"https:\/\/www.marinapalamos.com\/?p=7090"},"modified":"2025-03-25T16:51:00","modified_gmt":"2025-03-25T16:51:00","slug":"regata-interclubs-costa-brava-2025-an-unforgettable-edition-of-sailing-and-sportsmanship-%e2%9b%b5%f0%9f%8c%8a","status":"publish","type":"post","link":"https:\/\/www.marinapalamos.com\/en\/regata-interclubs-costa-brava-2025-an-unforgettable-edition-of-sailing-and-sportsmanship-%e2%9b%b5%f0%9f%8c%8a\/","title":{"rendered":"Regata Interclubs Costa Brava 2025: An unforgettable edition of sailing and sportsmanship! \u26f5\ud83c\udf0a"},"content":{"rendered":"<div class=\"fusion-fullwidth fullwidth-box fusion-builder-row-1 fusion-flex-container nonhundred-percent-fullwidth non-hundred-percent-height-scrolling\" style=\"--awb-border-radius-top-left:0px;--awb-border-radius-top-right:0px;--awb-border-radius-bottom-right:0px;--awb-border-radius-bottom-left:0px;--awb-flex-wrap:wrap;\" ><div class=\"fusion-builder-row fusion-row fusion-flex-align-items-flex-start fusion-flex-content-wrap\" style=\"max-width:1300px;margin-left: calc(-4% \/ 2 );margin-right: calc(-4% \/ 2 );\"><div class=\"fusion-layout-column fusion_builder_column fusion-builder-column-0 fusion_builder_column_1_1 1_1 fusion-flex-column\" style=\"--awb-bg-size:cover;--awb-width-large:100%;--awb-margin-top-large:0px;--awb-spacing-right-large:1.92%;--awb-margin-bottom-large:20px;--awb-spacing-left-large:1.92%;--awb-width-medium:100%;--awb-order-medium:0;--awb-spacing-right-medium:1.92%;--awb-spacing-left-medium:1.92%;--awb-width-small:100%;--awb-order-small:0;--awb-spacing-right-small:1.92%;--awb-spacing-left-small:1.92%;\"><div class=\"fusion-column-wrapper fusion-column-has-shadow fusion-flex-justify-content-flex-start fusion-content-layout-column\"><div class=\"fusion-text fusion-text-1\" style=\"--awb-text-transform:none;\"><p data-pm-slice=\"1 1 &#091;&#093;\">Lectura: 2 min<\/p>\n<p class=\"\" data-start=\"2434\" data-end=\"2776\">The <strong data-start=\"2438\" data-end=\"2476\">Regata Interclubs Costa Brava 2025<\/strong> has come to an end, leaving us with great moments of competition, effort, and passion for sailing. This edition brought together sailors from all over for one of the most anticipated events of the nautical calendar, further establishing itself as a key competition for sea and sailing enthusiasts.<\/p>\n<h4 class=\"\" data-start=\"2778\" data-end=\"2840\"><strong data-start=\"2783\" data-end=\"2838\">A regatta that unites sport and passion for the sea<\/strong><\/h4>\n<p class=\"\" data-start=\"2842\" data-end=\"3128\">Over several days, the boats sailed through different stretches of the Costa Brava, testing their skills in varied wind and sea conditions. The crystal-clear waters and stunning landscapes of this area provided the backdrop for a regatta full of excitement, strategy, and camaraderie.<\/p>\n<p class=\"\" data-start=\"3130\" data-end=\"3448\">At <strong data-start=\"3133\" data-end=\"3151\">Marina Palam\u00f3s<\/strong>, we had the privilege of being part of this great event, supporting the participants and experiencing the intensity of each race up close. The regatta was not just a competition, but also an opportunity to share experiences, improve techniques, and, above all, enjoy sailing at its purest form.<\/p>\n<p data-start=\"770\" data-end=\"1012\"><img decoding=\"async\" class=\" wp-image-7094 aligncenter\" src=\"https:\/\/www.marinapalamos.com\/wp-content\/uploads\/2025\/03\/REGATA-INTERCLUBS-IMAGEN-BLOG-1024x614.png\" alt=\"\" width=\"634\" height=\"380\" srcset=\"https:\/\/www.marinapalamos.com\/wp-content\/uploads\/2025\/03\/REGATA-INTERCLUBS-IMAGEN-BLOG-200x120.png 200w, https:\/\/www.marinapalamos.com\/wp-content\/uploads\/2025\/03\/REGATA-INTERCLUBS-IMAGEN-BLOG-300x180.png 300w, https:\/\/www.marinapalamos.com\/wp-content\/uploads\/2025\/03\/REGATA-INTERCLUBS-IMAGEN-BLOG-400x240.png 400w, https:\/\/www.marinapalamos.com\/wp-content\/uploads\/2025\/03\/REGATA-INTERCLUBS-IMAGEN-BLOG-600x360.png 600w, https:\/\/www.marinapalamos.com\/wp-content\/uploads\/2025\/03\/REGATA-INTERCLUBS-IMAGEN-BLOG-768x461.png 768w, https:\/\/www.marinapalamos.com\/wp-content\/uploads\/2025\/03\/REGATA-INTERCLUBS-IMAGEN-BLOG-800x480.png 800w, https:\/\/www.marinapalamos.com\/wp-content\/uploads\/2025\/03\/REGATA-INTERCLUBS-IMAGEN-BLOG-1024x614.png 1024w, https:\/\/www.marinapalamos.com\/wp-content\/uploads\/2025\/03\/REGATA-INTERCLUBS-IMAGEN-BLOG-1200x720.png 1200w, https:\/\/www.marinapalamos.com\/wp-content\/uploads\/2025\/03\/REGATA-INTERCLUBS-IMAGEN-BLOG.png 1500w\" sizes=\"(max-width: 634px) 100vw, 634px\" \/><\/p>\n<p class=\"\" data-start=\"3489\" data-end=\"3759\">Each stage of the regatta put the crews&#8217; skills to the test, with changing weather conditions making the competition even more thrilling. The ability to read the wind, make the best tactical decisions, and coordinate on board was crucial to achieving the best results.<\/p>\n<p class=\"\" data-start=\"3761\" data-end=\"4003\">Congratulations to all the participants for their dedication and, especially, to the winners of this edition! Their effort and commitment made this a top-level competition, once again demonstrating the high quality of sailing in our region.<\/p>\n<h4 class=\"\" data-start=\"4005\" data-end=\"4058\"><strong data-start=\"4010\" data-end=\"4056\">Thanks to everyone for making it possible!<\/strong><\/h4>\n<p class=\"\" data-start=\"4060\" data-end=\"4348\">We want to thank the organizers, the participating clubs, and all the collaborators who made this great regatta possible. Without a doubt, it has been an unforgettable experience that reaffirms the importance of sailing along our coast and leaves us looking forward to the next edition.<\/p>\n<p class=\"\" data-start=\"4350\" data-end=\"4495\">At <strong data-start=\"4353\" data-end=\"4371\">Marina Palam\u00f3s<\/strong>, we will continue to support events like this that promote sailing and respect for the sea. See you at the next regatta! \u2693\u2728<\/p>\n<\/div><\/div><\/div><div class=\"fusion-layout-column fusion_builder_column fusion-builder-column-1 fusion_builder_column_1_1 1_1 fusion-flex-column\" style=\"--awb-bg-size:cover;--awb-width-large:100%;--awb-margin-top-large:0px;--awb-spacing-right-large:1.92%;--awb-margin-bottom-large:20px;--awb-spacing-left-large:1.92%;--awb-width-medium:100%;--awb-order-medium:0;--awb-spacing-right-medium:1.92%;--awb-spacing-left-medium:1.92%;--awb-width-small:100%;--awb-order-small:0;--awb-spacing-right-small:1.92%;--awb-spacing-left-small:1.92%;\"><div class=\"fusion-column-wrapper fusion-column-has-shadow fusion-flex-justify-content-flex-start fusion-content-layout-column\"><\/div><\/div><\/div><\/div>\n","protected":false},"excerpt":{"rendered":"","protected":false},"author":5,"featured_media":7093,"comment_status":"open","ping_status":"closed","sticky":false,"template":"","format":"standard","meta":{"_acf_changed":false,"footnotes":""},"categories":[70],"tags":[],"class_list":["post-7090","post","type-post","status-publish","format-standard","has-post-thumbnail","hentry","category-blog-en"],"acf":[],"yoast_head":"<!-- This site is optimized with the Yoast SEO plugin v27.5 - https:\/\/yoast.com\/product\/yoast-seo-wordpress\/ -->\n<title>Regata Interclubs Costa Brava 2025: An unforgettable edition of sailing and sportsmanship! \u26f5\ud83c\udf0a - Marina Palam\u00f3s<\/title>\n<meta name=\"description\" content=\"La Regata Interclubs Costa Brava 2025 ha llegado a su fin, dej\u00e1ndonos grandes momentos de competici\u00f3n, esfuerzo y pasi\u00f3n por la vela.\" \/>\n<meta name=\"robots\" content=\"index, follow, max-snippet:-1, max-image-preview:large, max-video-preview:-1\" \/>\n<link rel=\"canonical\" href=\"https:\/\/www.marinapalamos.com\/regata-interclubs-costa-brava-2025-una-edicion-inolvidable-de-vela-y-deportividad-\u26f5\ud83c\udf0a\/\" \/>\n<meta property=\"og:locale\" content=\"en_US\" \/>\n<meta property=\"og:type\" content=\"article\" \/>\n<meta property=\"og:title\" content=\"Regata Interclubs Costa Brava 2025: An unforgettable edition of sailing and sportsmanship! \u26f5\ud83c\udf0a - Marina Palam\u00f3s\" \/>\n<meta property=\"og:description\" content=\"La Regata Interclubs Costa Brava 2025 ha llegado a su fin, dej\u00e1ndonos grandes momentos de competici\u00f3n, esfuerzo y pasi\u00f3n por la vela.\" \/>\n<meta property=\"og:url\" content=\"https:\/\/www.marinapalamos.com\/regata-interclubs-costa-brava-2025-una-edicion-inolvidable-de-vela-y-deportividad-\u26f5\ud83c\udf0a\/\" \/>\n<meta property=\"og:site_name\" content=\"Marina Palam\u00f3s\" \/>\n<meta property=\"article:published_time\" content=\"2025-03-25T16:50:41+00:00\" \/>\n<meta property=\"article:modified_time\" content=\"2025-03-25T16:51:00+00:00\" \/>\n<meta property=\"og:image\" content=\"https:\/\/www.marinapalamos.com\/wp-content\/uploads\/2025\/03\/REGATA-INTERCLUBS-BLOG.png\" \/>\n\t<meta property=\"og:image:width\" content=\"500\" \/>\n\t<meta property=\"og:image:height\" content=\"300\" \/>\n\t<meta property=\"og:image:type\" content=\"image\/png\" \/>\n<meta name=\"author\" content=\"Mauricio\" \/>\n<meta name=\"twitter:card\" content=\"summary_large_image\" \/>\n<meta name=\"twitter:label1\" content=\"Written by\" \/>\n\t<meta name=\"twitter:data1\" content=\"Mauricio\" \/>\n\t<meta name=\"twitter:label2\" content=\"Est. reading time\" \/>\n\t<meta name=\"twitter:data2\" content=\"2 minutes\" \/>\n<script type=\"application\/ld+json\" class=\"yoast-schema-graph\">{\"@context\":\"https:\\\/\\\/schema.org\",\"@graph\":[{\"@type\":\"Article\",\"@id\":\"https:\\\/\\\/www.marinapalamos.com\\\/regata-interclubs-costa-brava-2025-una-edicion-inolvidable-de-vela-y-deportividad-%e2%9b%b5%f0%9f%8c%8a\\\/#article\",\"isPartOf\":{\"@id\":\"https:\\\/\\\/www.marinapalamos.com\\\/regata-interclubs-costa-brava-2025-una-edicion-inolvidable-de-vela-y-deportividad-%e2%9b%b5%f0%9f%8c%8a\\\/\"},\"author\":{\"name\":\"Mauricio\",\"@id\":\"https:\\\/\\\/www.marinapalamos.com\\\/#\\\/schema\\\/person\\\/9604bbc17d32ce2823e8ffc3e3efb0f3\"},\"headline\":\"Regata Interclubs Costa Brava 2025: An unforgettable edition of sailing and sportsmanship! \u26f5\ud83c\udf0a\",\"datePublished\":\"2025-03-25T16:50:41+00:00\",\"dateModified\":\"2025-03-25T16:51:00+00:00\",\"mainEntityOfPage\":{\"@id\":\"https:\\\/\\\/www.marinapalamos.com\\\/regata-interclubs-costa-brava-2025-una-edicion-inolvidable-de-vela-y-deportividad-%e2%9b%b5%f0%9f%8c%8a\\\/\"},\"wordCount\":888,\"commentCount\":0,\"image\":{\"@id\":\"https:\\\/\\\/www.marinapalamos.com\\\/regata-interclubs-costa-brava-2025-una-edicion-inolvidable-de-vela-y-deportividad-%e2%9b%b5%f0%9f%8c%8a\\\/#primaryimage\"},\"thumbnailUrl\":\"https:\\\/\\\/www.marinapalamos.com\\\/wp-content\\\/uploads\\\/2025\\\/03\\\/REGATA-INTERCLUBS-BLOG.png\",\"articleSection\":[\"Blog\"],\"inLanguage\":\"en-US\",\"potentialAction\":[{\"@type\":\"CommentAction\",\"name\":\"Comment\",\"target\":[\"https:\\\/\\\/www.marinapalamos.com\\\/regata-interclubs-costa-brava-2025-una-edicion-inolvidable-de-vela-y-deportividad-%e2%9b%b5%f0%9f%8c%8a\\\/#respond\"]}]},{\"@type\":\"WebPage\",\"@id\":\"https:\\\/\\\/www.marinapalamos.com\\\/regata-interclubs-costa-brava-2025-una-edicion-inolvidable-de-vela-y-deportividad-%e2%9b%b5%f0%9f%8c%8a\\\/\",\"url\":\"https:\\\/\\\/www.marinapalamos.com\\\/regata-interclubs-costa-brava-2025-una-edicion-inolvidable-de-vela-y-deportividad-%e2%9b%b5%f0%9f%8c%8a\\\/\",\"name\":\"Regata Interclubs Costa Brava 2025: An unforgettable edition of sailing and sportsmanship! \u26f5\ud83c\udf0a - Marina Palam\u00f3s\",\"isPartOf\":{\"@id\":\"https:\\\/\\\/www.marinapalamos.com\\\/#website\"},\"primaryImageOfPage\":{\"@id\":\"https:\\\/\\\/www.marinapalamos.com\\\/regata-interclubs-costa-brava-2025-una-edicion-inolvidable-de-vela-y-deportividad-%e2%9b%b5%f0%9f%8c%8a\\\/#primaryimage\"},\"image\":{\"@id\":\"https:\\\/\\\/www.marinapalamos.com\\\/regata-interclubs-costa-brava-2025-una-edicion-inolvidable-de-vela-y-deportividad-%e2%9b%b5%f0%9f%8c%8a\\\/#primaryimage\"},\"thumbnailUrl\":\"https:\\\/\\\/www.marinapalamos.com\\\/wp-content\\\/uploads\\\/2025\\\/03\\\/REGATA-INTERCLUBS-BLOG.png\",\"datePublished\":\"2025-03-25T16:50:41+00:00\",\"dateModified\":\"2025-03-25T16:51:00+00:00\",\"author\":{\"@id\":\"https:\\\/\\\/www.marinapalamos.com\\\/#\\\/schema\\\/person\\\/9604bbc17d32ce2823e8ffc3e3efb0f3\"},\"description\":\"La Regata Interclubs Costa Brava 2025 ha llegado a su fin, dej\u00e1ndonos grandes momentos de competici\u00f3n, esfuerzo y pasi\u00f3n por la vela.\",\"breadcrumb\":{\"@id\":\"https:\\\/\\\/www.marinapalamos.com\\\/regata-interclubs-costa-brava-2025-una-edicion-inolvidable-de-vela-y-deportividad-%e2%9b%b5%f0%9f%8c%8a\\\/#breadcrumb\"},\"inLanguage\":\"en-US\",\"potentialAction\":[{\"@type\":\"ReadAction\",\"target\":[\"https:\\\/\\\/www.marinapalamos.com\\\/regata-interclubs-costa-brava-2025-una-edicion-inolvidable-de-vela-y-deportividad-%e2%9b%b5%f0%9f%8c%8a\\\/\"]}]},{\"@type\":\"ImageObject\",\"inLanguage\":\"en-US\",\"@id\":\"https:\\\/\\\/www.marinapalamos.com\\\/regata-interclubs-costa-brava-2025-una-edicion-inolvidable-de-vela-y-deportividad-%e2%9b%b5%f0%9f%8c%8a\\\/#primaryimage\",\"url\":\"https:\\\/\\\/www.marinapalamos.com\\\/wp-content\\\/uploads\\\/2025\\\/03\\\/REGATA-INTERCLUBS-BLOG.png\",\"contentUrl\":\"https:\\\/\\\/www.marinapalamos.com\\\/wp-content\\\/uploads\\\/2025\\\/03\\\/REGATA-INTERCLUBS-BLOG.png\",\"width\":500,\"height\":300},{\"@type\":\"BreadcrumbList\",\"@id\":\"https:\\\/\\\/www.marinapalamos.com\\\/regata-interclubs-costa-brava-2025-una-edicion-inolvidable-de-vela-y-deportividad-%e2%9b%b5%f0%9f%8c%8a\\\/#breadcrumb\",\"itemListElement\":[{\"@type\":\"ListItem\",\"position\":1,\"name\":\"Inicio\",\"item\":\"https:\\\/\\\/www.marinapalamos.com\\\/en\\\/\"},{\"@type\":\"ListItem\",\"position\":2,\"name\":\"Regata Interclubs Costa Brava 2025: An unforgettable edition of sailing and sportsmanship! \u26f5\ud83c\udf0a\"}]},{\"@type\":\"WebSite\",\"@id\":\"https:\\\/\\\/www.marinapalamos.com\\\/#website\",\"url\":\"https:\\\/\\\/www.marinapalamos.com\\\/\",\"name\":\"Marina Palam\u00f3s\",\"description\":\"Marina Palam\u00f3s\",\"potentialAction\":[{\"@type\":\"SearchAction\",\"target\":{\"@type\":\"EntryPoint\",\"urlTemplate\":\"https:\\\/\\\/www.marinapalamos.com\\\/?s={search_term_string}\"},\"query-input\":{\"@type\":\"PropertyValueSpecification\",\"valueRequired\":true,\"valueName\":\"search_term_string\"}}],\"inLanguage\":\"en-US\"},{\"@type\":\"Person\",\"@id\":\"https:\\\/\\\/www.marinapalamos.com\\\/#\\\/schema\\\/person\\\/9604bbc17d32ce2823e8ffc3e3efb0f3\",\"name\":\"Mauricio\",\"image\":{\"@type\":\"ImageObject\",\"inLanguage\":\"en-US\",\"@id\":\"https:\\\/\\\/secure.gravatar.com\\\/avatar\\\/66f31716a14ebbbf9d76c4d8a1e5e44ee4b8992044a9034b47ebd0c89cc8c57b?s=96&d=mm&r=g\",\"url\":\"https:\\\/\\\/secure.gravatar.com\\\/avatar\\\/66f31716a14ebbbf9d76c4d8a1e5e44ee4b8992044a9034b47ebd0c89cc8c57b?s=96&d=mm&r=g\",\"contentUrl\":\"https:\\\/\\\/secure.gravatar.com\\\/avatar\\\/66f31716a14ebbbf9d76c4d8a1e5e44ee4b8992044a9034b47ebd0c89cc8c57b?s=96&d=mm&r=g\",\"caption\":\"Mauricio\"},\"url\":\"https:\\\/\\\/www.marinapalamos.com\\\/en\\\/author\\\/mauricio\\\/\"}]}<\/script>\n<!-- \/ Yoast SEO plugin. -->","yoast_head_json":{"title":"Regata Interclubs Costa Brava 2025: An unforgettable edition of sailing and sportsmanship! \u26f5\ud83c\udf0a - Marina Palam\u00f3s","description":"La Regata Interclubs Costa Brava 2025 ha llegado a su fin, dej\u00e1ndonos grandes momentos de competici\u00f3n, esfuerzo y pasi\u00f3n por la vela.","robots":{"index":"index","follow":"follow","max-snippet":"max-snippet:-1","max-image-preview":"max-image-preview:large","max-video-preview":"max-video-preview:-1"},"canonical":"https:\/\/www.marinapalamos.com\/regata-interclubs-costa-brava-2025-una-edicion-inolvidable-de-vela-y-deportividad-\u26f5\ud83c\udf0a\/","og_locale":"en_US","og_type":"article","og_title":"Regata Interclubs Costa Brava 2025: An unforgettable edition of sailing and sportsmanship! \u26f5\ud83c\udf0a - Marina Palam\u00f3s","og_description":"La Regata Interclubs Costa Brava 2025 ha llegado a su fin, dej\u00e1ndonos grandes momentos de competici\u00f3n, esfuerzo y pasi\u00f3n por la vela.","og_url":"https:\/\/www.marinapalamos.com\/regata-interclubs-costa-brava-2025-una-edicion-inolvidable-de-vela-y-deportividad-\u26f5\ud83c\udf0a\/","og_site_name":"Marina Palam\u00f3s","article_published_time":"2025-03-25T16:50:41+00:00","article_modified_time":"2025-03-25T16:51:00+00:00","og_image":[{"width":500,"height":300,"url":"https:\/\/www.marinapalamos.com\/wp-content\/uploads\/2025\/03\/REGATA-INTERCLUBS-BLOG.png","type":"image\/png"}],"author":"Mauricio","twitter_card":"summary_large_image","twitter_misc":{"Written by":"Mauricio","Est. reading time":"2 minutes"},"schema":{"@context":"https:\/\/schema.org","@graph":[{"@type":"Article","@id":"https:\/\/www.marinapalamos.com\/regata-interclubs-costa-brava-2025-una-edicion-inolvidable-de-vela-y-deportividad-%e2%9b%b5%f0%9f%8c%8a\/#article","isPartOf":{"@id":"https:\/\/www.marinapalamos.com\/regata-interclubs-costa-brava-2025-una-edicion-inolvidable-de-vela-y-deportividad-%e2%9b%b5%f0%9f%8c%8a\/"},"author":{"name":"Mauricio","@id":"https:\/\/www.marinapalamos.com\/#\/schema\/person\/9604bbc17d32ce2823e8ffc3e3efb0f3"},"headline":"Regata Interclubs Costa Brava 2025: An unforgettable edition of sailing and sportsmanship! \u26f5\ud83c\udf0a","datePublished":"2025-03-25T16:50:41+00:00","dateModified":"2025-03-25T16:51:00+00:00","mainEntityOfPage":{"@id":"https:\/\/www.marinapalamos.com\/regata-interclubs-costa-brava-2025-una-edicion-inolvidable-de-vela-y-deportividad-%e2%9b%b5%f0%9f%8c%8a\/"},"wordCount":888,"commentCount":0,"image":{"@id":"https:\/\/www.marinapalamos.com\/regata-interclubs-costa-brava-2025-una-edicion-inolvidable-de-vela-y-deportividad-%e2%9b%b5%f0%9f%8c%8a\/#primaryimage"},"thumbnailUrl":"https:\/\/www.marinapalamos.com\/wp-content\/uploads\/2025\/03\/REGATA-INTERCLUBS-BLOG.png","articleSection":["Blog"],"inLanguage":"en-US","potentialAction":[{"@type":"CommentAction","name":"Comment","target":["https:\/\/www.marinapalamos.com\/regata-interclubs-costa-brava-2025-una-edicion-inolvidable-de-vela-y-deportividad-%e2%9b%b5%f0%9f%8c%8a\/#respond"]}]},{"@type":"WebPage","@id":"https:\/\/www.marinapalamos.com\/regata-interclubs-costa-brava-2025-una-edicion-inolvidable-de-vela-y-deportividad-%e2%9b%b5%f0%9f%8c%8a\/","url":"https:\/\/www.marinapalamos.com\/regata-interclubs-costa-brava-2025-una-edicion-inolvidable-de-vela-y-deportividad-%e2%9b%b5%f0%9f%8c%8a\/","name":"Regata Interclubs Costa Brava 2025: An unforgettable edition of sailing and sportsmanship! \u26f5\ud83c\udf0a - Marina Palam\u00f3s","isPartOf":{"@id":"https:\/\/www.marinapalamos.com\/#website"},"primaryImageOfPage":{"@id":"https:\/\/www.marinapalamos.com\/regata-interclubs-costa-brava-2025-una-edicion-inolvidable-de-vela-y-deportividad-%e2%9b%b5%f0%9f%8c%8a\/#primaryimage"},"image":{"@id":"https:\/\/www.marinapalamos.com\/regata-interclubs-costa-brava-2025-una-edicion-inolvidable-de-vela-y-deportividad-%e2%9b%b5%f0%9f%8c%8a\/#primaryimage"},"thumbnailUrl":"https:\/\/www.marinapalamos.com\/wp-content\/uploads\/2025\/03\/REGATA-INTERCLUBS-BLOG.png","datePublished":"2025-03-25T16:50:41+00:00","dateModified":"2025-03-25T16:51:00+00:00","author":{"@id":"https:\/\/www.marinapalamos.com\/#\/schema\/person\/9604bbc17d32ce2823e8ffc3e3efb0f3"},"description":"La Regata Interclubs Costa Brava 2025 ha llegado a su fin, dej\u00e1ndonos grandes momentos de competici\u00f3n, esfuerzo y pasi\u00f3n por la vela.","breadcrumb":{"@id":"https:\/\/www.marinapalamos.com\/regata-interclubs-costa-brava-2025-una-edicion-inolvidable-de-vela-y-deportividad-%e2%9b%b5%f0%9f%8c%8a\/#breadcrumb"},"inLanguage":"en-US","potentialAction":[{"@type":"ReadAction","target":["https:\/\/www.marinapalamos.com\/regata-interclubs-costa-brava-2025-una-edicion-inolvidable-de-vela-y-deportividad-%e2%9b%b5%f0%9f%8c%8a\/"]}]},{"@type":"ImageObject","inLanguage":"en-US","@id":"https:\/\/www.marinapalamos.com\/regata-interclubs-costa-brava-2025-una-edicion-inolvidable-de-vela-y-deportividad-%e2%9b%b5%f0%9f%8c%8a\/#primaryimage","url":"https:\/\/www.marinapalamos.com\/wp-content\/uploads\/2025\/03\/REGATA-INTERCLUBS-BLOG.png","contentUrl":"https:\/\/www.marinapalamos.com\/wp-content\/uploads\/2025\/03\/REGATA-INTERCLUBS-BLOG.png","width":500,"height":300},{"@type":"BreadcrumbList","@id":"https:\/\/www.marinapalamos.com\/regata-interclubs-costa-brava-2025-una-edicion-inolvidable-de-vela-y-deportividad-%e2%9b%b5%f0%9f%8c%8a\/#breadcrumb","itemListElement":[{"@type":"ListItem","position":1,"name":"Inicio","item":"https:\/\/www.marinapalamos.com\/en\/"},{"@type":"ListItem","position":2,"name":"Regata Interclubs Costa Brava 2025: An unforgettable edition of sailing and sportsmanship! \u26f5\ud83c\udf0a"}]},{"@type":"WebSite","@id":"https:\/\/www.marinapalamos.com\/#website","url":"https:\/\/www.marinapalamos.com\/","name":"Marina Palam\u00f3s","description":"Marina Palam\u00f3s","potentialAction":[{"@type":"SearchAction","target":{"@type":"EntryPoint","urlTemplate":"https:\/\/www.marinapalamos.com\/?s={search_term_string}"},"query-input":{"@type":"PropertyValueSpecification","valueRequired":true,"valueName":"search_term_string"}}],"inLanguage":"en-US"},{"@type":"Person","@id":"https:\/\/www.marinapalamos.com\/#\/schema\/person\/9604bbc17d32ce2823e8ffc3e3efb0f3","name":"Mauricio","image":{"@type":"ImageObject","inLanguage":"en-US","@id":"https:\/\/secure.gravatar.com\/avatar\/66f31716a14ebbbf9d76c4d8a1e5e44ee4b8992044a9034b47ebd0c89cc8c57b?s=96&d=mm&r=g","url":"https:\/\/secure.gravatar.com\/avatar\/66f31716a14ebbbf9d76c4d8a1e5e44ee4b8992044a9034b47ebd0c89cc8c57b?s=96&d=mm&r=g","contentUrl":"https:\/\/secure.gravatar.com\/avatar\/66f31716a14ebbbf9d76c4d8a1e5e44ee4b8992044a9034b47ebd0c89cc8c57b?s=96&d=mm&r=g","caption":"Mauricio"},"url":"https:\/\/www.marinapalamos.com\/en\/author\/mauricio\/"}]}},"_links":{"self":[{"href":"https:\/\/www.marinapalamos.com\/en\/wp-json\/wp\/v2\/posts\/7090","targetHints":{"allow":["GET"]}}],"collection":[{"href":"https:\/\/www.marinapalamos.com\/en\/wp-json\/wp\/v2\/posts"}],"about":[{"href":"https:\/\/www.marinapalamos.com\/en\/wp-json\/wp\/v2\/types\/post"}],"author":[{"embeddable":true,"href":"https:\/\/www.marinapalamos.com\/en\/wp-json\/wp\/v2\/users\/5"}],"replies":[{"embeddable":true,"href":"https:\/\/www.marinapalamos.com\/en\/wp-json\/wp\/v2\/comments?post=7090"}],"version-history":[{"count":3,"href":"https:\/\/www.marinapalamos.com\/en\/wp-json\/wp\/v2\/posts\/7090\/revisions"}],"predecessor-version":[{"id":7104,"href":"https:\/\/www.marinapalamos.com\/en\/wp-json\/wp\/v2\/posts\/7090\/revisions\/7104"}],"wp:featuredmedia":[{"embeddable":true,"href":"https:\/\/www.marinapalamos.com\/en\/wp-json\/wp\/v2\/media\/7093"}],"wp:attachment":[{"href":"https:\/\/www.marinapalamos.com\/en\/wp-json\/wp\/v2\/media?parent=7090"}],"wp:term":[{"taxonomy":"category","embeddable":true,"href":"https:\/\/www.marinapalamos.com\/en\/wp-json\/wp\/v2\/categories?post=7090"},{"taxonomy":"post_tag","embeddable":true,"href":"https:\/\/www.marinapalamos.com\/en\/wp-json\/wp\/v2\/tags?post=7090"}],"curies":[{"name":"wp","href":"https:\/\/api.w.org\/{rel}","templated":true}]}}