{"id":7255,"date":"2025-05-27T07:37:50","date_gmt":"2025-05-27T07:37:50","guid":{"rendered":"https:\/\/www.marinapalamos.com\/?p=7255"},"modified":"2025-05-27T07:38:08","modified_gmt":"2025-05-27T07:38:08","slug":"marina-palamos-shines-after-an-unforgettable-seabed-cleanup-day","status":"publish","type":"post","link":"https:\/\/www.marinapalamos.com\/en\/marina-palamos-shines-after-an-unforgettable-seabed-cleanup-day\/","title":{"rendered":"Marina Palam\u00f3s shines after an unforgettable seabed cleanup day"},"content":{"rendered":"<div class=\"fusion-fullwidth fullwidth-box fusion-builder-row-1 fusion-flex-container nonhundred-percent-fullwidth non-hundred-percent-height-scrolling\" style=\"--awb-border-radius-top-left:0px;--awb-border-radius-top-right:0px;--awb-border-radius-bottom-right:0px;--awb-border-radius-bottom-left:0px;--awb-flex-wrap:wrap;\" ><div class=\"fusion-builder-row fusion-row fusion-flex-align-items-flex-start fusion-flex-content-wrap\" style=\"max-width:1300px;margin-left: calc(-4% \/ 2 );margin-right: calc(-4% \/ 2 );\"><div class=\"fusion-layout-column fusion_builder_column fusion-builder-column-0 fusion_builder_column_1_1 1_1 fusion-flex-column\" style=\"--awb-bg-size:cover;--awb-width-large:100%;--awb-margin-top-large:0px;--awb-spacing-right-large:1.92%;--awb-margin-bottom-large:20px;--awb-spacing-left-large:1.92%;--awb-width-medium:100%;--awb-order-medium:0;--awb-spacing-right-medium:1.92%;--awb-spacing-left-medium:1.92%;--awb-width-small:100%;--awb-order-small:0;--awb-spacing-right-small:1.92%;--awb-spacing-left-small:1.92%;\"><div class=\"fusion-column-wrapper fusion-column-has-shadow fusion-flex-justify-content-flex-start fusion-content-layout-column\"><div class=\"fusion-text fusion-text-1\" style=\"--awb-text-transform:none;\"><p data-pm-slice=\"1 1 &#091;&#093;\">Reading: 2 min<\/p>\n<p><span style=\"font-weight: 400;\">On <\/span><b>May 17th<\/b><span style=\"font-weight: 400;\">, the <\/span><b>14th edition of the Seabed Cleanup<\/b><span style=\"font-weight: 400;\"> was held at <\/span><b>Port Marina Palam\u00f3s<\/b><span style=\"font-weight: 400;\"> and <\/span><b>Cala Morro del Vedell<\/b><span style=\"font-weight: 400;\">, once again showing our strong commitment to protecting the marine environment.<\/span><\/p>\n<p><span style=\"font-weight: 400;\">The event was organized by <\/span><b>H2O Diving Center<\/b><span style=\"font-weight: 400;\"> together with <\/span><b>OCEAN4YOU<\/b><span style=\"font-weight: 400;\">,\u00a0 this environmental initiative had our active support and also that of <\/span><b>Palam\u00f3s Town Council<\/b><span style=\"font-weight: 400;\">, and <\/span><b>Loginplast<\/b><span style=\"font-weight: 400;\">. We also want to extend special thanks to our friends from <\/span><b>Amics Illes Formigues<\/b><span style=\"font-weight: 400;\"> and <\/span><b>DIVE CENTER PALAM\u00d3S<\/b><span style=\"font-weight: 400;\"> for their active involvement and contributions.<\/span><\/p>\n<p><img decoding=\"async\" class=\" wp-image-7256 aligncenter\" src=\"https:\/\/www.marinapalamos.com\/wp-content\/uploads\/2025\/05\/NETEJA-FONS-2025-IMAGEN-BLOG-1024x614.png\" alt=\"\" width=\"796\" height=\"477\" srcset=\"https:\/\/www.marinapalamos.com\/wp-content\/uploads\/2025\/05\/NETEJA-FONS-2025-IMAGEN-BLOG-200x120.png 200w, https:\/\/www.marinapalamos.com\/wp-content\/uploads\/2025\/05\/NETEJA-FONS-2025-IMAGEN-BLOG-300x180.png 300w, https:\/\/www.marinapalamos.com\/wp-content\/uploads\/2025\/05\/NETEJA-FONS-2025-IMAGEN-BLOG-400x240.png 400w, https:\/\/www.marinapalamos.com\/wp-content\/uploads\/2025\/05\/NETEJA-FONS-2025-IMAGEN-BLOG-600x360.png 600w, https:\/\/www.marinapalamos.com\/wp-content\/uploads\/2025\/05\/NETEJA-FONS-2025-IMAGEN-BLOG-768x461.png 768w, https:\/\/www.marinapalamos.com\/wp-content\/uploads\/2025\/05\/NETEJA-FONS-2025-IMAGEN-BLOG-800x480.png 800w, https:\/\/www.marinapalamos.com\/wp-content\/uploads\/2025\/05\/NETEJA-FONS-2025-IMAGEN-BLOG-1024x614.png 1024w, https:\/\/www.marinapalamos.com\/wp-content\/uploads\/2025\/05\/NETEJA-FONS-2025-IMAGEN-BLOG-1200x720.png 1200w, https:\/\/www.marinapalamos.com\/wp-content\/uploads\/2025\/05\/NETEJA-FONS-2025-IMAGEN-BLOG.png 1500w\" sizes=\"(max-width: 796px) 100vw, 796px\" \/><\/p>\n<p><span style=\"font-weight: 400;\">Throughout the day, dozens of volunteers and divers worked together to clean the seabed, removing plastics, metals, and other debris harmful to the marine ecosystem. Thanks to their efforts, we\u2019ve once again taken a meaningful step toward preserving our coastline and raising awareness about ocean conservation.<\/span><\/p>\n<p><span style=\"font-weight: 400;\">From <\/span><b>Marina Palam\u00f3s<\/b><span style=\"font-weight: 400;\">, we sincerely thank all participants, collaborators, and organizations involved. Your enthusiasm, effort, and commitment make initiatives like this possible.<\/span><\/p>\n<p><span style=\"font-weight: 400;\">We&#8217;re already planning the next edition\u2014because taking care of the sea is a shared responsibility, and together, we make a real difference.<\/span><\/p>\n<\/div><\/div><\/div><div class=\"fusion-layout-column fusion_builder_column fusion-builder-column-1 fusion_builder_column_1_1 1_1 fusion-flex-column\" style=\"--awb-bg-size:cover;--awb-width-large:100%;--awb-margin-top-large:0px;--awb-spacing-right-large:1.92%;--awb-margin-bottom-large:20px;--awb-spacing-left-large:1.92%;--awb-width-medium:100%;--awb-order-medium:0;--awb-spacing-right-medium:1.92%;--awb-spacing-left-medium:1.92%;--awb-width-small:100%;--awb-order-small:0;--awb-spacing-right-small:1.92%;--awb-spacing-left-small:1.92%;\"><div class=\"fusion-column-wrapper fusion-column-has-shadow fusion-flex-justify-content-flex-start fusion-content-layout-column\"><\/div><\/div><\/div><\/div>\n","protected":false},"excerpt":{"rendered":"","protected":false},"author":5,"featured_media":7261,"comment_status":"open","ping_status":"closed","sticky":false,"template":"","format":"standard","meta":{"_acf_changed":false,"footnotes":""},"categories":[70],"tags":[],"class_list":["post-7255","post","type-post","status-publish","format-standard","has-post-thumbnail","hentry","category-blog-en"],"acf":[],"yoast_head":"<!-- This site is optimized with the Yoast SEO plugin v27.5 - https:\/\/yoast.com\/product\/yoast-seo-wordpress\/ -->\n<title>Marina Palam\u00f3s shines after an unforgettable seabed cleanup day - Marina Palam\u00f3s<\/title>\n<meta name=\"description\" content=\"On May 17, we held the 14th Seabed Cleanup at Marina Palam\u00f3s. We protect the seabed and promote environmental awareness.\" \/>\n<meta name=\"robots\" content=\"index, follow, max-snippet:-1, max-image-preview:large, max-video-preview:-1\" \/>\n<link rel=\"canonical\" href=\"https:\/\/www.marinapalamos.com\/marina-palamos-brilla-tras-una-jornada-de-limpieza-inolvidable\/\" \/>\n<meta property=\"og:locale\" content=\"en_US\" \/>\n<meta property=\"og:type\" content=\"article\" \/>\n<meta property=\"og:title\" content=\"Marina Palam\u00f3s shines after an unforgettable seabed cleanup day - Marina Palam\u00f3s\" \/>\n<meta property=\"og:description\" content=\"On May 17, we held the 14th Seabed Cleanup at Marina Palam\u00f3s. We protect the seabed and promote environmental awareness.\" \/>\n<meta property=\"og:url\" content=\"https:\/\/www.marinapalamos.com\/marina-palamos-brilla-tras-una-jornada-de-limpieza-inolvidable\/\" \/>\n<meta property=\"og:site_name\" content=\"Marina Palam\u00f3s\" \/>\n<meta property=\"article:published_time\" content=\"2025-05-27T07:37:50+00:00\" \/>\n<meta property=\"article:modified_time\" content=\"2025-05-27T07:38:08+00:00\" \/>\n<meta property=\"og:image\" content=\"https:\/\/www.marinapalamos.com\/wp-content\/uploads\/2025\/05\/NETEJA-FONS-2025-PORTADA.png\" \/>\n\t<meta property=\"og:image:width\" content=\"500\" \/>\n\t<meta property=\"og:image:height\" content=\"300\" \/>\n\t<meta property=\"og:image:type\" content=\"image\/png\" \/>\n<meta name=\"author\" content=\"Mauricio\" \/>\n<meta name=\"twitter:card\" content=\"summary_large_image\" \/>\n<meta name=\"twitter:label1\" content=\"Written by\" \/>\n\t<meta name=\"twitter:data1\" content=\"Mauricio\" \/>\n\t<meta name=\"twitter:label2\" content=\"Est. reading time\" \/>\n\t<meta name=\"twitter:data2\" content=\"2 minutes\" \/>\n<script type=\"application\/ld+json\" class=\"yoast-schema-graph\">{\"@context\":\"https:\\\/\\\/schema.org\",\"@graph\":[{\"@type\":\"Article\",\"@id\":\"https:\\\/\\\/www.marinapalamos.com\\\/marina-palamos-brilla-tras-una-jornada-de-limpieza-inolvidable\\\/#article\",\"isPartOf\":{\"@id\":\"https:\\\/\\\/www.marinapalamos.com\\\/marina-palamos-brilla-tras-una-jornada-de-limpieza-inolvidable\\\/\"},\"author\":{\"name\":\"Mauricio\",\"@id\":\"https:\\\/\\\/www.marinapalamos.com\\\/#\\\/schema\\\/person\\\/9604bbc17d32ce2823e8ffc3e3efb0f3\"},\"headline\":\"Marina Palam\u00f3s shines after an unforgettable seabed cleanup day\",\"datePublished\":\"2025-05-27T07:37:50+00:00\",\"dateModified\":\"2025-05-27T07:38:08+00:00\",\"mainEntityOfPage\":{\"@id\":\"https:\\\/\\\/www.marinapalamos.com\\\/marina-palamos-brilla-tras-una-jornada-de-limpieza-inolvidable\\\/\"},\"wordCount\":773,\"commentCount\":0,\"image\":{\"@id\":\"https:\\\/\\\/www.marinapalamos.com\\\/marina-palamos-brilla-tras-una-jornada-de-limpieza-inolvidable\\\/#primaryimage\"},\"thumbnailUrl\":\"https:\\\/\\\/www.marinapalamos.com\\\/wp-content\\\/uploads\\\/2025\\\/05\\\/NETEJA-FONS-2025-PORTADA.png\",\"articleSection\":[\"Blog\"],\"inLanguage\":\"en-US\",\"potentialAction\":[{\"@type\":\"CommentAction\",\"name\":\"Comment\",\"target\":[\"https:\\\/\\\/www.marinapalamos.com\\\/marina-palamos-brilla-tras-una-jornada-de-limpieza-inolvidable\\\/#respond\"]}]},{\"@type\":\"WebPage\",\"@id\":\"https:\\\/\\\/www.marinapalamos.com\\\/marina-palamos-brilla-tras-una-jornada-de-limpieza-inolvidable\\\/\",\"url\":\"https:\\\/\\\/www.marinapalamos.com\\\/marina-palamos-brilla-tras-una-jornada-de-limpieza-inolvidable\\\/\",\"name\":\"Marina Palam\u00f3s shines after an unforgettable seabed cleanup day - Marina Palam\u00f3s\",\"isPartOf\":{\"@id\":\"https:\\\/\\\/www.marinapalamos.com\\\/#website\"},\"primaryImageOfPage\":{\"@id\":\"https:\\\/\\\/www.marinapalamos.com\\\/marina-palamos-brilla-tras-una-jornada-de-limpieza-inolvidable\\\/#primaryimage\"},\"image\":{\"@id\":\"https:\\\/\\\/www.marinapalamos.com\\\/marina-palamos-brilla-tras-una-jornada-de-limpieza-inolvidable\\\/#primaryimage\"},\"thumbnailUrl\":\"https:\\\/\\\/www.marinapalamos.com\\\/wp-content\\\/uploads\\\/2025\\\/05\\\/NETEJA-FONS-2025-PORTADA.png\",\"datePublished\":\"2025-05-27T07:37:50+00:00\",\"dateModified\":\"2025-05-27T07:38:08+00:00\",\"author\":{\"@id\":\"https:\\\/\\\/www.marinapalamos.com\\\/#\\\/schema\\\/person\\\/9604bbc17d32ce2823e8ffc3e3efb0f3\"},\"description\":\"On May 17, we held the 14th Seabed Cleanup at Marina Palam\u00f3s. We protect the seabed and promote environmental awareness.\",\"breadcrumb\":{\"@id\":\"https:\\\/\\\/www.marinapalamos.com\\\/marina-palamos-brilla-tras-una-jornada-de-limpieza-inolvidable\\\/#breadcrumb\"},\"inLanguage\":\"en-US\",\"potentialAction\":[{\"@type\":\"ReadAction\",\"target\":[\"https:\\\/\\\/www.marinapalamos.com\\\/marina-palamos-brilla-tras-una-jornada-de-limpieza-inolvidable\\\/\"]}]},{\"@type\":\"ImageObject\",\"inLanguage\":\"en-US\",\"@id\":\"https:\\\/\\\/www.marinapalamos.com\\\/marina-palamos-brilla-tras-una-jornada-de-limpieza-inolvidable\\\/#primaryimage\",\"url\":\"https:\\\/\\\/www.marinapalamos.com\\\/wp-content\\\/uploads\\\/2025\\\/05\\\/NETEJA-FONS-2025-PORTADA.png\",\"contentUrl\":\"https:\\\/\\\/www.marinapalamos.com\\\/wp-content\\\/uploads\\\/2025\\\/05\\\/NETEJA-FONS-2025-PORTADA.png\",\"width\":500,\"height\":300},{\"@type\":\"BreadcrumbList\",\"@id\":\"https:\\\/\\\/www.marinapalamos.com\\\/marina-palamos-brilla-tras-una-jornada-de-limpieza-inolvidable\\\/#breadcrumb\",\"itemListElement\":[{\"@type\":\"ListItem\",\"position\":1,\"name\":\"Inicio\",\"item\":\"https:\\\/\\\/www.marinapalamos.com\\\/en\\\/\"},{\"@type\":\"ListItem\",\"position\":2,\"name\":\"Marina Palam\u00f3s shines after an unforgettable seabed cleanup day\"}]},{\"@type\":\"WebSite\",\"@id\":\"https:\\\/\\\/www.marinapalamos.com\\\/#website\",\"url\":\"https:\\\/\\\/www.marinapalamos.com\\\/\",\"name\":\"Marina Palam\u00f3s\",\"description\":\"Marina Palam\u00f3s\",\"potentialAction\":[{\"@type\":\"SearchAction\",\"target\":{\"@type\":\"EntryPoint\",\"urlTemplate\":\"https:\\\/\\\/www.marinapalamos.com\\\/?s={search_term_string}\"},\"query-input\":{\"@type\":\"PropertyValueSpecification\",\"valueRequired\":true,\"valueName\":\"search_term_string\"}}],\"inLanguage\":\"en-US\"},{\"@type\":\"Person\",\"@id\":\"https:\\\/\\\/www.marinapalamos.com\\\/#\\\/schema\\\/person\\\/9604bbc17d32ce2823e8ffc3e3efb0f3\",\"name\":\"Mauricio\",\"image\":{\"@type\":\"ImageObject\",\"inLanguage\":\"en-US\",\"@id\":\"https:\\\/\\\/secure.gravatar.com\\\/avatar\\\/66f31716a14ebbbf9d76c4d8a1e5e44ee4b8992044a9034b47ebd0c89cc8c57b?s=96&d=mm&r=g\",\"url\":\"https:\\\/\\\/secure.gravatar.com\\\/avatar\\\/66f31716a14ebbbf9d76c4d8a1e5e44ee4b8992044a9034b47ebd0c89cc8c57b?s=96&d=mm&r=g\",\"contentUrl\":\"https:\\\/\\\/secure.gravatar.com\\\/avatar\\\/66f31716a14ebbbf9d76c4d8a1e5e44ee4b8992044a9034b47ebd0c89cc8c57b?s=96&d=mm&r=g\",\"caption\":\"Mauricio\"},\"url\":\"https:\\\/\\\/www.marinapalamos.com\\\/en\\\/author\\\/mauricio\\\/\"}]}<\/script>\n<!-- \/ Yoast SEO plugin. -->","yoast_head_json":{"title":"Marina Palam\u00f3s shines after an unforgettable seabed cleanup day - Marina Palam\u00f3s","description":"On May 17, we held the 14th Seabed Cleanup at Marina Palam\u00f3s. We protect the seabed and promote environmental awareness.","robots":{"index":"index","follow":"follow","max-snippet":"max-snippet:-1","max-image-preview":"max-image-preview:large","max-video-preview":"max-video-preview:-1"},"canonical":"https:\/\/www.marinapalamos.com\/marina-palamos-brilla-tras-una-jornada-de-limpieza-inolvidable\/","og_locale":"en_US","og_type":"article","og_title":"Marina Palam\u00f3s shines after an unforgettable seabed cleanup day - Marina Palam\u00f3s","og_description":"On May 17, we held the 14th Seabed Cleanup at Marina Palam\u00f3s. We protect the seabed and promote environmental awareness.","og_url":"https:\/\/www.marinapalamos.com\/marina-palamos-brilla-tras-una-jornada-de-limpieza-inolvidable\/","og_site_name":"Marina Palam\u00f3s","article_published_time":"2025-05-27T07:37:50+00:00","article_modified_time":"2025-05-27T07:38:08+00:00","og_image":[{"width":500,"height":300,"url":"https:\/\/www.marinapalamos.com\/wp-content\/uploads\/2025\/05\/NETEJA-FONS-2025-PORTADA.png","type":"image\/png"}],"author":"Mauricio","twitter_card":"summary_large_image","twitter_misc":{"Written by":"Mauricio","Est. reading time":"2 minutes"},"schema":{"@context":"https:\/\/schema.org","@graph":[{"@type":"Article","@id":"https:\/\/www.marinapalamos.com\/marina-palamos-brilla-tras-una-jornada-de-limpieza-inolvidable\/#article","isPartOf":{"@id":"https:\/\/www.marinapalamos.com\/marina-palamos-brilla-tras-una-jornada-de-limpieza-inolvidable\/"},"author":{"name":"Mauricio","@id":"https:\/\/www.marinapalamos.com\/#\/schema\/person\/9604bbc17d32ce2823e8ffc3e3efb0f3"},"headline":"Marina Palam\u00f3s shines after an unforgettable seabed cleanup day","datePublished":"2025-05-27T07:37:50+00:00","dateModified":"2025-05-27T07:38:08+00:00","mainEntityOfPage":{"@id":"https:\/\/www.marinapalamos.com\/marina-palamos-brilla-tras-una-jornada-de-limpieza-inolvidable\/"},"wordCount":773,"commentCount":0,"image":{"@id":"https:\/\/www.marinapalamos.com\/marina-palamos-brilla-tras-una-jornada-de-limpieza-inolvidable\/#primaryimage"},"thumbnailUrl":"https:\/\/www.marinapalamos.com\/wp-content\/uploads\/2025\/05\/NETEJA-FONS-2025-PORTADA.png","articleSection":["Blog"],"inLanguage":"en-US","potentialAction":[{"@type":"CommentAction","name":"Comment","target":["https:\/\/www.marinapalamos.com\/marina-palamos-brilla-tras-una-jornada-de-limpieza-inolvidable\/#respond"]}]},{"@type":"WebPage","@id":"https:\/\/www.marinapalamos.com\/marina-palamos-brilla-tras-una-jornada-de-limpieza-inolvidable\/","url":"https:\/\/www.marinapalamos.com\/marina-palamos-brilla-tras-una-jornada-de-limpieza-inolvidable\/","name":"Marina Palam\u00f3s shines after an unforgettable seabed cleanup day - Marina Palam\u00f3s","isPartOf":{"@id":"https:\/\/www.marinapalamos.com\/#website"},"primaryImageOfPage":{"@id":"https:\/\/www.marinapalamos.com\/marina-palamos-brilla-tras-una-jornada-de-limpieza-inolvidable\/#primaryimage"},"image":{"@id":"https:\/\/www.marinapalamos.com\/marina-palamos-brilla-tras-una-jornada-de-limpieza-inolvidable\/#primaryimage"},"thumbnailUrl":"https:\/\/www.marinapalamos.com\/wp-content\/uploads\/2025\/05\/NETEJA-FONS-2025-PORTADA.png","datePublished":"2025-05-27T07:37:50+00:00","dateModified":"2025-05-27T07:38:08+00:00","author":{"@id":"https:\/\/www.marinapalamos.com\/#\/schema\/person\/9604bbc17d32ce2823e8ffc3e3efb0f3"},"description":"On May 17, we held the 14th Seabed Cleanup at Marina Palam\u00f3s. We protect the seabed and promote environmental awareness.","breadcrumb":{"@id":"https:\/\/www.marinapalamos.com\/marina-palamos-brilla-tras-una-jornada-de-limpieza-inolvidable\/#breadcrumb"},"inLanguage":"en-US","potentialAction":[{"@type":"ReadAction","target":["https:\/\/www.marinapalamos.com\/marina-palamos-brilla-tras-una-jornada-de-limpieza-inolvidable\/"]}]},{"@type":"ImageObject","inLanguage":"en-US","@id":"https:\/\/www.marinapalamos.com\/marina-palamos-brilla-tras-una-jornada-de-limpieza-inolvidable\/#primaryimage","url":"https:\/\/www.marinapalamos.com\/wp-content\/uploads\/2025\/05\/NETEJA-FONS-2025-PORTADA.png","contentUrl":"https:\/\/www.marinapalamos.com\/wp-content\/uploads\/2025\/05\/NETEJA-FONS-2025-PORTADA.png","width":500,"height":300},{"@type":"BreadcrumbList","@id":"https:\/\/www.marinapalamos.com\/marina-palamos-brilla-tras-una-jornada-de-limpieza-inolvidable\/#breadcrumb","itemListElement":[{"@type":"ListItem","position":1,"name":"Inicio","item":"https:\/\/www.marinapalamos.com\/en\/"},{"@type":"ListItem","position":2,"name":"Marina Palam\u00f3s shines after an unforgettable seabed cleanup day"}]},{"@type":"WebSite","@id":"https:\/\/www.marinapalamos.com\/#website","url":"https:\/\/www.marinapalamos.com\/","name":"Marina Palam\u00f3s","description":"Marina Palam\u00f3s","potentialAction":[{"@type":"SearchAction","target":{"@type":"EntryPoint","urlTemplate":"https:\/\/www.marinapalamos.com\/?s={search_term_string}"},"query-input":{"@type":"PropertyValueSpecification","valueRequired":true,"valueName":"search_term_string"}}],"inLanguage":"en-US"},{"@type":"Person","@id":"https:\/\/www.marinapalamos.com\/#\/schema\/person\/9604bbc17d32ce2823e8ffc3e3efb0f3","name":"Mauricio","image":{"@type":"ImageObject","inLanguage":"en-US","@id":"https:\/\/secure.gravatar.com\/avatar\/66f31716a14ebbbf9d76c4d8a1e5e44ee4b8992044a9034b47ebd0c89cc8c57b?s=96&d=mm&r=g","url":"https:\/\/secure.gravatar.com\/avatar\/66f31716a14ebbbf9d76c4d8a1e5e44ee4b8992044a9034b47ebd0c89cc8c57b?s=96&d=mm&r=g","contentUrl":"https:\/\/secure.gravatar.com\/avatar\/66f31716a14ebbbf9d76c4d8a1e5e44ee4b8992044a9034b47ebd0c89cc8c57b?s=96&d=mm&r=g","caption":"Mauricio"},"url":"https:\/\/www.marinapalamos.com\/en\/author\/mauricio\/"}]}},"_links":{"self":[{"href":"https:\/\/www.marinapalamos.com\/en\/wp-json\/wp\/v2\/posts\/7255","targetHints":{"allow":["GET"]}}],"collection":[{"href":"https:\/\/www.marinapalamos.com\/en\/wp-json\/wp\/v2\/posts"}],"about":[{"href":"https:\/\/www.marinapalamos.com\/en\/wp-json\/wp\/v2\/types\/post"}],"author":[{"embeddable":true,"href":"https:\/\/www.marinapalamos.com\/en\/wp-json\/wp\/v2\/users\/5"}],"replies":[{"embeddable":true,"href":"https:\/\/www.marinapalamos.com\/en\/wp-json\/wp\/v2\/comments?post=7255"}],"version-history":[{"count":3,"href":"https:\/\/www.marinapalamos.com\/en\/wp-json\/wp\/v2\/posts\/7255\/revisions"}],"predecessor-version":[{"id":7268,"href":"https:\/\/www.marinapalamos.com\/en\/wp-json\/wp\/v2\/posts\/7255\/revisions\/7268"}],"wp:featuredmedia":[{"embeddable":true,"href":"https:\/\/www.marinapalamos.com\/en\/wp-json\/wp\/v2\/media\/7261"}],"wp:attachment":[{"href":"https:\/\/www.marinapalamos.com\/en\/wp-json\/wp\/v2\/media?parent=7255"}],"wp:term":[{"taxonomy":"category","embeddable":true,"href":"https:\/\/www.marinapalamos.com\/en\/wp-json\/wp\/v2\/categories?post=7255"},{"taxonomy":"post_tag","embeddable":true,"href":"https:\/\/www.marinapalamos.com\/en\/wp-json\/wp\/v2\/tags?post=7255"}],"curies":[{"name":"wp","href":"https:\/\/api.w.org\/{rel}","templated":true}]}}