{"id":7429,"date":"2025-07-23T13:57:12","date_gmt":"2025-07-23T13:57:12","guid":{"rendered":"https:\/\/www.marinapalamos.com\/?p=7429"},"modified":"2025-07-23T13:57:31","modified_gmt":"2025-07-23T13:57:31","slug":"the-nits-blanques-celebrate-20-years-of-music-and-solidarity-at-marina-palamos","status":"publish","type":"post","link":"https:\/\/www.marinapalamos.com\/en\/the-nits-blanques-celebrate-20-years-of-music-and-solidarity-at-marina-palamos\/","title":{"rendered":"The &#8220;Nits Blanques&#8221; celebrate 20 years of music and solidarity at Marina Palam\u00f3s"},"content":{"rendered":"<div class=\"fusion-fullwidth fullwidth-box fusion-builder-row-1 fusion-flex-container nonhundred-percent-fullwidth non-hundred-percent-height-scrolling\" style=\"--awb-border-radius-top-left:0px;--awb-border-radius-top-right:0px;--awb-border-radius-bottom-right:0px;--awb-border-radius-bottom-left:0px;--awb-flex-wrap:wrap;\" ><div class=\"fusion-builder-row fusion-row fusion-flex-align-items-flex-start fusion-flex-content-wrap\" style=\"max-width:1300px;margin-left: calc(-4% \/ 2 );margin-right: calc(-4% \/ 2 );\"><div class=\"fusion-layout-column fusion_builder_column fusion-builder-column-0 fusion_builder_column_1_1 1_1 fusion-flex-column\" style=\"--awb-bg-size:cover;--awb-width-large:100%;--awb-margin-top-large:0px;--awb-spacing-right-large:1.92%;--awb-margin-bottom-large:20px;--awb-spacing-left-large:1.92%;--awb-width-medium:100%;--awb-order-medium:0;--awb-spacing-right-medium:1.92%;--awb-spacing-left-medium:1.92%;--awb-width-small:100%;--awb-order-small:0;--awb-spacing-right-small:1.92%;--awb-spacing-left-small:1.92%;\"><div class=\"fusion-column-wrapper fusion-column-has-shadow fusion-flex-justify-content-flex-start fusion-content-layout-column\"><div class=\"fusion-text fusion-text-1\" style=\"--awb-text-transform:none;\"><p data-pm-slice=\"1 1 &#091;&#093;\">Lectura: 1 min<\/p>\n<p data-start=\"1357\" data-end=\"1519\">On <strong>August 2nd<\/strong>, Marina Palam\u00f3s will dress in white to celebrate the <strong>20th anniversary of Nits Blanques<\/strong> \u2014 a very special event that has become a true summer classic.<\/p>\n<p data-start=\"1521\" data-end=\"1707\">This year\u2019s evening will feature <strong>charity dinners from 8 p.m.<\/strong> at the marina\u2019s restaurants and a live concert at 10 p.m., with a surprise performance that promises to get everyone dancing!<\/p>\n<p data-start=\"1709\" data-end=\"1864\">The night will combine music, food, and an unbeatable atmosphere \u2014 all in support of two charitable causes: the <strong>VOZES Foundation and the K\u0101lida Foundation.<\/strong><\/p>\n<p data-start=\"1866\" data-end=\"2126\"><strong>VOZES is a music-based social organization<\/strong> that promotes the social inclusion of children and young people through collective music education and practice. <strong>K\u0101lida is a foundation that offers free, person-centered cancer support focused on emotional well-being.<\/strong><\/p>\n<p data-start=\"2128\" data-end=\"2307\">Taking part in Nits Blanques means more than enjoying a special evening \u2014 it\u2019s about being part of a heartfelt initiative that has <strong>blended culture and solidarity for twenty years.<\/strong><\/p>\n<p data-start=\"2309\" data-end=\"2466\"><strong>\u2728 Don\u2019t forget to wear white and book your dinner in advance.<\/strong><br data-start=\"2370\" data-end=\"2373\" \/>All booking information is available via the link in our Instagram profile <strong><a href=\"https:\/\/www.instagram.com\/portmarinapalamos\/\">@portmarinapalamos<\/a><\/strong><\/p>\n<p data-start=\"1426\" data-end=\"1555\"><img decoding=\"async\" class=\" wp-image-7433 aligncenter\" src=\"https:\/\/www.marinapalamos.com\/wp-content\/uploads\/2025\/07\/NITS-BLANQUES-2025-IMAGEN-BLOG-1024x614.png\" alt=\"\" width=\"692\" height=\"415\" srcset=\"https:\/\/www.marinapalamos.com\/wp-content\/uploads\/2025\/07\/NITS-BLANQUES-2025-IMAGEN-BLOG-200x120.png 200w, https:\/\/www.marinapalamos.com\/wp-content\/uploads\/2025\/07\/NITS-BLANQUES-2025-IMAGEN-BLOG-300x180.png 300w, https:\/\/www.marinapalamos.com\/wp-content\/uploads\/2025\/07\/NITS-BLANQUES-2025-IMAGEN-BLOG-400x240.png 400w, https:\/\/www.marinapalamos.com\/wp-content\/uploads\/2025\/07\/NITS-BLANQUES-2025-IMAGEN-BLOG-600x360.png 600w, https:\/\/www.marinapalamos.com\/wp-content\/uploads\/2025\/07\/NITS-BLANQUES-2025-IMAGEN-BLOG-768x461.png 768w, https:\/\/www.marinapalamos.com\/wp-content\/uploads\/2025\/07\/NITS-BLANQUES-2025-IMAGEN-BLOG-800x480.png 800w, https:\/\/www.marinapalamos.com\/wp-content\/uploads\/2025\/07\/NITS-BLANQUES-2025-IMAGEN-BLOG-1024x614.png 1024w, https:\/\/www.marinapalamos.com\/wp-content\/uploads\/2025\/07\/NITS-BLANQUES-2025-IMAGEN-BLOG-1200x720.png 1200w, https:\/\/www.marinapalamos.com\/wp-content\/uploads\/2025\/07\/NITS-BLANQUES-2025-IMAGEN-BLOG.png 1500w\" sizes=\"(max-width: 692px) 100vw, 692px\" \/><\/p>\n<p data-start=\"1103\" data-end=\"1194\">\ud83d\udc99 Thank you to everyone who makes this event possible year after year.<\/p>\n<\/div><\/div><\/div><div class=\"fusion-layout-column fusion_builder_column fusion-builder-column-1 fusion_builder_column_1_1 1_1 fusion-flex-column\" style=\"--awb-bg-size:cover;--awb-width-large:100%;--awb-margin-top-large:0px;--awb-spacing-right-large:1.92%;--awb-margin-bottom-large:20px;--awb-spacing-left-large:1.92%;--awb-width-medium:100%;--awb-order-medium:0;--awb-spacing-right-medium:1.92%;--awb-spacing-left-medium:1.92%;--awb-width-small:100%;--awb-order-small:0;--awb-spacing-right-small:1.92%;--awb-spacing-left-small:1.92%;\"><div class=\"fusion-column-wrapper fusion-column-has-shadow fusion-flex-justify-content-flex-start fusion-content-layout-column\"><\/div><\/div><\/div><\/div>\n","protected":false},"excerpt":{"rendered":"","protected":false},"author":5,"featured_media":7432,"comment_status":"open","ping_status":"closed","sticky":false,"template":"","format":"standard","meta":{"_acf_changed":false,"footnotes":""},"categories":[70],"tags":[],"class_list":["post-7429","post","type-post","status-publish","format-standard","has-post-thumbnail","hentry","category-blog-en"],"acf":[],"yoast_head":"<!-- This site is optimized with the Yoast SEO plugin v27.5 - https:\/\/yoast.com\/product\/yoast-seo-wordpress\/ -->\n<title>The &quot;Nits Blanques&quot; celebrate 20 years of music and solidarity at Marina Palam\u00f3s - Marina Palam\u00f3s<\/title>\n<meta name=\"description\" content=\"Discover why Marina Palam\u00f3s will shine in white on August 2nd. Music, charity dinners, and a magical night you won\u2019t want to miss.\" \/>\n<meta name=\"robots\" content=\"index, follow, max-snippet:-1, max-image-preview:large, max-video-preview:-1\" \/>\n<link rel=\"canonical\" href=\"https:\/\/www.marinapalamos.com\/las-nits-blanques-celebra-20-anos-de-musica-solidaridad-y-verano-en-marina-palamos\/\" \/>\n<meta property=\"og:locale\" content=\"en_US\" \/>\n<meta property=\"og:type\" content=\"article\" \/>\n<meta property=\"og:title\" content=\"The &quot;Nits Blanques&quot; celebrate 20 years of music and solidarity at Marina Palam\u00f3s - Marina Palam\u00f3s\" \/>\n<meta property=\"og:description\" content=\"Discover why Marina Palam\u00f3s will shine in white on August 2nd. Music, charity dinners, and a magical night you won\u2019t want to miss.\" \/>\n<meta property=\"og:url\" content=\"https:\/\/www.marinapalamos.com\/las-nits-blanques-celebra-20-anos-de-musica-solidaridad-y-verano-en-marina-palamos\/\" \/>\n<meta property=\"og:site_name\" content=\"Marina Palam\u00f3s\" \/>\n<meta property=\"article:published_time\" content=\"2025-07-23T13:57:12+00:00\" \/>\n<meta property=\"article:modified_time\" content=\"2025-07-23T13:57:31+00:00\" \/>\n<meta property=\"og:image\" content=\"https:\/\/www.marinapalamos.com\/wp-content\/uploads\/2025\/07\/NITS-BLANQUES-2025-PORTADA.png\" \/>\n\t<meta property=\"og:image:width\" content=\"500\" \/>\n\t<meta property=\"og:image:height\" content=\"300\" \/>\n\t<meta property=\"og:image:type\" content=\"image\/png\" \/>\n<meta name=\"author\" content=\"Mauricio\" \/>\n<meta name=\"twitter:card\" content=\"summary_large_image\" \/>\n<meta name=\"twitter:label1\" content=\"Written by\" \/>\n\t<meta name=\"twitter:data1\" content=\"Mauricio\" \/>\n\t<meta name=\"twitter:label2\" content=\"Est. reading time\" \/>\n\t<meta name=\"twitter:data2\" content=\"2 minutes\" \/>\n<script type=\"application\/ld+json\" class=\"yoast-schema-graph\">{\"@context\":\"https:\\\/\\\/schema.org\",\"@graph\":[{\"@type\":\"Article\",\"@id\":\"https:\\\/\\\/www.marinapalamos.com\\\/las-nits-blanques-celebra-20-anos-de-musica-solidaridad-y-verano-en-marina-palamos\\\/#article\",\"isPartOf\":{\"@id\":\"https:\\\/\\\/www.marinapalamos.com\\\/las-nits-blanques-celebra-20-anos-de-musica-solidaridad-y-verano-en-marina-palamos\\\/\"},\"author\":{\"name\":\"Mauricio\",\"@id\":\"https:\\\/\\\/www.marinapalamos.com\\\/#\\\/schema\\\/person\\\/9604bbc17d32ce2823e8ffc3e3efb0f3\"},\"headline\":\"The &#8220;Nits Blanques&#8221; celebrate 20 years of music and solidarity at Marina Palam\u00f3s\",\"datePublished\":\"2025-07-23T13:57:12+00:00\",\"dateModified\":\"2025-07-23T13:57:31+00:00\",\"mainEntityOfPage\":{\"@id\":\"https:\\\/\\\/www.marinapalamos.com\\\/las-nits-blanques-celebra-20-anos-de-musica-solidaridad-y-verano-en-marina-palamos\\\/\"},\"wordCount\":785,\"commentCount\":0,\"image\":{\"@id\":\"https:\\\/\\\/www.marinapalamos.com\\\/las-nits-blanques-celebra-20-anos-de-musica-solidaridad-y-verano-en-marina-palamos\\\/#primaryimage\"},\"thumbnailUrl\":\"https:\\\/\\\/www.marinapalamos.com\\\/wp-content\\\/uploads\\\/2025\\\/07\\\/NITS-BLANQUES-2025-PORTADA.png\",\"articleSection\":[\"Blog\"],\"inLanguage\":\"en-US\",\"potentialAction\":[{\"@type\":\"CommentAction\",\"name\":\"Comment\",\"target\":[\"https:\\\/\\\/www.marinapalamos.com\\\/las-nits-blanques-celebra-20-anos-de-musica-solidaridad-y-verano-en-marina-palamos\\\/#respond\"]}]},{\"@type\":\"WebPage\",\"@id\":\"https:\\\/\\\/www.marinapalamos.com\\\/las-nits-blanques-celebra-20-anos-de-musica-solidaridad-y-verano-en-marina-palamos\\\/\",\"url\":\"https:\\\/\\\/www.marinapalamos.com\\\/las-nits-blanques-celebra-20-anos-de-musica-solidaridad-y-verano-en-marina-palamos\\\/\",\"name\":\"The \\\"Nits Blanques\\\" celebrate 20 years of music and solidarity at Marina Palam\u00f3s - Marina Palam\u00f3s\",\"isPartOf\":{\"@id\":\"https:\\\/\\\/www.marinapalamos.com\\\/#website\"},\"primaryImageOfPage\":{\"@id\":\"https:\\\/\\\/www.marinapalamos.com\\\/las-nits-blanques-celebra-20-anos-de-musica-solidaridad-y-verano-en-marina-palamos\\\/#primaryimage\"},\"image\":{\"@id\":\"https:\\\/\\\/www.marinapalamos.com\\\/las-nits-blanques-celebra-20-anos-de-musica-solidaridad-y-verano-en-marina-palamos\\\/#primaryimage\"},\"thumbnailUrl\":\"https:\\\/\\\/www.marinapalamos.com\\\/wp-content\\\/uploads\\\/2025\\\/07\\\/NITS-BLANQUES-2025-PORTADA.png\",\"datePublished\":\"2025-07-23T13:57:12+00:00\",\"dateModified\":\"2025-07-23T13:57:31+00:00\",\"author\":{\"@id\":\"https:\\\/\\\/www.marinapalamos.com\\\/#\\\/schema\\\/person\\\/9604bbc17d32ce2823e8ffc3e3efb0f3\"},\"description\":\"Discover why Marina Palam\u00f3s will shine in white on August 2nd. Music, charity dinners, and a magical night you won\u2019t want to miss.\",\"breadcrumb\":{\"@id\":\"https:\\\/\\\/www.marinapalamos.com\\\/las-nits-blanques-celebra-20-anos-de-musica-solidaridad-y-verano-en-marina-palamos\\\/#breadcrumb\"},\"inLanguage\":\"en-US\",\"potentialAction\":[{\"@type\":\"ReadAction\",\"target\":[\"https:\\\/\\\/www.marinapalamos.com\\\/las-nits-blanques-celebra-20-anos-de-musica-solidaridad-y-verano-en-marina-palamos\\\/\"]}]},{\"@type\":\"ImageObject\",\"inLanguage\":\"en-US\",\"@id\":\"https:\\\/\\\/www.marinapalamos.com\\\/las-nits-blanques-celebra-20-anos-de-musica-solidaridad-y-verano-en-marina-palamos\\\/#primaryimage\",\"url\":\"https:\\\/\\\/www.marinapalamos.com\\\/wp-content\\\/uploads\\\/2025\\\/07\\\/NITS-BLANQUES-2025-PORTADA.png\",\"contentUrl\":\"https:\\\/\\\/www.marinapalamos.com\\\/wp-content\\\/uploads\\\/2025\\\/07\\\/NITS-BLANQUES-2025-PORTADA.png\",\"width\":500,\"height\":300},{\"@type\":\"BreadcrumbList\",\"@id\":\"https:\\\/\\\/www.marinapalamos.com\\\/las-nits-blanques-celebra-20-anos-de-musica-solidaridad-y-verano-en-marina-palamos\\\/#breadcrumb\",\"itemListElement\":[{\"@type\":\"ListItem\",\"position\":1,\"name\":\"Inicio\",\"item\":\"https:\\\/\\\/www.marinapalamos.com\\\/en\\\/\"},{\"@type\":\"ListItem\",\"position\":2,\"name\":\"The \u00abNits Blanques\u00bb celebrate 20 years of music and solidarity at Marina Palam\u00f3s\"}]},{\"@type\":\"WebSite\",\"@id\":\"https:\\\/\\\/www.marinapalamos.com\\\/#website\",\"url\":\"https:\\\/\\\/www.marinapalamos.com\\\/\",\"name\":\"Marina Palam\u00f3s\",\"description\":\"Marina Palam\u00f3s\",\"potentialAction\":[{\"@type\":\"SearchAction\",\"target\":{\"@type\":\"EntryPoint\",\"urlTemplate\":\"https:\\\/\\\/www.marinapalamos.com\\\/?s={search_term_string}\"},\"query-input\":{\"@type\":\"PropertyValueSpecification\",\"valueRequired\":true,\"valueName\":\"search_term_string\"}}],\"inLanguage\":\"en-US\"},{\"@type\":\"Person\",\"@id\":\"https:\\\/\\\/www.marinapalamos.com\\\/#\\\/schema\\\/person\\\/9604bbc17d32ce2823e8ffc3e3efb0f3\",\"name\":\"Mauricio\",\"image\":{\"@type\":\"ImageObject\",\"inLanguage\":\"en-US\",\"@id\":\"https:\\\/\\\/secure.gravatar.com\\\/avatar\\\/66f31716a14ebbbf9d76c4d8a1e5e44ee4b8992044a9034b47ebd0c89cc8c57b?s=96&d=mm&r=g\",\"url\":\"https:\\\/\\\/secure.gravatar.com\\\/avatar\\\/66f31716a14ebbbf9d76c4d8a1e5e44ee4b8992044a9034b47ebd0c89cc8c57b?s=96&d=mm&r=g\",\"contentUrl\":\"https:\\\/\\\/secure.gravatar.com\\\/avatar\\\/66f31716a14ebbbf9d76c4d8a1e5e44ee4b8992044a9034b47ebd0c89cc8c57b?s=96&d=mm&r=g\",\"caption\":\"Mauricio\"},\"url\":\"https:\\\/\\\/www.marinapalamos.com\\\/en\\\/author\\\/mauricio\\\/\"}]}<\/script>\n<!-- \/ Yoast SEO plugin. -->","yoast_head_json":{"title":"The \"Nits Blanques\" celebrate 20 years of music and solidarity at Marina Palam\u00f3s - Marina Palam\u00f3s","description":"Discover why Marina Palam\u00f3s will shine in white on August 2nd. Music, charity dinners, and a magical night you won\u2019t want to miss.","robots":{"index":"index","follow":"follow","max-snippet":"max-snippet:-1","max-image-preview":"max-image-preview:large","max-video-preview":"max-video-preview:-1"},"canonical":"https:\/\/www.marinapalamos.com\/las-nits-blanques-celebra-20-anos-de-musica-solidaridad-y-verano-en-marina-palamos\/","og_locale":"en_US","og_type":"article","og_title":"The \"Nits Blanques\" celebrate 20 years of music and solidarity at Marina Palam\u00f3s - Marina Palam\u00f3s","og_description":"Discover why Marina Palam\u00f3s will shine in white on August 2nd. Music, charity dinners, and a magical night you won\u2019t want to miss.","og_url":"https:\/\/www.marinapalamos.com\/las-nits-blanques-celebra-20-anos-de-musica-solidaridad-y-verano-en-marina-palamos\/","og_site_name":"Marina Palam\u00f3s","article_published_time":"2025-07-23T13:57:12+00:00","article_modified_time":"2025-07-23T13:57:31+00:00","og_image":[{"width":500,"height":300,"url":"https:\/\/www.marinapalamos.com\/wp-content\/uploads\/2025\/07\/NITS-BLANQUES-2025-PORTADA.png","type":"image\/png"}],"author":"Mauricio","twitter_card":"summary_large_image","twitter_misc":{"Written by":"Mauricio","Est. reading time":"2 minutes"},"schema":{"@context":"https:\/\/schema.org","@graph":[{"@type":"Article","@id":"https:\/\/www.marinapalamos.com\/las-nits-blanques-celebra-20-anos-de-musica-solidaridad-y-verano-en-marina-palamos\/#article","isPartOf":{"@id":"https:\/\/www.marinapalamos.com\/las-nits-blanques-celebra-20-anos-de-musica-solidaridad-y-verano-en-marina-palamos\/"},"author":{"name":"Mauricio","@id":"https:\/\/www.marinapalamos.com\/#\/schema\/person\/9604bbc17d32ce2823e8ffc3e3efb0f3"},"headline":"The &#8220;Nits Blanques&#8221; celebrate 20 years of music and solidarity at Marina Palam\u00f3s","datePublished":"2025-07-23T13:57:12+00:00","dateModified":"2025-07-23T13:57:31+00:00","mainEntityOfPage":{"@id":"https:\/\/www.marinapalamos.com\/las-nits-blanques-celebra-20-anos-de-musica-solidaridad-y-verano-en-marina-palamos\/"},"wordCount":785,"commentCount":0,"image":{"@id":"https:\/\/www.marinapalamos.com\/las-nits-blanques-celebra-20-anos-de-musica-solidaridad-y-verano-en-marina-palamos\/#primaryimage"},"thumbnailUrl":"https:\/\/www.marinapalamos.com\/wp-content\/uploads\/2025\/07\/NITS-BLANQUES-2025-PORTADA.png","articleSection":["Blog"],"inLanguage":"en-US","potentialAction":[{"@type":"CommentAction","name":"Comment","target":["https:\/\/www.marinapalamos.com\/las-nits-blanques-celebra-20-anos-de-musica-solidaridad-y-verano-en-marina-palamos\/#respond"]}]},{"@type":"WebPage","@id":"https:\/\/www.marinapalamos.com\/las-nits-blanques-celebra-20-anos-de-musica-solidaridad-y-verano-en-marina-palamos\/","url":"https:\/\/www.marinapalamos.com\/las-nits-blanques-celebra-20-anos-de-musica-solidaridad-y-verano-en-marina-palamos\/","name":"The \"Nits Blanques\" celebrate 20 years of music and solidarity at Marina Palam\u00f3s - Marina Palam\u00f3s","isPartOf":{"@id":"https:\/\/www.marinapalamos.com\/#website"},"primaryImageOfPage":{"@id":"https:\/\/www.marinapalamos.com\/las-nits-blanques-celebra-20-anos-de-musica-solidaridad-y-verano-en-marina-palamos\/#primaryimage"},"image":{"@id":"https:\/\/www.marinapalamos.com\/las-nits-blanques-celebra-20-anos-de-musica-solidaridad-y-verano-en-marina-palamos\/#primaryimage"},"thumbnailUrl":"https:\/\/www.marinapalamos.com\/wp-content\/uploads\/2025\/07\/NITS-BLANQUES-2025-PORTADA.png","datePublished":"2025-07-23T13:57:12+00:00","dateModified":"2025-07-23T13:57:31+00:00","author":{"@id":"https:\/\/www.marinapalamos.com\/#\/schema\/person\/9604bbc17d32ce2823e8ffc3e3efb0f3"},"description":"Discover why Marina Palam\u00f3s will shine in white on August 2nd. Music, charity dinners, and a magical night you won\u2019t want to miss.","breadcrumb":{"@id":"https:\/\/www.marinapalamos.com\/las-nits-blanques-celebra-20-anos-de-musica-solidaridad-y-verano-en-marina-palamos\/#breadcrumb"},"inLanguage":"en-US","potentialAction":[{"@type":"ReadAction","target":["https:\/\/www.marinapalamos.com\/las-nits-blanques-celebra-20-anos-de-musica-solidaridad-y-verano-en-marina-palamos\/"]}]},{"@type":"ImageObject","inLanguage":"en-US","@id":"https:\/\/www.marinapalamos.com\/las-nits-blanques-celebra-20-anos-de-musica-solidaridad-y-verano-en-marina-palamos\/#primaryimage","url":"https:\/\/www.marinapalamos.com\/wp-content\/uploads\/2025\/07\/NITS-BLANQUES-2025-PORTADA.png","contentUrl":"https:\/\/www.marinapalamos.com\/wp-content\/uploads\/2025\/07\/NITS-BLANQUES-2025-PORTADA.png","width":500,"height":300},{"@type":"BreadcrumbList","@id":"https:\/\/www.marinapalamos.com\/las-nits-blanques-celebra-20-anos-de-musica-solidaridad-y-verano-en-marina-palamos\/#breadcrumb","itemListElement":[{"@type":"ListItem","position":1,"name":"Inicio","item":"https:\/\/www.marinapalamos.com\/en\/"},{"@type":"ListItem","position":2,"name":"The \u00abNits Blanques\u00bb celebrate 20 years of music and solidarity at Marina Palam\u00f3s"}]},{"@type":"WebSite","@id":"https:\/\/www.marinapalamos.com\/#website","url":"https:\/\/www.marinapalamos.com\/","name":"Marina Palam\u00f3s","description":"Marina Palam\u00f3s","potentialAction":[{"@type":"SearchAction","target":{"@type":"EntryPoint","urlTemplate":"https:\/\/www.marinapalamos.com\/?s={search_term_string}"},"query-input":{"@type":"PropertyValueSpecification","valueRequired":true,"valueName":"search_term_string"}}],"inLanguage":"en-US"},{"@type":"Person","@id":"https:\/\/www.marinapalamos.com\/#\/schema\/person\/9604bbc17d32ce2823e8ffc3e3efb0f3","name":"Mauricio","image":{"@type":"ImageObject","inLanguage":"en-US","@id":"https:\/\/secure.gravatar.com\/avatar\/66f31716a14ebbbf9d76c4d8a1e5e44ee4b8992044a9034b47ebd0c89cc8c57b?s=96&d=mm&r=g","url":"https:\/\/secure.gravatar.com\/avatar\/66f31716a14ebbbf9d76c4d8a1e5e44ee4b8992044a9034b47ebd0c89cc8c57b?s=96&d=mm&r=g","contentUrl":"https:\/\/secure.gravatar.com\/avatar\/66f31716a14ebbbf9d76c4d8a1e5e44ee4b8992044a9034b47ebd0c89cc8c57b?s=96&d=mm&r=g","caption":"Mauricio"},"url":"https:\/\/www.marinapalamos.com\/en\/author\/mauricio\/"}]}},"_links":{"self":[{"href":"https:\/\/www.marinapalamos.com\/en\/wp-json\/wp\/v2\/posts\/7429","targetHints":{"allow":["GET"]}}],"collection":[{"href":"https:\/\/www.marinapalamos.com\/en\/wp-json\/wp\/v2\/posts"}],"about":[{"href":"https:\/\/www.marinapalamos.com\/en\/wp-json\/wp\/v2\/types\/post"}],"author":[{"embeddable":true,"href":"https:\/\/www.marinapalamos.com\/en\/wp-json\/wp\/v2\/users\/5"}],"replies":[{"embeddable":true,"href":"https:\/\/www.marinapalamos.com\/en\/wp-json\/wp\/v2\/comments?post=7429"}],"version-history":[{"count":2,"href":"https:\/\/www.marinapalamos.com\/en\/wp-json\/wp\/v2\/posts\/7429\/revisions"}],"predecessor-version":[{"id":7443,"href":"https:\/\/www.marinapalamos.com\/en\/wp-json\/wp\/v2\/posts\/7429\/revisions\/7443"}],"wp:featuredmedia":[{"embeddable":true,"href":"https:\/\/www.marinapalamos.com\/en\/wp-json\/wp\/v2\/media\/7432"}],"wp:attachment":[{"href":"https:\/\/www.marinapalamos.com\/en\/wp-json\/wp\/v2\/media?parent=7429"}],"wp:term":[{"taxonomy":"category","embeddable":true,"href":"https:\/\/www.marinapalamos.com\/en\/wp-json\/wp\/v2\/categories?post=7429"},{"taxonomy":"post_tag","embeddable":true,"href":"https:\/\/www.marinapalamos.com\/en\/wp-json\/wp\/v2\/tags?post=7429"}],"curies":[{"name":"wp","href":"https:\/\/api.w.org\/{rel}","templated":true}]}}