{"id":8198,"date":"2025-12-10T11:45:20","date_gmt":"2025-12-10T11:45:20","guid":{"rendered":"https:\/\/www.marinapalamos.com\/?p=8198"},"modified":"2025-12-10T11:45:44","modified_gmt":"2025-12-10T11:45:44","slug":"sansiswim-2025-the-last-swim-of-the-year","status":"publish","type":"post","link":"https:\/\/www.marinapalamos.com\/en\/sansiswim-2025-the-last-swim-of-the-year\/","title":{"rendered":"Sansiswim 2025: The last swim of the year"},"content":{"rendered":"<div class=\"fusion-fullwidth fullwidth-box fusion-builder-row-1 fusion-flex-container nonhundred-percent-fullwidth non-hundred-percent-height-scrolling\" style=\"--awb-border-radius-top-left:0px;--awb-border-radius-top-right:0px;--awb-border-radius-bottom-right:0px;--awb-border-radius-bottom-left:0px;--awb-flex-wrap:wrap;\" ><div class=\"fusion-builder-row fusion-row fusion-flex-align-items-flex-start fusion-flex-content-wrap\" style=\"max-width:1300px;margin-left: calc(-4% \/ 2 );margin-right: calc(-4% \/ 2 );\"><div class=\"fusion-layout-column fusion_builder_column fusion-builder-column-0 fusion_builder_column_1_1 1_1 fusion-flex-column\" style=\"--awb-bg-size:cover;--awb-width-large:100%;--awb-margin-top-large:0px;--awb-spacing-right-large:1.92%;--awb-margin-bottom-large:20px;--awb-spacing-left-large:1.92%;--awb-width-medium:100%;--awb-order-medium:0;--awb-spacing-right-medium:1.92%;--awb-spacing-left-medium:1.92%;--awb-width-small:100%;--awb-order-small:0;--awb-spacing-right-small:1.92%;--awb-spacing-left-small:1.92%;\"><div class=\"fusion-column-wrapper fusion-column-has-shadow fusion-flex-justify-content-flex-start fusion-content-layout-column\"><div class=\"fusion-text fusion-text-1\" style=\"--awb-text-transform:none;\"><p data-pm-slice=\"1 1 &#091;&#093;\">Lectura: 2 min<\/p>\n<p data-start=\"4028\" data-end=\"4365\">Next <strong data-start=\"4033\" data-end=\"4060\">Saturday, December 27th<\/strong>, Palam\u00f3s will once again host one of the most anticipated sporting traditions of the year: <strong data-start=\"4152\" data-end=\"4170\">Sansiswim 2025<\/strong>, the popular winter open-water swim that brings together swimmers of all ages and skill levels to say goodbye to the year in a unique way \u2014with the sea, solidarity, and an unbeatable atmosphere.<\/p>\n<p data-start=\"4367\" data-end=\"4828\">This year\u2019s Sansiswim carries a very special meaning. After the collapse of the pool dome on <strong data-start=\"4460\" data-end=\"4474\">March 29th<\/strong>, the <strong data-start=\"4480\" data-end=\"4504\">Club Nataci\u00f3 Palam\u00f3s<\/strong> has worked tirelessly to keep its activities alive, adapting to new circumstances, reorganising, and proving that the spirit of the club goes far beyond a building. That is why this edition will be <strong data-start=\"4703\" data-end=\"4732\">a warm collective embrace<\/strong>, supporting the Club\u2019s recovery and ensuring that its sporting and social mission can continue.<\/p>\n<h3 data-start=\"4835\" data-end=\"4886\"><strong data-start=\"4838\" data-end=\"4886\">A unique experience: from sea to celebration<\/strong><\/h3>\n<p data-start=\"4888\" data-end=\"5130\">Sansiswim 2025 offers a <strong data-start=\"4912\" data-end=\"4927\">1,500-metre<\/strong> route, non-competitive and open to everyone. A swim designed to enjoy the peaceful winter sea, starting at <strong data-start=\"5035\" data-end=\"5047\">La Fosca<\/strong> and finishing at <strong data-start=\"5065\" data-end=\"5083\">Marina Palam\u00f3s<\/strong>, passing the iconic <strong data-start=\"5104\" data-end=\"5124\">Morro del Vedell<\/strong> cove.<\/p>\n<p data-start=\"5132\" data-end=\"5215\">And as tradition dictates, the finish line will be full of activity and good vibes:<\/p>\n<ul data-start=\"5217\" data-end=\"5500\">\n<li data-start=\"5217\" data-end=\"5242\">\n<p data-start=\"5219\" data-end=\"5242\">\u2615\ud83c\udf6b <strong data-start=\"5223\" data-end=\"5240\">Hot chocolate<\/strong><\/p>\n<\/li>\n<li data-start=\"5243\" data-end=\"5276\">\n<p data-start=\"5245\" data-end=\"5276\">\ud83d\udc83 <strong data-start=\"5248\" data-end=\"5274\">Live dance performance<\/strong><\/p>\n<\/li>\n<li data-start=\"5277\" data-end=\"5301\">\n<p data-start=\"5279\" data-end=\"5301\">\ud83c\udfb6 <strong data-start=\"5282\" data-end=\"5299\">Ambient music<\/strong><\/p>\n<\/li>\n<li data-start=\"5302\" data-end=\"5368\">\n<p data-start=\"5304\" data-end=\"5368\">\ud83d\udc55 <strong data-start=\"5307\" data-end=\"5366\">Merchandising and the special 10th-anniversary swim cap<\/strong><\/p>\n<\/li>\n<li data-start=\"5369\" data-end=\"5407\">\n<p data-start=\"5371\" data-end=\"5407\">\ud83c\udf7d\ufe0f <strong data-start=\"5375\" data-end=\"5384\">Lunch<\/strong> for all participants<\/p>\n<\/li>\n<li data-start=\"5408\" data-end=\"5436\">\n<p data-start=\"5410\" data-end=\"5436\">\ud83d\udebf <strong data-start=\"5413\" data-end=\"5434\">Shower facilities<\/strong><\/p>\n<\/li>\n<li data-start=\"5437\" data-end=\"5461\">\n<p data-start=\"5439\" data-end=\"5461\">\ud83c\udd7f\ufe0f <strong data-start=\"5443\" data-end=\"5459\">Free parking<\/strong><\/p>\n<\/li>\n<li data-start=\"5462\" data-end=\"5500\">\n<p data-start=\"5464\" data-end=\"5500\">\ud83d\ude8c <strong data-start=\"5467\" data-end=\"5500\">Bus transfer for all swimmers<\/strong><\/p>\n<\/li>\n<\/ul>\n<p data-start=\"5502\" data-end=\"5640\">All of this creates an atmosphere that turns the event into much more than a swim: it becomes a celebration of community and togetherness.<\/p>\n<h3 data-start=\"5647\" data-end=\"5677\"><strong data-start=\"5650\" data-end=\"5677\">Sansiswim 2025 Schedule<\/strong><\/h3>\n<p data-start=\"5679\" data-end=\"5783\"><strong data-start=\"5679\" data-end=\"5716\">\ud83d\udd64 9:30\u201310:30 \u00b7 Cloakroom service<\/strong><br data-start=\"5716\" data-end=\"5719\" \/>Participants can safely leave their belongings before the start.<\/p>\n<p data-start=\"5785\" data-end=\"5875\"><strong data-start=\"5785\" data-end=\"5821\">\ud83d\udd65 10:30 \u00b7 Transfer and briefing<\/strong><br data-start=\"5821\" data-end=\"5824\" \/>Free bus transport to La Fosca and safety briefing.<\/p>\n<p data-start=\"5877\" data-end=\"5993\"><strong data-start=\"5877\" data-end=\"5909\">\ud83d\udd5a 11:00 \u00b7 Start of the swim<\/strong><br data-start=\"5909\" data-end=\"5912\" \/>The 1,500-metre swim begins, heading towards Morro del Vedell and Marina Palam\u00f3s.<\/p>\n<p data-start=\"5995\" data-end=\"6067\">At the finish line: hot chocolate, live dance, and a lively social area.<\/p>\n<h3 data-start=\"6074\" data-end=\"6109\"><strong data-start=\"6077\" data-end=\"6109\">Registrations with a purpose<\/strong><\/h3>\n<p data-start=\"6111\" data-end=\"6309\">Registration costs <strong data-start=\"6130\" data-end=\"6137\">\u20ac15<\/strong>, with <strong data-start=\"6144\" data-end=\"6189\">\u20ac7 going directly to Club Nataci\u00f3 Palam\u00f3s<\/strong> to support its recovery.<br data-start=\"6214\" data-end=\"6217\" \/>There is also an <strong data-start=\"6234\" data-end=\"6270\">optional additional contribution<\/strong> for anyone who wishes to help further.<\/p>\n<p data-start=\"6311\" data-end=\"6386\">More info and registration:<\/p>\n<p data-start=\"2859\" data-end=\"2944\">\ud83d\udc49 <a href=\"https:\/\/shorturl.at\/6bXVi\"><em data-start=\"2902\" data-end=\"2944\">https:\/\/shorturl.at\/6bXVi<\/em><\/a><\/p>\n<p data-start=\"2912\" data-end=\"3072\"><img decoding=\"async\" class=\" wp-image-8199 aligncenter\" src=\"https:\/\/www.marinapalamos.com\/wp-content\/uploads\/2025\/12\/SANSISWIM-2025-IMAGEN-BLOG-1024x614.png\" alt=\"\" width=\"882\" height=\"529\" srcset=\"https:\/\/www.marinapalamos.com\/wp-content\/uploads\/2025\/12\/SANSISWIM-2025-IMAGEN-BLOG-200x120.png 200w, https:\/\/www.marinapalamos.com\/wp-content\/uploads\/2025\/12\/SANSISWIM-2025-IMAGEN-BLOG-300x180.png 300w, https:\/\/www.marinapalamos.com\/wp-content\/uploads\/2025\/12\/SANSISWIM-2025-IMAGEN-BLOG-400x240.png 400w, https:\/\/www.marinapalamos.com\/wp-content\/uploads\/2025\/12\/SANSISWIM-2025-IMAGEN-BLOG-600x360.png 600w, https:\/\/www.marinapalamos.com\/wp-content\/uploads\/2025\/12\/SANSISWIM-2025-IMAGEN-BLOG-768x461.png 768w, https:\/\/www.marinapalamos.com\/wp-content\/uploads\/2025\/12\/SANSISWIM-2025-IMAGEN-BLOG-800x480.png 800w, https:\/\/www.marinapalamos.com\/wp-content\/uploads\/2025\/12\/SANSISWIM-2025-IMAGEN-BLOG-1024x614.png 1024w, https:\/\/www.marinapalamos.com\/wp-content\/uploads\/2025\/12\/SANSISWIM-2025-IMAGEN-BLOG-1200x720.png 1200w, https:\/\/www.marinapalamos.com\/wp-content\/uploads\/2025\/12\/SANSISWIM-2025-IMAGEN-BLOG.png 1500w\" sizes=\"(max-width: 882px) 100vw, 882px\" \/><\/p>\n<\/div><\/div><\/div><div class=\"fusion-layout-column fusion_builder_column fusion-builder-column-1 fusion_builder_column_1_1 1_1 fusion-flex-column\" style=\"--awb-bg-size:cover;--awb-width-large:100%;--awb-margin-top-large:0px;--awb-spacing-right-large:1.92%;--awb-margin-bottom-large:20px;--awb-spacing-left-large:1.92%;--awb-width-medium:100%;--awb-order-medium:0;--awb-spacing-right-medium:1.92%;--awb-spacing-left-medium:1.92%;--awb-width-small:100%;--awb-order-small:0;--awb-spacing-right-small:1.92%;--awb-spacing-left-small:1.92%;\"><div class=\"fusion-column-wrapper fusion-column-has-shadow fusion-flex-justify-content-flex-start fusion-content-layout-column\"><\/div><\/div><\/div><\/div>\n","protected":false},"excerpt":{"rendered":"","protected":false},"author":5,"featured_media":8204,"comment_status":"open","ping_status":"closed","sticky":false,"template":"","format":"standard","meta":{"_acf_changed":false,"footnotes":""},"categories":[70],"tags":[],"class_list":["post-8198","post","type-post","status-publish","format-standard","has-post-thumbnail","hentry","category-blog-en"],"acf":[],"yoast_head":"<!-- This site is optimized with the Yoast SEO plugin v27.5 - https:\/\/yoast.com\/product\/yoast-seo-wordpress\/ -->\n<title>Sansiswim 2025: The last swim of the year - Marina Palam\u00f3s<\/title>\n<meta name=\"description\" content=\"Sansiswim 2025 returns to Marina Palam\u00f3s with the last open-water charity swim of the year. A 1,500 m event supporting Club Nataci\u00f3 Palam\u00f3s.\" \/>\n<meta name=\"robots\" content=\"index, follow, max-snippet:-1, max-image-preview:large, max-video-preview:-1\" \/>\n<link rel=\"canonical\" href=\"https:\/\/www.marinapalamos.com\/en\/sansiswim-2025-the-last-swim-of-the-year\/\" \/>\n<meta property=\"og:locale\" content=\"en_US\" \/>\n<meta property=\"og:type\" content=\"article\" \/>\n<meta property=\"og:title\" content=\"Sansiswim 2025: The last swim of the year - Marina Palam\u00f3s\" \/>\n<meta property=\"og:description\" content=\"Sansiswim 2025 returns to Marina Palam\u00f3s with the last open-water charity swim of the year. A 1,500 m event supporting Club Nataci\u00f3 Palam\u00f3s.\" \/>\n<meta property=\"og:url\" content=\"https:\/\/www.marinapalamos.com\/en\/sansiswim-2025-the-last-swim-of-the-year\/\" \/>\n<meta property=\"og:site_name\" content=\"Marina Palam\u00f3s\" \/>\n<meta property=\"article:published_time\" content=\"2025-12-10T11:45:20+00:00\" \/>\n<meta property=\"article:modified_time\" content=\"2025-12-10T11:45:44+00:00\" \/>\n<meta property=\"og:image\" content=\"https:\/\/www.marinapalamos.com\/wp-content\/uploads\/2025\/12\/SANSISWIM-2025-PORTADA.png\" \/>\n\t<meta property=\"og:image:width\" content=\"500\" \/>\n\t<meta property=\"og:image:height\" content=\"300\" \/>\n\t<meta property=\"og:image:type\" content=\"image\/png\" \/>\n<meta name=\"author\" content=\"Mauricio\" \/>\n<meta name=\"twitter:card\" content=\"summary_large_image\" \/>\n<meta name=\"twitter:label1\" content=\"Written by\" \/>\n\t<meta name=\"twitter:data1\" content=\"Mauricio\" \/>\n\t<meta name=\"twitter:label2\" content=\"Est. reading time\" \/>\n\t<meta name=\"twitter:data2\" content=\"3 minutes\" \/>\n<script type=\"application\/ld+json\" class=\"yoast-schema-graph\">{\"@context\":\"https:\\\/\\\/schema.org\",\"@graph\":[{\"@type\":\"Article\",\"@id\":\"https:\\\/\\\/www.marinapalamos.com\\\/en\\\/sansiswim-2025-the-last-swim-of-the-year\\\/#article\",\"isPartOf\":{\"@id\":\"https:\\\/\\\/www.marinapalamos.com\\\/en\\\/sansiswim-2025-the-last-swim-of-the-year\\\/\"},\"author\":{\"name\":\"Mauricio\",\"@id\":\"https:\\\/\\\/www.marinapalamos.com\\\/#\\\/schema\\\/person\\\/9604bbc17d32ce2823e8ffc3e3efb0f3\"},\"headline\":\"Sansiswim 2025: The last swim of the year\",\"datePublished\":\"2025-12-10T11:45:20+00:00\",\"dateModified\":\"2025-12-10T11:45:44+00:00\",\"mainEntityOfPage\":{\"@id\":\"https:\\\/\\\/www.marinapalamos.com\\\/en\\\/sansiswim-2025-the-last-swim-of-the-year\\\/\"},\"wordCount\":949,\"commentCount\":0,\"image\":{\"@id\":\"https:\\\/\\\/www.marinapalamos.com\\\/en\\\/sansiswim-2025-the-last-swim-of-the-year\\\/#primaryimage\"},\"thumbnailUrl\":\"https:\\\/\\\/www.marinapalamos.com\\\/wp-content\\\/uploads\\\/2025\\\/12\\\/SANSISWIM-2025-PORTADA.png\",\"articleSection\":[\"Blog\"],\"inLanguage\":\"en-US\",\"potentialAction\":[{\"@type\":\"CommentAction\",\"name\":\"Comment\",\"target\":[\"https:\\\/\\\/www.marinapalamos.com\\\/en\\\/sansiswim-2025-the-last-swim-of-the-year\\\/#respond\"]}]},{\"@type\":\"WebPage\",\"@id\":\"https:\\\/\\\/www.marinapalamos.com\\\/en\\\/sansiswim-2025-the-last-swim-of-the-year\\\/\",\"url\":\"https:\\\/\\\/www.marinapalamos.com\\\/en\\\/sansiswim-2025-the-last-swim-of-the-year\\\/\",\"name\":\"Sansiswim 2025: The last swim of the year - Marina Palam\u00f3s\",\"isPartOf\":{\"@id\":\"https:\\\/\\\/www.marinapalamos.com\\\/#website\"},\"primaryImageOfPage\":{\"@id\":\"https:\\\/\\\/www.marinapalamos.com\\\/en\\\/sansiswim-2025-the-last-swim-of-the-year\\\/#primaryimage\"},\"image\":{\"@id\":\"https:\\\/\\\/www.marinapalamos.com\\\/en\\\/sansiswim-2025-the-last-swim-of-the-year\\\/#primaryimage\"},\"thumbnailUrl\":\"https:\\\/\\\/www.marinapalamos.com\\\/wp-content\\\/uploads\\\/2025\\\/12\\\/SANSISWIM-2025-PORTADA.png\",\"datePublished\":\"2025-12-10T11:45:20+00:00\",\"dateModified\":\"2025-12-10T11:45:44+00:00\",\"author\":{\"@id\":\"https:\\\/\\\/www.marinapalamos.com\\\/#\\\/schema\\\/person\\\/9604bbc17d32ce2823e8ffc3e3efb0f3\"},\"description\":\"Sansiswim 2025 returns to Marina Palam\u00f3s with the last open-water charity swim of the year. A 1,500 m event supporting Club Nataci\u00f3 Palam\u00f3s.\",\"breadcrumb\":{\"@id\":\"https:\\\/\\\/www.marinapalamos.com\\\/en\\\/sansiswim-2025-the-last-swim-of-the-year\\\/#breadcrumb\"},\"inLanguage\":\"en-US\",\"potentialAction\":[{\"@type\":\"ReadAction\",\"target\":[\"https:\\\/\\\/www.marinapalamos.com\\\/en\\\/sansiswim-2025-the-last-swim-of-the-year\\\/\"]}]},{\"@type\":\"ImageObject\",\"inLanguage\":\"en-US\",\"@id\":\"https:\\\/\\\/www.marinapalamos.com\\\/en\\\/sansiswim-2025-the-last-swim-of-the-year\\\/#primaryimage\",\"url\":\"https:\\\/\\\/www.marinapalamos.com\\\/wp-content\\\/uploads\\\/2025\\\/12\\\/SANSISWIM-2025-PORTADA.png\",\"contentUrl\":\"https:\\\/\\\/www.marinapalamos.com\\\/wp-content\\\/uploads\\\/2025\\\/12\\\/SANSISWIM-2025-PORTADA.png\",\"width\":500,\"height\":300},{\"@type\":\"BreadcrumbList\",\"@id\":\"https:\\\/\\\/www.marinapalamos.com\\\/en\\\/sansiswim-2025-the-last-swim-of-the-year\\\/#breadcrumb\",\"itemListElement\":[{\"@type\":\"ListItem\",\"position\":1,\"name\":\"Inicio\",\"item\":\"https:\\\/\\\/www.marinapalamos.com\\\/en\\\/\"},{\"@type\":\"ListItem\",\"position\":2,\"name\":\"Sansiswim 2025: The last swim of the year\"}]},{\"@type\":\"WebSite\",\"@id\":\"https:\\\/\\\/www.marinapalamos.com\\\/#website\",\"url\":\"https:\\\/\\\/www.marinapalamos.com\\\/\",\"name\":\"Marina Palam\u00f3s\",\"description\":\"Marina Palam\u00f3s\",\"potentialAction\":[{\"@type\":\"SearchAction\",\"target\":{\"@type\":\"EntryPoint\",\"urlTemplate\":\"https:\\\/\\\/www.marinapalamos.com\\\/?s={search_term_string}\"},\"query-input\":{\"@type\":\"PropertyValueSpecification\",\"valueRequired\":true,\"valueName\":\"search_term_string\"}}],\"inLanguage\":\"en-US\"},{\"@type\":\"Person\",\"@id\":\"https:\\\/\\\/www.marinapalamos.com\\\/#\\\/schema\\\/person\\\/9604bbc17d32ce2823e8ffc3e3efb0f3\",\"name\":\"Mauricio\",\"image\":{\"@type\":\"ImageObject\",\"inLanguage\":\"en-US\",\"@id\":\"https:\\\/\\\/secure.gravatar.com\\\/avatar\\\/66f31716a14ebbbf9d76c4d8a1e5e44ee4b8992044a9034b47ebd0c89cc8c57b?s=96&d=mm&r=g\",\"url\":\"https:\\\/\\\/secure.gravatar.com\\\/avatar\\\/66f31716a14ebbbf9d76c4d8a1e5e44ee4b8992044a9034b47ebd0c89cc8c57b?s=96&d=mm&r=g\",\"contentUrl\":\"https:\\\/\\\/secure.gravatar.com\\\/avatar\\\/66f31716a14ebbbf9d76c4d8a1e5e44ee4b8992044a9034b47ebd0c89cc8c57b?s=96&d=mm&r=g\",\"caption\":\"Mauricio\"},\"url\":\"https:\\\/\\\/www.marinapalamos.com\\\/en\\\/author\\\/mauricio\\\/\"}]}<\/script>\n<!-- \/ Yoast SEO plugin. -->","yoast_head_json":{"title":"Sansiswim 2025: The last swim of the year - Marina Palam\u00f3s","description":"Sansiswim 2025 returns to Marina Palam\u00f3s with the last open-water charity swim of the year. A 1,500 m event supporting Club Nataci\u00f3 Palam\u00f3s.","robots":{"index":"index","follow":"follow","max-snippet":"max-snippet:-1","max-image-preview":"max-image-preview:large","max-video-preview":"max-video-preview:-1"},"canonical":"https:\/\/www.marinapalamos.com\/en\/sansiswim-2025-the-last-swim-of-the-year\/","og_locale":"en_US","og_type":"article","og_title":"Sansiswim 2025: The last swim of the year - Marina Palam\u00f3s","og_description":"Sansiswim 2025 returns to Marina Palam\u00f3s with the last open-water charity swim of the year. A 1,500 m event supporting Club Nataci\u00f3 Palam\u00f3s.","og_url":"https:\/\/www.marinapalamos.com\/en\/sansiswim-2025-the-last-swim-of-the-year\/","og_site_name":"Marina Palam\u00f3s","article_published_time":"2025-12-10T11:45:20+00:00","article_modified_time":"2025-12-10T11:45:44+00:00","og_image":[{"width":500,"height":300,"url":"https:\/\/www.marinapalamos.com\/wp-content\/uploads\/2025\/12\/SANSISWIM-2025-PORTADA.png","type":"image\/png"}],"author":"Mauricio","twitter_card":"summary_large_image","twitter_misc":{"Written by":"Mauricio","Est. reading time":"3 minutes"},"schema":{"@context":"https:\/\/schema.org","@graph":[{"@type":"Article","@id":"https:\/\/www.marinapalamos.com\/en\/sansiswim-2025-the-last-swim-of-the-year\/#article","isPartOf":{"@id":"https:\/\/www.marinapalamos.com\/en\/sansiswim-2025-the-last-swim-of-the-year\/"},"author":{"name":"Mauricio","@id":"https:\/\/www.marinapalamos.com\/#\/schema\/person\/9604bbc17d32ce2823e8ffc3e3efb0f3"},"headline":"Sansiswim 2025: The last swim of the year","datePublished":"2025-12-10T11:45:20+00:00","dateModified":"2025-12-10T11:45:44+00:00","mainEntityOfPage":{"@id":"https:\/\/www.marinapalamos.com\/en\/sansiswim-2025-the-last-swim-of-the-year\/"},"wordCount":949,"commentCount":0,"image":{"@id":"https:\/\/www.marinapalamos.com\/en\/sansiswim-2025-the-last-swim-of-the-year\/#primaryimage"},"thumbnailUrl":"https:\/\/www.marinapalamos.com\/wp-content\/uploads\/2025\/12\/SANSISWIM-2025-PORTADA.png","articleSection":["Blog"],"inLanguage":"en-US","potentialAction":[{"@type":"CommentAction","name":"Comment","target":["https:\/\/www.marinapalamos.com\/en\/sansiswim-2025-the-last-swim-of-the-year\/#respond"]}]},{"@type":"WebPage","@id":"https:\/\/www.marinapalamos.com\/en\/sansiswim-2025-the-last-swim-of-the-year\/","url":"https:\/\/www.marinapalamos.com\/en\/sansiswim-2025-the-last-swim-of-the-year\/","name":"Sansiswim 2025: The last swim of the year - Marina Palam\u00f3s","isPartOf":{"@id":"https:\/\/www.marinapalamos.com\/#website"},"primaryImageOfPage":{"@id":"https:\/\/www.marinapalamos.com\/en\/sansiswim-2025-the-last-swim-of-the-year\/#primaryimage"},"image":{"@id":"https:\/\/www.marinapalamos.com\/en\/sansiswim-2025-the-last-swim-of-the-year\/#primaryimage"},"thumbnailUrl":"https:\/\/www.marinapalamos.com\/wp-content\/uploads\/2025\/12\/SANSISWIM-2025-PORTADA.png","datePublished":"2025-12-10T11:45:20+00:00","dateModified":"2025-12-10T11:45:44+00:00","author":{"@id":"https:\/\/www.marinapalamos.com\/#\/schema\/person\/9604bbc17d32ce2823e8ffc3e3efb0f3"},"description":"Sansiswim 2025 returns to Marina Palam\u00f3s with the last open-water charity swim of the year. A 1,500 m event supporting Club Nataci\u00f3 Palam\u00f3s.","breadcrumb":{"@id":"https:\/\/www.marinapalamos.com\/en\/sansiswim-2025-the-last-swim-of-the-year\/#breadcrumb"},"inLanguage":"en-US","potentialAction":[{"@type":"ReadAction","target":["https:\/\/www.marinapalamos.com\/en\/sansiswim-2025-the-last-swim-of-the-year\/"]}]},{"@type":"ImageObject","inLanguage":"en-US","@id":"https:\/\/www.marinapalamos.com\/en\/sansiswim-2025-the-last-swim-of-the-year\/#primaryimage","url":"https:\/\/www.marinapalamos.com\/wp-content\/uploads\/2025\/12\/SANSISWIM-2025-PORTADA.png","contentUrl":"https:\/\/www.marinapalamos.com\/wp-content\/uploads\/2025\/12\/SANSISWIM-2025-PORTADA.png","width":500,"height":300},{"@type":"BreadcrumbList","@id":"https:\/\/www.marinapalamos.com\/en\/sansiswim-2025-the-last-swim-of-the-year\/#breadcrumb","itemListElement":[{"@type":"ListItem","position":1,"name":"Inicio","item":"https:\/\/www.marinapalamos.com\/en\/"},{"@type":"ListItem","position":2,"name":"Sansiswim 2025: The last swim of the year"}]},{"@type":"WebSite","@id":"https:\/\/www.marinapalamos.com\/#website","url":"https:\/\/www.marinapalamos.com\/","name":"Marina Palam\u00f3s","description":"Marina Palam\u00f3s","potentialAction":[{"@type":"SearchAction","target":{"@type":"EntryPoint","urlTemplate":"https:\/\/www.marinapalamos.com\/?s={search_term_string}"},"query-input":{"@type":"PropertyValueSpecification","valueRequired":true,"valueName":"search_term_string"}}],"inLanguage":"en-US"},{"@type":"Person","@id":"https:\/\/www.marinapalamos.com\/#\/schema\/person\/9604bbc17d32ce2823e8ffc3e3efb0f3","name":"Mauricio","image":{"@type":"ImageObject","inLanguage":"en-US","@id":"https:\/\/secure.gravatar.com\/avatar\/66f31716a14ebbbf9d76c4d8a1e5e44ee4b8992044a9034b47ebd0c89cc8c57b?s=96&d=mm&r=g","url":"https:\/\/secure.gravatar.com\/avatar\/66f31716a14ebbbf9d76c4d8a1e5e44ee4b8992044a9034b47ebd0c89cc8c57b?s=96&d=mm&r=g","contentUrl":"https:\/\/secure.gravatar.com\/avatar\/66f31716a14ebbbf9d76c4d8a1e5e44ee4b8992044a9034b47ebd0c89cc8c57b?s=96&d=mm&r=g","caption":"Mauricio"},"url":"https:\/\/www.marinapalamos.com\/en\/author\/mauricio\/"}]}},"_links":{"self":[{"href":"https:\/\/www.marinapalamos.com\/en\/wp-json\/wp\/v2\/posts\/8198","targetHints":{"allow":["GET"]}}],"collection":[{"href":"https:\/\/www.marinapalamos.com\/en\/wp-json\/wp\/v2\/posts"}],"about":[{"href":"https:\/\/www.marinapalamos.com\/en\/wp-json\/wp\/v2\/types\/post"}],"author":[{"embeddable":true,"href":"https:\/\/www.marinapalamos.com\/en\/wp-json\/wp\/v2\/users\/5"}],"replies":[{"embeddable":true,"href":"https:\/\/www.marinapalamos.com\/en\/wp-json\/wp\/v2\/comments?post=8198"}],"version-history":[{"count":2,"href":"https:\/\/www.marinapalamos.com\/en\/wp-json\/wp\/v2\/posts\/8198\/revisions"}],"predecessor-version":[{"id":8210,"href":"https:\/\/www.marinapalamos.com\/en\/wp-json\/wp\/v2\/posts\/8198\/revisions\/8210"}],"wp:featuredmedia":[{"embeddable":true,"href":"https:\/\/www.marinapalamos.com\/en\/wp-json\/wp\/v2\/media\/8204"}],"wp:attachment":[{"href":"https:\/\/www.marinapalamos.com\/en\/wp-json\/wp\/v2\/media?parent=8198"}],"wp:term":[{"taxonomy":"category","embeddable":true,"href":"https:\/\/www.marinapalamos.com\/en\/wp-json\/wp\/v2\/categories?post=8198"},{"taxonomy":"post_tag","embeddable":true,"href":"https:\/\/www.marinapalamos.com\/en\/wp-json\/wp\/v2\/tags?post=8198"}],"curies":[{"name":"wp","href":"https:\/\/api.w.org\/{rel}","templated":true}]}}